{"id":58724,"date":"2021-02-09T09:30:28","date_gmt":"2021-02-09T08:30:28","guid":{"rendered":"https:\/\/www.fotocasa.es\/fotocasa-life\/?p=58724"},"modified":"2021-02-09T10:51:52","modified_gmt":"2021-02-09T09:51:52","slug":"la-vivienda-una-de-las-mayores-preocupaciones-de-los-europeos","status":"publish","type":"post","link":"https:\/\/www.fotocasa.es\/fotocasa-life\/hipotecas-finanzas\/la-vivienda-una-de-las-mayores-preocupaciones-de-los-europeos\/","title":{"rendered":"La vivienda, una de las mayores preocupaciones de los europeos"},"content":{"rendered":"<p>Fuentes de Europa Press informan de que la <strong>asequibilidad de la vivienda, la precariedad laboral, la desigualdad econ\u00f3mica y los riesgos del cambio clim\u00e1tico son las mayores preocupaciones<\/strong> que los ciudadanos expresaron durante sus encuentros con el Banco Central Europeo (BCE), en el marco de la revisi\u00f3n estrat\u00e9gica de su pol\u00edtica monetaria que la entidad est\u00e1 llevando a cabo.<\/p>\n<p>Este lunes, el BCE ha presentado las conclusiones de los diferentes eventos &#8216;El BCE te escucha&#8217;, as\u00ed como de las respuestas que obtuvo en el portal web que habilit\u00f3 para conocer la opini\u00f3n de los ciudadanos europeos sobre la estabilidad de precios, la econom\u00eda, los retos mundiales y la comunicaci\u00f3n del BCE.<\/p>\n<h2>La p\u00e9rdida de poder adquisitivo, una preocupaci\u00f3n generalizada<\/h2>\n<p>La autoridad monetaria ha detallado que <strong>muchas de las personas consultadas consideraban que los precios hab\u00edan aumentado de manera desproporcionada<\/strong>, pese a que el BCE lleva a\u00f1os sin cumplir con su objetivo de inflaci\u00f3n del 0%. Esto se debe a la percepci\u00f3n de <a href=\"https:\/\/www.fotocasa.es\/fotocasa-life\/compraventa\/conoce-el-precio-de-la-vivienda-en-venta-este-mes\/\">gastos con respecto a alquileres<\/a> e hipotecas y al encarecimiento de los alimentos. En este sentido, la p\u00e9rdida de poder adquisitivo fue una preocupaci\u00f3n generalizada.<\/p>\n<p>De esta forma, el banco central ha indicado que un motivo de preocupaci\u00f3n expresado por los encuestados fue el \u00abtemor\u00bb de que los salarios y las pensiones sigan deterior\u00e1ndose en el futuro.<\/p>\n<p>El BCE tambi\u00e9n ha asegurado que entre las respuestas recibidas se aprecia una \u00abconvicci\u00f3n generalizada\u00bb de que la situaci\u00f3n econ\u00f3mica general se ha deteriorado durante la \u00faltima d\u00e9cada, cit\u00e1ndose como causas principales la fragilidad del modelo econ\u00f3mico, los desaf\u00edos mundiales o la incertidumbre.<\/p>\n<p>Adem\u00e1s, las organizaciones fuera del \u00e1mbito econ\u00f3mico (oeneg\u00e9s, organizaciones sobre cambio clim\u00e1tico, grupos de protecci\u00f3n de consumidores, representantes de los j\u00f3venes y el p\u00fablico en general) solicit\u00f3 al BCE que \u00ab<strong>afronte de forma m\u00e1s adecuada las cuestiones sociales y econ\u00f3micas generales\u00bb<\/strong>, como la promoci\u00f3n del crecimiento econ\u00f3mico, del empleo o la protecci\u00f3n del medio ambiente.<\/p>\n<p>El BCE ha encuestado a m\u00e1s de 4.000 personas durante este proceso. El 76% de los encuestados eran hombres y el 40% eran mayores de 55 a\u00f1os. Adem\u00e1s, el Norte de Europa tambi\u00e9n est\u00e1 sobrerrepresentado. El 27% de los encuestados proced\u00eda de Pa\u00edses Bajos, el 25%, de Alemania, y el 10%, de Francia.<\/p>\n<p>Una parte de los participantes de la encuesta se\u00f1al\u00f3 que el prolongado periodo de bajos tipos de inter\u00e9s, a su juicio, estaba provocando un endeudamiento p\u00fablico excesivo y niveles de deuda insostenible. Adem\u00e1s, parte de los encuestados tambi\u00e9n expres\u00f3 preocupaci\u00f3n porque las compras de activos por el BCE puedan estar creando \u00abburbujas de activos\u00bb.<\/p>\n","protected":false},"excerpt":{"rendered":"<p>Fuentes de Europa Press informan de que la asequibilidad de la vivienda, la precariedad laboral, la desigualdad econ\u00f3mica y los riesgos del cambio clim\u00e1tico son las mayores preocupaciones que los ciudadanos expresaron durante sus encuentros con el Banco Central Europeo (BCE), en el marco de la revisi\u00f3n estrat\u00e9gica de su pol\u00edtica monetaria que la entidad&#8230;<\/p>\n","protected":false},"author":3,"featured_media":58726,"comment_status":"open","ping_status":"closed","sticky":false,"template":"","format":"standard","meta":{"_lmt_disableupdate":"yes","_lmt_disable":"","footnotes":""},"categories":[6],"tags":[323,207],"class_list":["post-58724","post","type-post","status-publish","format-standard","has-post-thumbnail","hentry","category-hipotecas-finanzas","tag-bce","tag-precio-de-la-vivienda"],"modified_by":null,"_links":{"self":[{"href":"https:\/\/www.fotocasa.es\/fotocasa-life\/wp-json\/wp\/v2\/posts\/58724","targetHints":{"allow":["GET"]}}],"collection":[{"href":"https:\/\/www.fotocasa.es\/fotocasa-life\/wp-json\/wp\/v2\/posts"}],"about":[{"href":"https:\/\/www.fotocasa.es\/fotocasa-life\/wp-json\/wp\/v2\/types\/post"}],"author":[{"embeddable":true,"href":"https:\/\/www.fotocasa.es\/fotocasa-life\/wp-json\/wp\/v2\/users\/3"}],"replies":[{"embeddable":true,"href":"https:\/\/www.fotocasa.es\/fotocasa-life\/wp-json\/wp\/v2\/comments?post=58724"}],"version-history":[{"count":0,"href":"https:\/\/www.fotocasa.es\/fotocasa-life\/wp-json\/wp\/v2\/posts\/58724\/revisions"}],"wp:featuredmedia":[{"embeddable":true,"href":"https:\/\/www.fotocasa.es\/fotocasa-life\/wp-json\/wp\/v2\/media\/58726"}],"wp:attachment":[{"href":"https:\/\/www.fotocasa.es\/fotocasa-life\/wp-json\/wp\/v2\/media?parent=58724"}],"wp:term":[{"taxonomy":"category","embeddable":true,"href":"https:\/\/www.fotocasa.es\/fotocasa-life\/wp-json\/wp\/v2\/categories?post=58724"},{"taxonomy":"post_tag","embeddable":true,"href":"https:\/\/www.fotocasa.es\/fotocasa-life\/wp-json\/wp\/v2\/tags?post=58724"}],"curies":[{"name":"wp","href":"https:\/\/api.w.org\/{rel}","templated":true}]}}