{"id":57972,"date":"2021-01-25T10:00:27","date_gmt":"2021-01-25T09:00:27","guid":{"rendered":"https:\/\/www.fotocasa.es\/fotocasa-life\/?p=56417"},"modified":"2021-01-25T13:33:42","modified_gmt":"2021-01-25T12:33:42","slug":"invest-in-cities-reune-ciudades-espanolas-inversores","status":"publish","type":"post","link":"https:\/\/www.fotocasa.es\/fotocasa-life\/hipotecas-finanzas\/invest-in-cities-reune-ciudades-espanolas-inversores\/","title":{"rendered":"La tercera edici\u00f3n de &#8216;Invest in Cities&#8217; re\u00fane a 18 ciudades espa\u00f1olas y 500 inversores internacionales"},"content":{"rendered":"<p>Fuentes de Europa Press informan de que un total de 18 ciudades espa\u00f1olas y m\u00e1s de 500 inversores se han dado cita, en formato virtual, en la<strong> tercera edici\u00f3n de &#8216;Invest in Cities&#8217;, una iniciativa de atracci\u00f3n de inversi\u00f3n a ciudades medias espa\u00f1olas<\/strong>, impulsada por la Confederaci\u00f3n de la Peque\u00f1a y Mediana Empresa (Cepyme) y la consultora de inversi\u00f3n Grupo PGS.<\/p>\n<h2>Alcaldes de varios municipios espa\u00f1oles<\/h2>\n<p>En concreto han sido los alcaldes de Marbella, Granada, Guadalajara, Miranda de Ebro, Sagunt, Puertollano, Benavente, Talavera de la Reina, As Pontes, Lugo, San Juan de Aznalfarache, Martos, Coslada, Pinto, San Javier, Algete y Monz\u00f3n y el presidente de la Diputaci\u00f3n de Guadalajara quienes han acudido al encuentro junto a los inversores y representantes del gobierno.<\/p>\n<p>La secretaria de Estado de Comercio, Xiana Margarida M\u00e9ndez, ha mostrado su apoyo a este encuentro, al que ha calificado como \u00abuna<strong> oportunidad muy interesante para atraer inversi\u00f3n en un momento muy necesario para la reactivaci\u00f3n econ\u00f3mica\u00bb.<\/strong><\/p>\n<p>M\u00e9ndez ha se\u00f1alado que \u00abla accesibilidad de las administraciones locales, regionales y auton\u00f3micas es clave para convencer al potencial inversor de la idoneidad de una ciudad concreta; esa coherencia es especialmente apreciada por los inversores extranjeros que necesitan ver c\u00f3mo cada uno de los niveles prioriza su inversi\u00f3n\u00bb.<\/p>\n<h2>Mayor inversi\u00f3n financiera<\/h2>\n<p>En su alocuci\u00f3n, la secretaria de Estado de Comercio ha recordado adem\u00e1s que, \u00abdesde el segundo trimestre de 2020, se ha observado un <strong>aumento de los flujos de inversi\u00f3n extranjera en Espa\u00f1a y esto nos sit\u00faa en una senda de optimismo reservado y de recuperaci\u00f3n de la inversi\u00f3n<\/strong> que tan importante es para la atracci\u00f3n de talento y el impulso de la riqueza nacional\u00bb.<\/p>\n<p>Las ciudades participantes han presentado ante los asistentes las <strong>oportunidades de inversi\u00f3n y las ventajas competitivas con las que cuentan sus territorios como Ciudades Atractivas para la Inversi\u00f3n.<\/strong> Una inversi\u00f3n, seg\u00fan palabras de M\u00e9ndez, \u00abm\u00e1s necesaria que nunca, pues permitir\u00e1 revitalizar las econom\u00edas locales tras estos duros meses de pandemia\u00bb.<\/p>\n<p>En la inauguraci\u00f3n del acto tambi\u00e9n intervino el presidente de Cepyme, Gerardo Cuerva, quien ha recordado que \u00abentre el 80% y el 90% de la inversi\u00f3n extranjera se localiza en Madrid y Catalu\u00f1a\u00bb, y se\u00f1al\u00f3 que &#8216;Invest in Cities&#8217; contribuye a favorecer la \u00abdeslocalizaci\u00f3n de la inversi\u00f3n\u00bb, afianzando a las empresas de diferentes localidades de Espa\u00f1a.<\/p>\n<p>Por su parte, el presidente de Grupo PGS, Pablo Gimeno, ha destacado \u00abla importancia de apostar por iniciativas como esta para<strong> impulsar el tejido empresarial de los municipios espa\u00f1oles, revitalizar sus territorios y garantizar su crecimiento sostenible<\/strong>; contribuyendo, as\u00ed, a mejorar la econom\u00eda en su conjunto\u00bb.<\/p>\n<h2>\u00abEspa\u00f1a ofrece grandes oportunidades para la inversi\u00f3n; &#8216;Invest in Cities&#8217; es el mejor escaparate para poner en valor la riqueza que esconde nuestro pa\u00eds\u00bb, ha recalcado Gimeno.<\/h2>\n<p>Tras la apertura institucional han tenido lugar distintas mesas redondas en las que numerosos expertos de empresas como Telef\u00f3nica, October Espa\u00f1a, CBR Espa\u00f1a, ID Logistics Iberia, Mapfre, Suma Capital, Envac Iberia, Fi-Group y Borrox Finance han debatido sobre cuestiones como la innovaci\u00f3n, el desarrollo sostenible, la log\u00edstica, las smart cities o la importancia de la colaboraci\u00f3n p\u00fablico-privada para lograr mayor desarrollo econ\u00f3mico.<\/p>\n","protected":false},"excerpt":{"rendered":"<p>Fuentes de Europa Press informan de que un total de 18 ciudades espa\u00f1olas y m\u00e1s de 500 inversores se han dado cita, en formato virtual, en la tercera edici\u00f3n de &#8216;Invest in Cities&#8217;, una iniciativa de atracci\u00f3n de inversi\u00f3n a ciudades medias espa\u00f1olas, impulsada por la Confederaci\u00f3n de la Peque\u00f1a y Mediana Empresa (Cepyme) y&#8230;<\/p>\n","protected":false},"author":3,"featured_media":57985,"comment_status":"open","ping_status":"closed","sticky":false,"template":"","format":"standard","meta":{"_lmt_disableupdate":"yes","_lmt_disable":"","footnotes":""},"categories":[6],"tags":[4145,1290,1277],"class_list":["post-57972","post","type-post","status-publish","format-standard","has-post-thumbnail","hentry","category-hipotecas-finanzas","tag-ciudades","tag-inversion-inmobiliaria","tag-reactivacion-economia"],"modified_by":null,"_links":{"self":[{"href":"https:\/\/www.fotocasa.es\/fotocasa-life\/wp-json\/wp\/v2\/posts\/57972","targetHints":{"allow":["GET"]}}],"collection":[{"href":"https:\/\/www.fotocasa.es\/fotocasa-life\/wp-json\/wp\/v2\/posts"}],"about":[{"href":"https:\/\/www.fotocasa.es\/fotocasa-life\/wp-json\/wp\/v2\/types\/post"}],"author":[{"embeddable":true,"href":"https:\/\/www.fotocasa.es\/fotocasa-life\/wp-json\/wp\/v2\/users\/3"}],"replies":[{"embeddable":true,"href":"https:\/\/www.fotocasa.es\/fotocasa-life\/wp-json\/wp\/v2\/comments?post=57972"}],"version-history":[{"count":0,"href":"https:\/\/www.fotocasa.es\/fotocasa-life\/wp-json\/wp\/v2\/posts\/57972\/revisions"}],"wp:featuredmedia":[{"embeddable":true,"href":"https:\/\/www.fotocasa.es\/fotocasa-life\/wp-json\/wp\/v2\/media\/57985"}],"wp:attachment":[{"href":"https:\/\/www.fotocasa.es\/fotocasa-life\/wp-json\/wp\/v2\/media?parent=57972"}],"wp:term":[{"taxonomy":"category","embeddable":true,"href":"https:\/\/www.fotocasa.es\/fotocasa-life\/wp-json\/wp\/v2\/categories?post=57972"},{"taxonomy":"post_tag","embeddable":true,"href":"https:\/\/www.fotocasa.es\/fotocasa-life\/wp-json\/wp\/v2\/tags?post=57972"}],"curies":[{"name":"wp","href":"https:\/\/api.w.org\/{rel}","templated":true}]}}