{"id":57832,"date":"2021-01-19T09:00:56","date_gmt":"2021-01-19T08:00:56","guid":{"rendered":"https:\/\/www.fotocasa.es\/fotocasa-life\/?p=56090"},"modified":"2021-01-22T14:41:04","modified_gmt":"2021-01-22T13:41:04","slug":"moratorias-hipotecarias-podran-solicitar-hasta-marzo","status":"publish","type":"post","link":"https:\/\/www.fotocasa.es\/fotocasa-life\/hipotecas-finanzas\/moratorias-hipotecarias-podran-solicitar-hasta-marzo\/","title":{"rendered":"Las moratorias hipotecarias se podr\u00e1n solicitar hasta el 31 de marzo, seg\u00fan Calvi\u00f1o"},"content":{"rendered":"<p>Fuentes de Europa Press informan de que la vicepresidenta de Asuntos Econ\u00f3micos, Nadia Calvi\u00f1o, ha asegurado este lunes que el Gobierno aprobar\u00e1 \u00aben breve\u00bb una medida para permitir que las familias espa\u00f1olas puedan <strong>solicitar hasta el pr\u00f3ximo 31 de marzo moratorias en el pago de sus hipotecas y de cr\u00e9ditos al consumo.<\/strong><\/p>\n<p>\u00abEstamos trabajando en una<strong> extensi\u00f3n del mecanismo de expedientes de regulaci\u00f3n de empleo (ERTE).<\/strong> Igualmente, aprobaremos en breve la extensi\u00f3n de las moratorias de cr\u00e9ditos hipotecarios y no hipotecarios hasta el 31 de marzo, en l\u00ednea con el marco europeo recientemente aprobado\u00bb, ha explicado.<\/p>\n<h2>La moratoria hipotecaria se puso en marcha el a\u00f1o pasado<\/h2>\n<p>El Gobierno ya puso en marcha la<strong> moratoria hipotecaria y la moratoria de cr\u00e9ditos al consumo al inicio de la pandemia<\/strong> para aliviar la carga de las familias m\u00e1s afectadas por el par\u00f3n en la actividad econ\u00f3mica. <strong>En julio las extendi\u00f3<\/strong> para que pudieran solicitarse hasta el 29 de septiembre de 2020.<\/p>\n<p>En las \u00faltimas fechas, Unidas Podemos ha reclamado al PSOE que se recuperaran algunas de las medidas que finalizaron el pasado septiembre, como precisamente las <strong>moratorias para cr\u00e9ditos hipotecarios y no hipotecarios<\/strong>, para hacer frente a las consecuencias sociales y econ\u00f3micas que provocar\u00e1 la tercera ola del virus.<\/p>\n<p>Calvi\u00f1o ha hecho estas declaraciones a los medios antes de participar en una reuni\u00f3n por videoconferencia de los ministros de Econom\u00eda y Finanzas de la zona euro (Eurogrupo) en el que los Diecinueve debatir\u00e1n entre otras cuestiones las medidas que han desplegado para hacer frente a la crisis provocada por la pandemia de coronavirus.<\/p>\n","protected":false},"excerpt":{"rendered":"<p>Fuentes de Europa Press informan de que la vicepresidenta de Asuntos Econ\u00f3micos, Nadia Calvi\u00f1o, ha asegurado este lunes que el Gobierno aprobar\u00e1 \u00aben breve\u00bb una medida para permitir que las familias espa\u00f1olas puedan solicitar hasta el pr\u00f3ximo 31 de marzo moratorias en el pago de sus hipotecas y de cr\u00e9ditos al consumo. \u00abEstamos trabajando en&#8230;<\/p>\n","protected":false},"author":3,"featured_media":57893,"comment_status":"open","ping_status":"closed","sticky":false,"template":"","format":"standard","meta":{"_lmt_disableupdate":"yes","_lmt_disable":"","footnotes":""},"categories":[6],"tags":[3814,1020,449,1102],"class_list":["post-57832","post","type-post","status-publish","format-standard","has-post-thumbnail","hentry","category-hipotecas-finanzas","tag-coronavirus","tag-economia-espanola","tag-gobierno-de-espana","tag-moratoria-hipotecaria"],"modified_by":null,"_links":{"self":[{"href":"https:\/\/www.fotocasa.es\/fotocasa-life\/wp-json\/wp\/v2\/posts\/57832","targetHints":{"allow":["GET"]}}],"collection":[{"href":"https:\/\/www.fotocasa.es\/fotocasa-life\/wp-json\/wp\/v2\/posts"}],"about":[{"href":"https:\/\/www.fotocasa.es\/fotocasa-life\/wp-json\/wp\/v2\/types\/post"}],"author":[{"embeddable":true,"href":"https:\/\/www.fotocasa.es\/fotocasa-life\/wp-json\/wp\/v2\/users\/3"}],"replies":[{"embeddable":true,"href":"https:\/\/www.fotocasa.es\/fotocasa-life\/wp-json\/wp\/v2\/comments?post=57832"}],"version-history":[{"count":0,"href":"https:\/\/www.fotocasa.es\/fotocasa-life\/wp-json\/wp\/v2\/posts\/57832\/revisions"}],"wp:featuredmedia":[{"embeddable":true,"href":"https:\/\/www.fotocasa.es\/fotocasa-life\/wp-json\/wp\/v2\/media\/57893"}],"wp:attachment":[{"href":"https:\/\/www.fotocasa.es\/fotocasa-life\/wp-json\/wp\/v2\/media?parent=57832"}],"wp:term":[{"taxonomy":"category","embeddable":true,"href":"https:\/\/www.fotocasa.es\/fotocasa-life\/wp-json\/wp\/v2\/categories?post=57832"},{"taxonomy":"post_tag","embeddable":true,"href":"https:\/\/www.fotocasa.es\/fotocasa-life\/wp-json\/wp\/v2\/tags?post=57832"}],"curies":[{"name":"wp","href":"https:\/\/api.w.org\/{rel}","templated":true}]}}