{"id":57824,"date":"2021-01-18T09:31:49","date_gmt":"2021-01-18T08:31:49","guid":{"rendered":"https:\/\/www.fotocasa.es\/fotocasa-life\/?p=56060"},"modified":"2021-01-20T11:17:27","modified_gmt":"2021-01-20T10:17:27","slug":"agencia-tributaria-modifica-su-estructura","status":"publish","type":"post","link":"https:\/\/www.fotocasa.es\/fotocasa-life\/hipotecas-finanzas\/agencia-tributaria-modifica-su-estructura\/","title":{"rendered":"La Agencia Tributaria modifica su estructura"},"content":{"rendered":"<p>Fuentes de Europa Press informan de que el Ministerio de Hacienda ha publicado varias \u00f3rdenes en materia de estructura y organizaci\u00f3n de la Agencia Tributaria para avanzar en el proceso de<strong> regionalizaci\u00f3n y nacionalizaci\u00f3n de determinadas funciones y competencias<\/strong> con el fin de reforzar la eficiencia de las actuaciones del organismo, as\u00ed como para mejorar los servicios de informaci\u00f3n y para la creaci\u00f3n de las administraciones de asistencia digital integral.<\/p>\n<p>En concreto, las \u00f3rdenes publicadas en el Bolet\u00edn Oficial del Estado (BOE) en los \u00faltimos d\u00edas recogen la revisi\u00f3n y actualizaci\u00f3n de una serie de \u00f3rdenes en materia de estructura y organizaci\u00f3n de la Agencia Tributaria, con su desarrollo en diversas \u00f3rdenes de la AEAT.<\/p>\n<h2>Plan estrat\u00e9gico de la Agencia Tributaria 2020-2023<\/h2>\n<p>El Plan Estrat\u00e9gico de la Agencia Tributaria 2020-2023 incluye la necesidad de avanzar en el proceso ya iniciado de regionalizaci\u00f3n y nacionalizaci\u00f3n de determinadas funciones y competencias para <strong>reforzar la eficiencia de las actuaciones de la Agencia.<\/strong><\/p>\n<p>Asimismo, se introducen las modificaciones de estructura vinculadas con uno de los proyectos m\u00e1s relevantes incluidos en el Plan Estrat\u00e9gico, la<strong> creaci\u00f3n de las Administraciones de Asistencia Digital Integral (las &#8216;ADI&#8217;)<\/strong> con las que se desarrollar\u00e1 un nuevo <strong>modelo de asistencia basado en canales no presenciales<\/strong>, complementario del presencial tradicional, que permitir\u00e1 una mejor atenci\u00f3n al contribuyente \u00abm\u00e1s \u00e1gil, sencilla y de calidad\u00bb.<\/p>\n<p>Estas administraciones de nueva creaci\u00f3n se convierten en una nueva categor\u00eda de administraciones, dado que realizar\u00e1n sus actuaciones respecto de contribuyentes de todo el <strong>\u00e1mbito nacional sin que, por tanto, proceda asignarles un \u00e1mbito geogr\u00e1fico espec\u00edfico.<\/strong><\/p>\n<p>Esa nueva categor\u00eda de administraciones exige modificar el conjunto de disposiciones en las que se recoge la organizaci\u00f3n de la Agencia Tributaria.<\/p>\n<h2>Modificaci\u00f3n de las disposiciones de la organizaci\u00f3n<\/h2>\n<p>Asimismo, se considera oportuno abordar una<strong> actualizaci\u00f3n de la orden de 2 de junio de 1994 con el fin de incorporar en su texto la actuaci\u00f3n de los \u00f3rganos de la Agencia Tributaria<\/strong> con el \u00e1mbito territorial de competencia correspondiente a la Delegaci\u00f3n Especial en la que se integra cada \u00f3rgano, con independencia de la sede en la que este se sit\u00faa.<\/p>\n<p>Como consecuencia de ello, <strong>se elimina la menci\u00f3n a un \u00e1mbito territorial espec\u00edfico<\/strong> de las Administraciones de la Agencia Tributaria y de las administraciones de Aduanas e Impuestos Especiales. En consonancia,<strong> se realiza tambi\u00e9n una modificaci\u00f3n que hace depender los diferentes tipos de administraciones de las Delegaciones Especiales.<\/strong><\/p>\n<p>Igualmente, se introduce una modificaci\u00f3n t\u00e9cnica que afecta a las competencias del titular del Servicio de Planificaci\u00f3n y Relaciones Institucionales en relaci\u00f3n con la <strong>adscripci\u00f3n y desadscripci\u00f3n de los contribuyentes a la Delegaci\u00f3n Central de Grandes Contribuyentes.<\/strong><\/p>\n<p>De este Servicio depender\u00e1n la Subdirecci\u00f3n General de Organizaci\u00f3n y Coordinaci\u00f3n, la Subdirecci\u00f3n General de Planificaci\u00f3n y Programaci\u00f3n y la Subdirecci\u00f3n General de Comunicaci\u00f3n Externa.<\/p>\n<p>Asimismo, se ampl\u00edan las competencias del Servicio de Estudios Tributarios, y <strong>Estad\u00edsticas tendr\u00e1 a su cargo la presupuestaci\u00f3n y la previsi\u00f3n a medio plazo no solo de los ingresos tributarios, sino tambi\u00e9n de los no tributarios y otros ingresos p\u00fablicos.<\/strong><\/p>\n<h2>Se nacionalizan las competencias<\/h2>\n<p>Conforme a las resoluciones publicadas, se procede a la<strong> nacionalizaci\u00f3n de ciertas competencias<\/strong> en las \u00e1reas de Gesti\u00f3n Tributaria, Recaudaci\u00f3n y Aduanas e Impuestos Especiales.<\/p>\n<p>En detalle, en gesti\u00f3n tributaria de acuerdo con Orden PCM\/3\/2021, de 11 de enero, <strong>se nacionaliza la comprobaci\u00f3n del Impuesto sobre el Patrimonio por obligaci\u00f3n real<\/strong> (los no residentes en Espa\u00f1a que tengan bienes o derechos en el pa\u00eds a efectos del impuesto), medida con la que se busca conseguir una mayor operatividad en las actuaciones.<\/p>\n<p><strong>En recaudaci\u00f3n se crear\u00e1n el Equipo Nacional de Enajenaciones<\/strong>, al objeto de reforzar la homogeneidad de las actuaciones, <strong>y el Equipo Nacional de embargos<\/strong> de dinero en cuentas abiertas en entidades de cr\u00e9dito y de embargos de cr\u00e9ditos vinculados a terminales de punto de venta (TPV) y la Unidad Nacional de Actuaciones.<\/p>\n<p>Con ello se pretende <strong>crear una unidad especializada en cada uno de estos \u00e1mbitos para ganar en seguridad jur\u00eddica<\/strong>, homogeneidad de criterio, agilidad, operatividad y especializaci\u00f3n. Estos \u00f3rganos desarrollar\u00e1n sus competencias en el \u00e1mbito nacional.<\/p>\n<h2>Creaci\u00f3n de la oficina de gesti\u00f3n de aduanas e impuestos especiales<\/h2>\n<p>Del mismo modo, de acuerdo con otra orden en materia de recaudaci\u00f3n, se introducen como competencias del \u00e1rea las relativas al an\u00e1lisis de riesgos mediante herramientas inform\u00e1ticas y la selecci\u00f3n de deudores, con el fin de concentrar esa labor, facilitando que<strong> las delegaciones especiales se dediquen a las actuaciones de control recaudatorio espec\u00edficas en cada expediente.<\/strong><\/p>\n<p>Por \u00faltimo, en Aduanas e Impuestos Especiales, tras haberse atribuido, en virtud de otra orden, la competencia en materia de autorizaciones aduaneras a un \u00f3rgano central cuando en la autorizaci\u00f3n tenga que intervenir otro u otros Estados miembros, conforme a una resoluci\u00f3n se constituye un <strong>\u00f3rgano dependiente del titular del \u00e1rea<\/strong>, con la denominaci\u00f3n Oficina Nacional de Gesti\u00f3n de Aduanas e Impuestos Especiales, en el que se integran esta competencia y las previstas en relaci\u00f3n con los Impuestos Especiales con ello se persigue<strong> ganar en flexibilidad y operatividad.<\/strong><\/p>\n","protected":false},"excerpt":{"rendered":"<p>Fuentes de Europa Press informan de que el Ministerio de Hacienda ha publicado varias \u00f3rdenes en materia de estructura y organizaci\u00f3n de la Agencia Tributaria para avanzar en el proceso de regionalizaci\u00f3n y nacionalizaci\u00f3n de determinadas funciones y competencias con el fin de reforzar la eficiencia de las actuaciones del organismo, as\u00ed como para mejorar&#8230;<\/p>\n","protected":false},"author":3,"featured_media":57883,"comment_status":"open","ping_status":"closed","sticky":false,"template":"","format":"standard","meta":{"_lmt_disableupdate":"yes","_lmt_disable":"","footnotes":""},"categories":[6],"tags":[4292,288,988],"class_list":["post-57824","post","type-post","status-publish","format-standard","has-post-thumbnail","hentry","category-hipotecas-finanzas","tag-digitalizacion","tag-impuestos","tag-ministerio-de-hacienda"],"modified_by":null,"_links":{"self":[{"href":"https:\/\/www.fotocasa.es\/fotocasa-life\/wp-json\/wp\/v2\/posts\/57824","targetHints":{"allow":["GET"]}}],"collection":[{"href":"https:\/\/www.fotocasa.es\/fotocasa-life\/wp-json\/wp\/v2\/posts"}],"about":[{"href":"https:\/\/www.fotocasa.es\/fotocasa-life\/wp-json\/wp\/v2\/types\/post"}],"author":[{"embeddable":true,"href":"https:\/\/www.fotocasa.es\/fotocasa-life\/wp-json\/wp\/v2\/users\/3"}],"replies":[{"embeddable":true,"href":"https:\/\/www.fotocasa.es\/fotocasa-life\/wp-json\/wp\/v2\/comments?post=57824"}],"version-history":[{"count":0,"href":"https:\/\/www.fotocasa.es\/fotocasa-life\/wp-json\/wp\/v2\/posts\/57824\/revisions"}],"wp:featuredmedia":[{"embeddable":true,"href":"https:\/\/www.fotocasa.es\/fotocasa-life\/wp-json\/wp\/v2\/media\/57883"}],"wp:attachment":[{"href":"https:\/\/www.fotocasa.es\/fotocasa-life\/wp-json\/wp\/v2\/media?parent=57824"}],"wp:term":[{"taxonomy":"category","embeddable":true,"href":"https:\/\/www.fotocasa.es\/fotocasa-life\/wp-json\/wp\/v2\/categories?post=57824"},{"taxonomy":"post_tag","embeddable":true,"href":"https:\/\/www.fotocasa.es\/fotocasa-life\/wp-json\/wp\/v2\/tags?post=57824"}],"curies":[{"name":"wp","href":"https:\/\/api.w.org\/{rel}","templated":true}]}}