{"id":57805,"date":"2020-01-19T08:00:48","date_gmt":"2020-01-19T07:00:48","guid":{"rendered":"https:\/\/www.fotocasa.es\/fotocasa-life\/?p=49480"},"modified":"2026-04-14T10:00:00","modified_gmt":"2026-04-14T08:00:00","slug":"conoce-el-precio-de-la-vivienda-en-alquiler-en-tu-zona","status":"publish","type":"post","link":"https:\/\/www.fotocasa.es\/fotocasa-life\/alquiler\/conoce-el-precio-de-la-vivienda-en-alquiler-en-tu-zona\/","title":{"rendered":"\u00bfCu\u00e1nto cuesta alquilar un piso en Espa\u00f1a?"},"content":{"rendered":"<table class=\"table table-striped table-color-200\">\n<tbody>\n<tr>\n<td>\n<ul>\n<li style=\"font-weight: 400;\"><span style=\"font-weight: 400;\">El precio medio de alquilar un piso en Espa\u00f1a es de 14,78\u20ac\/m2, lo que hace que un piso de 80m2 cueste de media 1.182\u20ac\/mes en marzo de 2026<\/span><\/li>\n<li style=\"font-weight: 400;\"><span style=\"font-weight: 400;\">Cantabria, Arag\u00f3n y Madrid con las comunidades aut\u00f3nomas donde m\u00e1s ha subido el precio del alquiler en marzo de 2026\u00a0<\/span><\/li>\n<li><span style=\"font-weight: 400;\">En marzo el precio de la vivienda en alquiler en Espa\u00f1a sube un 9,1% con respecto al a\u00f1o pasado<\/span><\/li>\n<\/ul>\n<\/td>\n<\/tr>\n<\/tbody>\n<\/table>\n<p>En los primeros tres meses, Espa\u00f1a ha experimentado variaciones positivas en el precio trimestral de la vivienda en alquiler, pero en concreto, <strong>cierra el primer trimestre del a\u00f1o 2026 con un incremento trimestral del 4% y un interanual del 9,1%<\/strong>, seg\u00fan los datos del \u00cdndice Inmobiliario Fotocasa. Estos incrementos detectados en marzo sit\u00faan el precio de la vivienda en alquiler en <strong>14,78 euros por metro cuadrado al mes<\/strong>, encadenando as\u00ed cuatro a\u00f1os en m\u00e1ximos para este periodo del a\u00f1o, lo que significa que <strong>alquilar un piso de 80m2 cuesta de media 1.182 euros mensuales<\/strong> de acuerdo con los datos publicados en abril de 2026.<\/p>\n","protected":false},"excerpt":{"rendered":"<p>En marzo el precio interanual de la vivienda en alquiler en Espa\u00f1a sube un 9,1% y sit\u00faa su precio en 14,78 euros\/m2 al mes<\/p>\n","protected":false},"author":3,"featured_media":101400,"comment_status":"open","ping_status":"closed","sticky":false,"template":"","format":"standard","meta":{"_lmt_disableupdate":"yes","_lmt_disable":"","footnotes":""},"categories":[2],"tags":[4489,1859,4129,4272,5760,5392,2573,761,2418,4092,209,5491,6739,1581],"class_list":["post-57805","post","type-post","status-publish","format-standard","has-post-thumbnail","hentry","category-alquiler","tag-alquilar","tag-alquiler","tag-alquiler-casa","tag-alquiler-pisos","tag-indice-de-precios-alquiler","tag-indice-precios-alquiler","tag-mercado-de-alquiler","tag-mercado-del-alquiler","tag-precio-alquiler","tag-precio-alquiler-viviendas","tag-precio-del-alquiler","tag-presupuesto-alquiler","tag-quiero-alquilar","tag-renta-del-alquiler"],"modified_by":"Jessica Llavero","_links":{"self":[{"href":"https:\/\/www.fotocasa.es\/fotocasa-life\/wp-json\/wp\/v2\/posts\/57805","targetHints":{"allow":["GET"]}}],"collection":[{"href":"https:\/\/www.fotocasa.es\/fotocasa-life\/wp-json\/wp\/v2\/posts"}],"about":[{"href":"https:\/\/www.fotocasa.es\/fotocasa-life\/wp-json\/wp\/v2\/types\/post"}],"author":[{"embeddable":true,"href":"https:\/\/www.fotocasa.es\/fotocasa-life\/wp-json\/wp\/v2\/users\/3"}],"replies":[{"embeddable":true,"href":"https:\/\/www.fotocasa.es\/fotocasa-life\/wp-json\/wp\/v2\/comments?post=57805"}],"version-history":[{"count":0,"href":"https:\/\/www.fotocasa.es\/fotocasa-life\/wp-json\/wp\/v2\/posts\/57805\/revisions"}],"wp:featuredmedia":[{"embeddable":true,"href":"https:\/\/www.fotocasa.es\/fotocasa-life\/wp-json\/wp\/v2\/media\/101400"}],"wp:attachment":[{"href":"https:\/\/www.fotocasa.es\/fotocasa-life\/wp-json\/wp\/v2\/media?parent=57805"}],"wp:term":[{"taxonomy":"category","embeddable":true,"href":"https:\/\/www.fotocasa.es\/fotocasa-life\/wp-json\/wp\/v2\/categories?post=57805"},{"taxonomy":"post_tag","embeddable":true,"href":"https:\/\/www.fotocasa.es\/fotocasa-life\/wp-json\/wp\/v2\/tags?post=57805"}],"curies":[{"name":"wp","href":"https:\/\/api.w.org\/{rel}","templated":true}]}}