{"id":57711,"date":"2021-01-04T12:47:22","date_gmt":"2021-01-04T11:47:22","guid":{"rendered":"https:\/\/www.fotocasa.es\/fotocasa-life\/?p=55716"},"modified":"2021-01-11T09:40:55","modified_gmt":"2021-01-11T08:40:55","slug":"funcas-preve-una-tasa-de-ahorro-elevada","status":"publish","type":"post","link":"https:\/\/www.fotocasa.es\/fotocasa-life\/hipotecas-finanzas\/funcas-preve-una-tasa-de-ahorro-elevada\/","title":{"rendered":"Funcas prev\u00e9 una tasa de ahorro elevada"},"content":{"rendered":"<p>Seg\u00fan informa Europa Press, Funcas ha indicado este lunes que aunque es muy probable que en los trimestres posteriores al segundo trimestre la tasa de ahorro haya descendido, ya que los negocios reabrieron y los ciudadanos recuperaron su movilidad, esta se mantendr\u00e1 <strong>en niveles m\u00e1s elevados que antes de la pandemia<\/strong>.<\/p>\n<p>La economista senior de Funcas, Mar\u00eda Jes\u00fas Fern\u00e1ndez, ha asegurado que, al igual que sucedi\u00f3 en la crisis de 2009, el ahorro es \u00abprecautorio o del miedo\u00bb.<\/p>\n<p>\u00ab<strong>Este tipo de ahorro es el generado voluntariamente ante la incertidumbre<\/strong> y la destrucci\u00f3n de empleo derivada de la prolongaci\u00f3n de la crisis\u00bb, ha explicado en un comunicado, tras apuntar que podr\u00eda a\u00f1adirse una nueva modalidad de ahorro, la que resulta de la restricci\u00f3n voluntaria de las salidas y de las relaciones sociales por miedo a contagiarse del Covid.<\/p>\n<p>El servicio de estudios ha elegido la <strong>tasa de ahorro<\/strong> registrada en el segundo trimestre del a\u00f1o, que <strong>alcanz\u00f3 el 22,5% de la renta disponible<\/strong>, como \u00abel dato del a\u00f1o\u00bb, seg\u00fan ha apuntado en un comunicado.<\/p>\n<p>As\u00ed, ha explicado que, antes de la actual crisis, el m\u00e1ximo de la tasa de ahorro se hab\u00eda situado en el 12,1% y que el valor medio entre 1999 y 2019 hab\u00eda sido del 8,2%.<\/p>\n<h2>Ahorro forzoso<\/h2>\n<p>La economista senior de Funcas ha afirmado que el ahorro <strong>en el segundo trimestre del a\u00f1o fue, \u00abfundamentalmente un ahorro forzoso\u00bb<\/strong>, resultado de la imposibilidad de consumir por el confinamiento y el cierre de numerosas actividades econ\u00f3micas, y no se debi\u00f3 \u00aba una decisi\u00f3n deliberada de los ciudadanos de contener su gasto\u00bb.<\/p>\n<p>\u00abMuchas personas sufrieron una reducci\u00f3n dr\u00e1stica de sus ingresos y perdieron toda la capacidad de ahorro, pero la mayor parte mantuvo su puesto de trabajo y sus ingresos, lo que explica el incremento sin precedentes del ahorro familiar\u00bb, ha dicho.<\/p>\n<p>Fern\u00e1ndez ha remarcado que la cifra de la tasa de ahorro del segundo trimestre \u00abresume como ninguna otra, desde el punto de vista econ\u00f3mico, la extraordinaria y dram\u00e1tica situaci\u00f3n vivida durante este periodo\u00bb.<\/p>\n","protected":false},"excerpt":{"rendered":"<p>Seg\u00fan informa Europa Press, Funcas ha indicado este lunes que aunque es muy probable que en los trimestres posteriores al segundo trimestre la tasa de ahorro haya descendido, ya que los negocios reabrieron y los ciudadanos recuperaron su movilidad, esta se mantendr\u00e1 en niveles m\u00e1s elevados que antes de la pandemia. La economista senior de&#8230;<\/p>\n","protected":false},"author":3,"featured_media":57746,"comment_status":"open","ping_status":"closed","sticky":false,"template":"","format":"standard","meta":{"_lmt_disableupdate":"yes","_lmt_disable":"","footnotes":""},"categories":[6],"tags":[15,3814],"class_list":["post-57711","post","type-post","status-publish","format-standard","has-post-thumbnail","hentry","category-hipotecas-finanzas","tag-ahorro","tag-coronavirus"],"modified_by":null,"_links":{"self":[{"href":"https:\/\/www.fotocasa.es\/fotocasa-life\/wp-json\/wp\/v2\/posts\/57711","targetHints":{"allow":["GET"]}}],"collection":[{"href":"https:\/\/www.fotocasa.es\/fotocasa-life\/wp-json\/wp\/v2\/posts"}],"about":[{"href":"https:\/\/www.fotocasa.es\/fotocasa-life\/wp-json\/wp\/v2\/types\/post"}],"author":[{"embeddable":true,"href":"https:\/\/www.fotocasa.es\/fotocasa-life\/wp-json\/wp\/v2\/users\/3"}],"replies":[{"embeddable":true,"href":"https:\/\/www.fotocasa.es\/fotocasa-life\/wp-json\/wp\/v2\/comments?post=57711"}],"version-history":[{"count":0,"href":"https:\/\/www.fotocasa.es\/fotocasa-life\/wp-json\/wp\/v2\/posts\/57711\/revisions"}],"wp:featuredmedia":[{"embeddable":true,"href":"https:\/\/www.fotocasa.es\/fotocasa-life\/wp-json\/wp\/v2\/media\/57746"}],"wp:attachment":[{"href":"https:\/\/www.fotocasa.es\/fotocasa-life\/wp-json\/wp\/v2\/media?parent=57711"}],"wp:term":[{"taxonomy":"category","embeddable":true,"href":"https:\/\/www.fotocasa.es\/fotocasa-life\/wp-json\/wp\/v2\/categories?post=57711"},{"taxonomy":"post_tag","embeddable":true,"href":"https:\/\/www.fotocasa.es\/fotocasa-life\/wp-json\/wp\/v2\/tags?post=57711"}],"curies":[{"name":"wp","href":"https:\/\/api.w.org\/{rel}","templated":true}]}}