{"id":57607,"date":"2020-12-22T13:30:56","date_gmt":"2020-12-22T12:30:56","guid":{"rendered":"https:\/\/www.fotocasa.es\/fotocasa-life\/?p=55501"},"modified":"2020-12-30T14:01:28","modified_gmt":"2020-12-30T13:01:28","slug":"caixabank-y-la-fundacion-asprima-renuevan-su-acuerdo","status":"publish","type":"post","link":"https:\/\/www.fotocasa.es\/fotocasa-life\/hipotecas-finanzas\/caixabank-y-la-fundacion-asprima-renuevan-su-acuerdo\/","title":{"rendered":"CaixaBank y la Fundaci\u00f3n Asprima renuevan su acuerdo para apoyar al sector inmobiliario"},"content":{"rendered":"<p>Fuentes de Europa Press informan de que <strong>CaixaBank ha renovado su acuerdo de colaboraci\u00f3n con la Fundaci\u00f3n de la Asociaci\u00f3n de Promotores Inmobiliarios de Madrid (Asprima)<\/strong> para apoyar al sector inmobiliario, seg\u00fan han se\u00f1alado en un comunicado.<\/p>\n<p>El director ejecutivo de banca de empresas de <a href=\"https:\/\/www.fotocasa.es\/fotocasa-life\/hipotecas-finanzas\/los-ratings-de-bankia-y-caixabank-se-mantienen-sin-tener-en-cuenta-la-fusion\/\">CaixaBank<\/a>, Luis Cabanas, y el presidente de la Fundaci\u00f3n Asprima, Juan Antonio G\u00f3mez-Pintado, han firmado este martes la renovaci\u00f3n del acuerdo de colaboraci\u00f3n entre ambas entidades.<\/p>\n<h2>Apoyo al sector inmobiliario<\/h2>\n<p>El convenio establece que <strong>la entidad bancaria patrocinar\u00e1 la sexta edici\u00f3n del evento Encuentros de Financiaci\u00f3n Inmobiliaria de Madrid (Efimad)<\/strong>, que se celebrar\u00e1 el 18 de febrero de 2021 de forma telem\u00e1tica. Seg\u00fan Asprima, \u00abesta es una de las citas claves de a\u00f1o para el sector inmobiliario\u00bb.<\/p>\n<p>Cabanas ha asegurado que \u00abeste a\u00f1o, m\u00e1s que nunca, sigue apoyando al sector de la promoci\u00f3n inmobiliaria, que es uno de los que m\u00e1s va a ayudar en la recuperaci\u00f3n econ\u00f3mica del pa\u00eds. Queremos seguir siendo, adem\u00e1s, un agente colaborador en la <strong>mejora en los \u00e1mbitos de sostenibilidad y medioambiente para el mundo de la construcci\u00f3n y de la promoci\u00f3n<\/strong>. Hemos estado, estamos y estaremos comprometidos con este sector\u00bb, ha a\u00f1adido.<\/p>\n<p>Por su parte, G\u00f3mez-Pintado ha resaltado que la renovaci\u00f3n de este acuerdo es \u00ab<strong>una apuesta clara por el sector inmobiliario<\/strong>, especialmente en este a\u00f1o, y para Fundaci\u00f3n Asprima resulta fundamental contar con el respaldo de una entidad como CaixaBank, para poder seguir formando a los profesionales del sector\u00bb.<\/p>\n<p>\u00abNo me cabe duda, de que con esta firma, podemos seguir invirtiendo en las personas y en la profesionalizaci\u00f3n de nuestra industria, y siendo un referente a trav\u00e9s de la celebraci\u00f3n de nuestro encuentro anual Efimad\u00bb, ha dicho.<\/p>\n","protected":false},"excerpt":{"rendered":"<p>Fuentes de Europa Press informan de que CaixaBank ha renovado su acuerdo de colaboraci\u00f3n con la Fundaci\u00f3n de la Asociaci\u00f3n de Promotores Inmobiliarios de Madrid (Asprima) para apoyar al sector inmobiliario, seg\u00fan han se\u00f1alado en un comunicado. El director ejecutivo de banca de empresas de CaixaBank, Luis Cabanas, y el presidente de la Fundaci\u00f3n Asprima,&#8230;<\/p>\n","protected":false},"author":3,"featured_media":57664,"comment_status":"open","ping_status":"closed","sticky":false,"template":"","format":"standard","meta":{"_lmt_disableupdate":"yes","_lmt_disable":"","footnotes":""},"categories":[6],"tags":[4304,245],"class_list":["post-57607","post","type-post","status-publish","format-standard","has-post-thumbnail","hentry","category-hipotecas-finanzas","tag-acuerdo","tag-sector-inmobiliario"],"modified_by":null,"_links":{"self":[{"href":"https:\/\/www.fotocasa.es\/fotocasa-life\/wp-json\/wp\/v2\/posts\/57607","targetHints":{"allow":["GET"]}}],"collection":[{"href":"https:\/\/www.fotocasa.es\/fotocasa-life\/wp-json\/wp\/v2\/posts"}],"about":[{"href":"https:\/\/www.fotocasa.es\/fotocasa-life\/wp-json\/wp\/v2\/types\/post"}],"author":[{"embeddable":true,"href":"https:\/\/www.fotocasa.es\/fotocasa-life\/wp-json\/wp\/v2\/users\/3"}],"replies":[{"embeddable":true,"href":"https:\/\/www.fotocasa.es\/fotocasa-life\/wp-json\/wp\/v2\/comments?post=57607"}],"version-history":[{"count":0,"href":"https:\/\/www.fotocasa.es\/fotocasa-life\/wp-json\/wp\/v2\/posts\/57607\/revisions"}],"wp:featuredmedia":[{"embeddable":true,"href":"https:\/\/www.fotocasa.es\/fotocasa-life\/wp-json\/wp\/v2\/media\/57664"}],"wp:attachment":[{"href":"https:\/\/www.fotocasa.es\/fotocasa-life\/wp-json\/wp\/v2\/media?parent=57607"}],"wp:term":[{"taxonomy":"category","embeddable":true,"href":"https:\/\/www.fotocasa.es\/fotocasa-life\/wp-json\/wp\/v2\/categories?post=57607"},{"taxonomy":"post_tag","embeddable":true,"href":"https:\/\/www.fotocasa.es\/fotocasa-life\/wp-json\/wp\/v2\/tags?post=57607"}],"curies":[{"name":"wp","href":"https:\/\/api.w.org\/{rel}","templated":true}]}}