{"id":57527,"date":"2020-12-16T09:00:56","date_gmt":"2020-12-16T08:00:56","guid":{"rendered":"https:\/\/www.fotocasa.es\/fotocasa-life\/?p=55266"},"modified":"2020-12-30T15:01:59","modified_gmt":"2020-12-30T14:01:59","slug":"sube-el-precio-de-la-luz-en-diciembre","status":"publish","type":"post","link":"https:\/\/www.fotocasa.es\/fotocasa-life\/hipotecas-finanzas\/sube-el-precio-de-la-luz-en-diciembre\/","title":{"rendered":"Sube el precio de la luz en la primera quincena de diciembre"},"content":{"rendered":"<p>Seg\u00fan informa Europa Press, <strong>el precio diario del mercado mayorista, el conocido como &#8216;pool&#8217;, se ha situado en los 43,1 euros por megavatio hora<\/strong> (MWh) en la primera quincena de diciembre, lo que representa una subida del 2,8% con respecto al mismo periodo de noviembre y est\u00e1 un 27,5% por encima del que marcaba hace un a\u00f1o.<\/p>\n<p>No obstante, analistas del grupo ASE estiman que se trata de un precio \u00abcontenido\u00bb, ya que diciembre de 2019 fue un mes \u00abinusualmente barato\u00bb, con 33,81 euros por MWh, debido a que se registr\u00f3 un aporte excepcional de energ\u00eda hidr\u00e1ulica y e\u00f3lica.<\/p>\n<h2>Un precio todav\u00eda inferior a la media de los \u00faltimos cinco a\u00f1os<\/h2>\n<p>En los \u00faltimos a\u00f1os el precio del &#8216;pool&#8217; de diciembre se ha movido en torno a los 60 euros por MWh. De hecho, <strong>el precio actual es un 19,2% inferior a la media de los \u00faltimos cinco a\u00f1os.<\/strong><\/p>\n<p>Seg\u00fan los analistas de la consultora, <a href=\"https:\/\/www.fotocasa.es\/fotocasa-life\/hogar\/factores-influyen-precio-luz\/\">los precios el\u00e9ctricos<\/a> europeos suben m\u00e1s de un 30% por los picos de demanda que genera la ola de fr\u00edo. En el caso de Espa\u00f1a, la demanda el\u00e9ctrica baja un 0,4% anual y la escasa interconexi\u00f3n con Europa nos deja al margen del continente.<\/p>\n<p>Asimismo, en la primera quincena de diciembre, <strong>la producci\u00f3n e\u00f3lica ha sido un 42% m\u00e1s elevada que hace un a\u00f1o<\/strong> y ha estado un 95% por encima de la media, representando un 37% del &#8216;mix&#8217; en el periodo.<\/p>\n<p>Por otra parte, destacan que el <strong>encarecimiento del gas y de las emisiones<\/strong>, junto al optimismo por la vacuna, est\u00e1n llevando a los futuros a m\u00e1ximos anuales.<\/p>\n<p>De esta manera, en lo que respecta a los futuros, esa incertidumbre de suministro energ\u00e9tico, unida al fuerte incremento de las emisiones, coincide con el optimismo por el inicio de la vacunaci\u00f3n en Reino Unido, Estados Unidos y, pronto, en Europa y se traslada a los mercados en forma de subidas.<\/p>\n<h2>Previsiones para 2021<\/h2>\n<p>En el caso del <strong>&#8216;pool&#8217; espa\u00f1ol para 2021, este avanza un 6,8% hasta los 48,90 euros por MWh<\/strong>, mientras que el franc\u00e9s cotiza en 49,57 euros por MWh, con una subida del 6,4%; y el alem\u00e1n se encarece un 8% hasta los 46,13 euros por MWh.<\/p>\n","protected":false},"excerpt":{"rendered":"<p>Seg\u00fan informa Europa Press, el precio diario del mercado mayorista, el conocido como &#8216;pool&#8217;, se ha situado en los 43,1 euros por megavatio hora (MWh) en la primera quincena de diciembre, lo que representa una subida del 2,8% con respecto al mismo periodo de noviembre y est\u00e1 un 27,5% por encima del que marcaba hace&#8230;<\/p>\n","protected":false},"author":3,"featured_media":57690,"comment_status":"open","ping_status":"closed","sticky":false,"template":"","format":"standard","meta":{"_lmt_disableupdate":"yes","_lmt_disable":"","footnotes":""},"categories":[6],"tags":[437,206],"class_list":["post-57527","post","type-post","status-publish","format-standard","has-post-thumbnail","hentry","category-hipotecas-finanzas","tag-factura-de-la-luz","tag-precio-de-la-luz"],"modified_by":null,"_links":{"self":[{"href":"https:\/\/www.fotocasa.es\/fotocasa-life\/wp-json\/wp\/v2\/posts\/57527","targetHints":{"allow":["GET"]}}],"collection":[{"href":"https:\/\/www.fotocasa.es\/fotocasa-life\/wp-json\/wp\/v2\/posts"}],"about":[{"href":"https:\/\/www.fotocasa.es\/fotocasa-life\/wp-json\/wp\/v2\/types\/post"}],"author":[{"embeddable":true,"href":"https:\/\/www.fotocasa.es\/fotocasa-life\/wp-json\/wp\/v2\/users\/3"}],"replies":[{"embeddable":true,"href":"https:\/\/www.fotocasa.es\/fotocasa-life\/wp-json\/wp\/v2\/comments?post=57527"}],"version-history":[{"count":0,"href":"https:\/\/www.fotocasa.es\/fotocasa-life\/wp-json\/wp\/v2\/posts\/57527\/revisions"}],"wp:featuredmedia":[{"embeddable":true,"href":"https:\/\/www.fotocasa.es\/fotocasa-life\/wp-json\/wp\/v2\/media\/57690"}],"wp:attachment":[{"href":"https:\/\/www.fotocasa.es\/fotocasa-life\/wp-json\/wp\/v2\/media?parent=57527"}],"wp:term":[{"taxonomy":"category","embeddable":true,"href":"https:\/\/www.fotocasa.es\/fotocasa-life\/wp-json\/wp\/v2\/categories?post=57527"},{"taxonomy":"post_tag","embeddable":true,"href":"https:\/\/www.fotocasa.es\/fotocasa-life\/wp-json\/wp\/v2\/tags?post=57527"}],"curies":[{"name":"wp","href":"https:\/\/api.w.org\/{rel}","templated":true}]}}