{"id":57517,"date":"2020-12-14T12:10:51","date_gmt":"2020-12-14T11:10:51","guid":{"rendered":"https:\/\/www.fotocasa.es\/fotocasa-life\/?p=55200"},"modified":"2021-01-11T14:17:28","modified_gmt":"2021-01-11T13:17:28","slug":"congreso-examinara-decreto-ley-aprobado-por-consejo-de-ministros","status":"publish","type":"post","link":"https:\/\/www.fotocasa.es\/fotocasa-life\/hipotecas-finanzas\/congreso-examinara-decreto-ley-aprobado-por-consejo-de-ministros\/","title":{"rendered":"El pleno del Congreso examinar\u00e1 el decreto ley aprobado por el Consejo de Ministros"},"content":{"rendered":"<p>Fuentes de Europa Press informan de que<strong> el Pleno del Congreso examinar\u00e1 este jueves el decreto ley aprobado por el Consejo de Ministros el pasado 17 de noviembre<\/strong> con varias medidas, como la ampliaci\u00f3n en la concesi\u00f3n de los avales del ICO, la moratoria concursal, el blindaje a empresas cotizadas, la rebaja del IVA a las mascarillas y un cr\u00e9dito adicional de 6.000 millones de euros a la Seguridad Social.<\/p>\n<p>Concretamente, este decreto contempla la<strong> ampliaci\u00f3n del plazo para conceder avales ICO<\/strong> hasta el 30 de junio de 2021, la extensi\u00f3n del plazo de devoluci\u00f3n en tres a\u00f1os m\u00e1s, hasta un m\u00e1ximo de ocho a\u00f1os, y la ampliaci\u00f3n del periodo de carencia en 12 meses, hasta el m\u00e1ximo de 24 meses.<\/p>\n<p>Con datos a cierre de noviembre, <strong>esta l\u00ednea de cr\u00e9ditos ha registrado 910.000 operaciones de financiaci\u00f3n<\/strong>, con la movilizaci\u00f3n de m\u00e1s de 110.000 millones de euros. Las m\u00e1s de 700.000 operaciones de menos de 100.000 euros -el 80% del total, aproximadamente- tienen un<strong> importe medio de financiaci\u00f3n de 33.000 euros, con mayor incidencia en el turismo, el ocio, actividades culturales, automoci\u00f3n.<\/strong> Canarias y Baleares son las comunidades con mayor n\u00famero de avales concedidos.<\/p>\n<p>Otras medidas contempladas en el decreto son la<strong> rebaja del 50% en los aranceles notariales y registrales al registrar operaciones de ampliaci\u00f3n<\/strong>, o autorizar al ICO a dirigirse directamente a la Central de Informaci\u00f3n de Riesgos del Banco de Espa\u00f1a (CIRBE) para agilizar la comprobaci\u00f3n de los impagados que le comuniquen las entidades financieras.<\/p>\n<p>Tambi\u00e9n se permite<strong> acceder a la l\u00ednea de avales a los pagar\u00e9s que se comercializan en el Mercado Alternativo de Renta Fija (MARF)<\/strong> y se ampl\u00eda de 500 millones a 1.000 millones de euros el umbral de capitalizaci\u00f3n m\u00ednimo a partir del cual las empresas en expansi\u00f3n deben pasar de cotizar en el mercado alternativo, antes MAB y ahora &#8216;BME Growth&#8217;, al mercado continuo.<\/p>\n<h2>Se prorroga la moratoria concursal hasta marzo<\/h2>\n<p>Por otra parte<strong> la moratoria concursal prevista hasta este 31 de diciembre se prorroga al 14 de marzo de 2021<\/strong>, suspendiendo la obligaci\u00f3n de los deudores de solicitar concurso de acreedores (concurso voluntario), as\u00ed como la obligaci\u00f3n del juez de admitir a tr\u00e1mite el concurso si lo solicitan los acreedores antes de esa fecha (concurso necesario).<\/p>\n<p>Tambi\u00e9n se ampl\u00eda hasta el 31 de enero la obligaci\u00f3n del juez de<strong> no tramitar las solicitudes que formulen los acreedores por el incumplimiento por parte de los deudores de los acuerdos de refinanciaci\u00f3n o convenios<\/strong> que se hubieran alcanzado. En el caso de que se hubieran empezado a tramitar solicitudes de incumplimiento entre el 31 de octubre -l\u00edmite temporal anterior- y la fecha de entrada en vigor de esta norma, el juez deber\u00e1 suspender su tramitaci\u00f3n.<\/p>\n<p>Seg\u00fan la estad\u00edstica de Procedimiento Concursal que publica el Instituto Nacional de Estad\u00edstica (INE),<strong> las familias y empresas que se declararon en concurso de acreedores ante la imposibilidad de afrontar sus pagos y deudas subieron un 1,6% en el tercer trimestre<\/strong> de este a\u00f1o respecto al mismo periodo de 2019, hasta sumar 1.678, en un contexto marcado por la COVID-19, y un 51% en tasa trimestral, el mayor aumento intertrimestral en casi ocho a\u00f1os.<\/p>\n<h2>Se ampl\u00eda la reforma de la normativa sobre inversi\u00f3n extranjera<\/h2>\n<p>Tambi\u00e9n <strong>se ampl\u00eda hasta el 30 de junio de 2021 la reforma de la normativa sobre inversiones exteriores<\/strong> que impide que empresas o inversores de otros pa\u00edses la Uni\u00f3n Europea puedan hacerse con el control de entidades espa\u00f1olas de sectores estrat\u00e9gicos aprovechando la ca\u00edda de su cotizaci\u00f3n por el coronavirus.<\/p>\n<p>De forma temporal hasta el cierre del primer semestre de 2021<strong>, se incluyen en el r\u00e9gimen de autorizaci\u00f3n previa las inversiones extranjeras directas realizadas por residentes de otros pa\u00edses de la Uni\u00f3n Europea<\/strong> y de la Asociaci\u00f3n Europea de Libre Comercio en sociedades cotizadas en Espa\u00f1a o en sociedades no cotizadas si la inversi\u00f3n es superior a 500 millones de euros.<\/p>\n<p>Adem\u00e1s, <strong>se aclaran los sectores estrat\u00e9gicos en los que se requiere autorizaci\u00f3n para llevar a cabo una inversi\u00f3n.<\/strong> Con el decreto, la medida se aplica directamente a inversores de otros pa\u00edses de la Uni\u00f3n Europea, y con ella se trata de proteger tanto a empresas cotizadas como no cotizadas de sectores estrat\u00e9gicos.<\/p>\n<h2>Rebajas del IVA en material sanitario<\/h2>\n<p>Asimismo, el decreto ley tambi\u00e9n recoge la<strong> rebaja del IVA de las mascarillas quir\u00fargicas desechables del 21% al 4%<\/strong> hasta el 31 de diciembre de 2021, con un coste de entre 350 y 850 millones de euros, seg\u00fan estima el Gobierno, as\u00ed como la pr\u00f3rroga del IVA &#8216;cero&#8217; para la compra de material sanitario por parte de centros sanitarios hasta abril de 2021.<\/p>\n<p>Junto a las mascarillas, tambi\u00e9n<strong> est\u00e1n incluidos guantes, batas impermeables, term\u00f3metros o respiradores<\/strong> necesarios para hacer frente a la emergencia sanitaria. Esta medida tiene car\u00e1cter retroactivo desde el 1 de noviembre, cuando finaliz\u00f3 la primera pr\u00f3rroga de esta iniciativa.<\/p>\n<h2>Transferencias a la Seguridad Social y al SEPE<\/h2>\n<p>Finalmente, el decreto ley contempla un <strong>suplemento de cr\u00e9dito por valor de 6.000 millones de euros para equilibrar las cuentas de la Seguridad Social<\/strong> ante las medidas aprobadas a cargo de su presupuesto para la protecci\u00f3n de rentas para hacer frente a la pandemia, y otro de 2.300 millones al Servicio P\u00fablico de Empleo Estatal (SEPE).<\/p>\n<p>Asimismo, el Gobierno ha aprobado un<strong> cr\u00e9dito extraordinario de 2.300 millones de euros para que el Servicio P\u00fablico de Empleo Estatal (SEPE) pueda hacer frente al mayor gasto en prestaciones contributivas y subsidios<\/strong> derivados de los expedientes de regulaci\u00f3n temporal de empleo (ERTE) y de otras ayudas puestas en marcha, como la de los empleados de hogar.<\/p>\n<p>El pasado mes de mayo ya se concedi\u00f3 a la Seguridad Social un cr\u00e9dito de 14.002,59 millones, que ahora tiene una ampliaci\u00f3n con el objetivo de atender a las medidas excepcionales puestas en marcha.<\/p>\n<p>Pese a tratarse de un suplemento de cr\u00e9dito, el Gobierno sostiene que no se tratan ni de pr\u00e9stamos ni cr\u00e9ditos, sino que lo aprobado hoy <strong>son transferencias tanto a la Seguridad Social como al SEPE<\/strong>, en l\u00ednea de las recomendaciones del Pacto de Toledo, con el objetivo de reducir su d\u00e9ficit, por lo que no computa en su deuda.<\/p>\n","protected":false},"excerpt":{"rendered":"<p>Fuentes de Europa Press informan de que el Pleno del Congreso examinar\u00e1 este jueves el decreto ley aprobado por el Consejo de Ministros el pasado 17 de noviembre con varias medidas, como la ampliaci\u00f3n en la concesi\u00f3n de los avales del ICO, la moratoria concursal, el blindaje a empresas cotizadas, la rebaja del IVA a&#8230;<\/p>\n","protected":false},"author":3,"featured_media":57768,"comment_status":"open","ping_status":"closed","sticky":false,"template":"","format":"standard","meta":{"_lmt_disableupdate":"yes","_lmt_disable":"","footnotes":""},"categories":[6],"tags":[1020,449],"class_list":["post-57517","post","type-post","status-publish","format-standard","has-post-thumbnail","hentry","category-hipotecas-finanzas","tag-economia-espanola","tag-gobierno-de-espana"],"modified_by":null,"_links":{"self":[{"href":"https:\/\/www.fotocasa.es\/fotocasa-life\/wp-json\/wp\/v2\/posts\/57517","targetHints":{"allow":["GET"]}}],"collection":[{"href":"https:\/\/www.fotocasa.es\/fotocasa-life\/wp-json\/wp\/v2\/posts"}],"about":[{"href":"https:\/\/www.fotocasa.es\/fotocasa-life\/wp-json\/wp\/v2\/types\/post"}],"author":[{"embeddable":true,"href":"https:\/\/www.fotocasa.es\/fotocasa-life\/wp-json\/wp\/v2\/users\/3"}],"replies":[{"embeddable":true,"href":"https:\/\/www.fotocasa.es\/fotocasa-life\/wp-json\/wp\/v2\/comments?post=57517"}],"version-history":[{"count":0,"href":"https:\/\/www.fotocasa.es\/fotocasa-life\/wp-json\/wp\/v2\/posts\/57517\/revisions"}],"wp:featuredmedia":[{"embeddable":true,"href":"https:\/\/www.fotocasa.es\/fotocasa-life\/wp-json\/wp\/v2\/media\/57768"}],"wp:attachment":[{"href":"https:\/\/www.fotocasa.es\/fotocasa-life\/wp-json\/wp\/v2\/media?parent=57517"}],"wp:term":[{"taxonomy":"category","embeddable":true,"href":"https:\/\/www.fotocasa.es\/fotocasa-life\/wp-json\/wp\/v2\/categories?post=57517"},{"taxonomy":"post_tag","embeddable":true,"href":"https:\/\/www.fotocasa.es\/fotocasa-life\/wp-json\/wp\/v2\/tags?post=57517"}],"curies":[{"name":"wp","href":"https:\/\/api.w.org\/{rel}","templated":true}]}}