{"id":57516,"date":"2020-12-14T11:30:41","date_gmt":"2020-12-14T10:30:41","guid":{"rendered":"https:\/\/www.fotocasa.es\/fotocasa-life\/?p=55199"},"modified":"2021-02-04T10:04:15","modified_gmt":"2021-02-04T09:04:15","slug":"reactivar-la-economia-a-traves-de-la-construccion-industrial","status":"publish","type":"post","link":"https:\/\/www.fotocasa.es\/fotocasa-life\/hipotecas-finanzas\/reactivar-la-economia-a-traves-de-la-construccion-industrial\/","title":{"rendered":"Reactivar la econom\u00eda a trav\u00e9s de la construcci\u00f3n industrial"},"content":{"rendered":"<p>Fuentes de Europa Press han informado que Aedas Homes ha alentado al conjunto del sector a incentivar el uso de la <strong>construcci\u00f3n industrializada<\/strong>, con el doble objetivo de modernizar la actividad inmobiliaria en Espa\u00f1a, haci\u00e9ndola m\u00e1s eficiente y sostenible, y de reactivar la econom\u00eda con la generaci\u00f3n de nuevos empleos.<\/p>\n<p>En una entrevista a Europa Press, el director de Operaciones de la promotora, Luis Garc\u00eda Malo de Molina, ha se\u00f1alado que <strong>la industrializaci\u00f3n de la vivienda es una oportunidad de desarrollo econ\u00f3mico e industrial<\/strong> que no hay que dejar pasar, sobre todo en el contexto originado por la pandemia de coronavirus.<\/p>\n<p>\u00abPor un lado, tiene el h\u00e1ndicap de no contar con un tejido industrial desarrollado, lo que limita su capacidad de producci\u00f3n a gran escala; pero por otro, esta carencia supone una gran oportunidad de crecimiento econ\u00f3mico y generaci\u00f3n de empleo de calidad, en tanto que debe crearse ese nuevo y amplio tejido industrial ligado a la industrializaci\u00f3n\u00bb, asegura.<\/p>\n<p>Ante este panorama, cree que el reto pasa porque Espa\u00f1a comience a incentivar la creaci\u00f3n de f\u00e1bricas especializadas en la construcci\u00f3n industrializada, lo que mejorar\u00e1 la tasa de productividad, que apenas ha crecido en los \u00faltimos a\u00f1os y supondr\u00e1 una soluci\u00f3n para la siniestralidad laboral y la falta de mano de obra especializada.<\/p>\n<p>En este contexto, Malo de Molina defiende que los llamados M\u00e9todos Modernos de Construcci\u00f3n (MMC) se est\u00e1n convirtiendo paulatinamente en uno de los ejes primordiales de la actividad del sector inmobiliario espa\u00f1ol y, principalmente, de las promotoras de viviendas.<\/p>\n<p>Aedas Homes fue <strong>la primera promotora que impuls\u00f3 en 2018 la industrializaci\u00f3n de la <a href=\"https:\/\/www.fotocasa.es\/es\/promociones-obra-nueva\/comprar\/viviendas\/espana\/todas-las-zonas\/l?\">promoci\u00f3n de viviendas<\/a> a gran escala en Espa\u00f1a<\/strong> y ya cuenta con una l\u00ednea de negocio centrada en este sistema que incorpora la producci\u00f3n de elementos constructivos en f\u00e1bricas, ya sean m\u00f3dulos 3D o partes 2D de la casa, como ba\u00f1os, fachadas o tabiquer\u00eda, todas industrializadas.<\/p>\n<p>\u00abLa industria de la promoci\u00f3n de viviendas ha comenzado a moverse, modificando un paradigma presente desde hace d\u00e9cadas y pasando p\u00e1gina a la construcci\u00f3n artesanal. Estamos en un momento clave para impulsar, definitivamente, este cambio. La vivienda del futuro no la entendemos sin los MMC\u00bb, a\u00f1ade.<\/p>\n<p>La promotora cuenta actualmente con <strong>8 promociones completamente industrializadas bajo la modalidad en 3D<\/strong>: dos entregadas, otras dos que se entregar\u00e1n antes de que acabe el a\u00f1o y otras cuatro ya en gesti\u00f3n, que hacen un total de m\u00e1s de 100 viviendas ensambladas en un periodo inferior al que hubieran requerido con la construcci\u00f3n tradicional y, adem\u00e1s, m\u00e1s sostenibles.<\/p>\n<p>En este tipo de construcci\u00f3n, la mayor\u00eda de los trabajos se ejecutan en el entorno controlado de una f\u00e1brica, donde no hay dependencia del clima, el personal es altamente cualificado, las herramientas de ingenier\u00eda son altamente precisas y, adem\u00e1s, permiten reducir el plazo de entrega de las viviendas, pr\u00e1cticamente, a la mitad.<\/p>\n<h2>El futuro \u00abverde\u00bb de la edificaci\u00f3n<\/h2>\n<p>Malo de Molina recuerda que <strong>la construcci\u00f3n en Espa\u00f1a representa casi un 40% del consumo energ\u00e9tico, genera entre un 30% y un 35% de la huella de carbono y produce en torno al 30% de los residuos totales<\/strong>, cuando el sector no llega al 10% del PIB.<\/p>\n<p>Por el contrario, la construcci\u00f3n industrializada se realiza en su mayor parte en taller, por lo que el impacto en el lugar es m\u00ednimo y se controla el consumo de la energ\u00eda, a la vez que se producen menos residuos.<\/p>\n<p>Respecto a la construcci\u00f3n industrializada en altura, Aedas ya est\u00e1 estudiando este tipo de proyectos verticales y espera poder presentar en 2021 su primer proyecto &#8216;offsite&#8217; en altura: \u00abCreo que pronto empezaremos a ver el desarrollo tambi\u00e9n a gran escala de promociones con sistemas modulares en altura, tal y como se viene haciendo desde hace unos a\u00f1os en pa\u00edses como EE. UU., Reino Unido, Australia o Jap\u00f3n\u00bb, concluye.<\/p>\n","protected":false},"excerpt":{"rendered":"<p>Fuentes de Europa Press han informado que Aedas Homes ha alentado al conjunto del sector a incentivar el uso de la construcci\u00f3n industrializada, con el doble objetivo de modernizar la actividad inmobiliaria en Espa\u00f1a, haci\u00e9ndola m\u00e1s eficiente y sostenible, y de reactivar la econom\u00eda con la generaci\u00f3n de nuevos empleos. En una entrevista a Europa&#8230;<\/p>\n","protected":false},"author":3,"featured_media":57770,"comment_status":"open","ping_status":"closed","sticky":false,"template":"","format":"standard","meta":{"_lmt_disableupdate":"yes","_lmt_disable":"","footnotes":""},"categories":[6],"tags":[2298,4083],"class_list":["post-57516","post","type-post","status-publish","format-standard","has-post-thumbnail","hentry","category-hipotecas-finanzas","tag-construccion","tag-sostenibilidad"],"modified_by":null,"_links":{"self":[{"href":"https:\/\/www.fotocasa.es\/fotocasa-life\/wp-json\/wp\/v2\/posts\/57516","targetHints":{"allow":["GET"]}}],"collection":[{"href":"https:\/\/www.fotocasa.es\/fotocasa-life\/wp-json\/wp\/v2\/posts"}],"about":[{"href":"https:\/\/www.fotocasa.es\/fotocasa-life\/wp-json\/wp\/v2\/types\/post"}],"author":[{"embeddable":true,"href":"https:\/\/www.fotocasa.es\/fotocasa-life\/wp-json\/wp\/v2\/users\/3"}],"replies":[{"embeddable":true,"href":"https:\/\/www.fotocasa.es\/fotocasa-life\/wp-json\/wp\/v2\/comments?post=57516"}],"version-history":[{"count":0,"href":"https:\/\/www.fotocasa.es\/fotocasa-life\/wp-json\/wp\/v2\/posts\/57516\/revisions"}],"wp:featuredmedia":[{"embeddable":true,"href":"https:\/\/www.fotocasa.es\/fotocasa-life\/wp-json\/wp\/v2\/media\/57770"}],"wp:attachment":[{"href":"https:\/\/www.fotocasa.es\/fotocasa-life\/wp-json\/wp\/v2\/media?parent=57516"}],"wp:term":[{"taxonomy":"category","embeddable":true,"href":"https:\/\/www.fotocasa.es\/fotocasa-life\/wp-json\/wp\/v2\/categories?post=57516"},{"taxonomy":"post_tag","embeddable":true,"href":"https:\/\/www.fotocasa.es\/fotocasa-life\/wp-json\/wp\/v2\/tags?post=57516"}],"curies":[{"name":"wp","href":"https:\/\/api.w.org\/{rel}","templated":true}]}}