{"id":57388,"date":"2020-01-12T09:30:03","date_gmt":"2020-01-12T08:30:03","guid":{"rendered":"https:\/\/www.fotocasa.es\/fotocasa-life\/?p=50046"},"modified":"2026-04-30T12:25:43","modified_gmt":"2026-04-30T10:25:43","slug":"conoce-el-precio-de-la-vivienda-en-venta-este-mes","status":"publish","type":"post","link":"https:\/\/www.fotocasa.es\/fotocasa-life\/compraventa\/conoce-el-precio-de-la-vivienda-en-venta-este-mes\/","title":{"rendered":"\u00bfCu\u00e1nto cuesta comprar una casa en Espa\u00f1a?"},"content":{"rendered":"<table class=\"table table-striped table-color-200\">\n<tbody>\n<tr>\n<td>\n<ul>\n<li>En abril de 2026 u<span style=\"font-weight: 400\">na vivienda est\u00e1ndar de 80 m<\/span><span style=\"font-weight: 400\">2<\/span><span style=\"font-weight: 400\"> se oferta de media en 247.082 euros frente a los 202.694 de hace un a\u00f1o, 44.389 euros de diferencia (21,9%) <\/span><\/li>\n<li><span style=\"font-weight: 400\">El precio de la vivienda en venta vuelve a alcanzar su m\u00e1ximo con 21,9% interanual en un a\u00f1o, es decir, pasa de los 2.534 euros\/m<\/span><span style=\"font-weight: 400\">2 <\/span><span style=\"font-weight: 400\">de abril de 2025 a los 3.089 euros\/m<\/span><span style=\"font-weight: 400\">2<\/span><span style=\"font-weight: 400\"> de abril de 2026.<\/span><\/li>\n<li><span style=\"font-weight: 400\">Las comunidades con mayores incrementos anuales son la <strong>Regi\u00f3n de Murcia (32,3%), Asturias (25,0%), Andaluc\u00eda (23,0%).<\/strong><\/span><\/li>\n<\/ul>\n<\/td>\n<\/tr>\n<\/tbody>\n<\/table>\n<p><span style=\"font-weight: 400\">El precio de la vivienda de segunda mano en Espa\u00f1a sube un 2,5% en su variaci\u00f3n mensual y un 21,9% en su variaci\u00f3n interanual, situando el <strong>precio medio de las viviendas ofertadas en abril en 3.089 euros\/m<\/strong><\/span><strong>2<\/strong><span style=\"font-weight: 400\">, seg\u00fan los datos del \u00cdndice Inmobiliario <\/span><span style=\"font-weight: 400\">Fotocasa<\/span><span style=\"font-weight: 400\">. Si calculamos este \u00faltimo incremento mensual y lo multiplicamos por los 80 m<\/span><span style=\"font-weight: 400\">2<\/span><span style=\"font-weight: 400\"> de una vivienda est\u00e1ndar, vemos que el valor medio de una vivienda es 247.082 euros en abril.\u00a0<\/span><\/p>\n","protected":false},"excerpt":{"rendered":"<p>El precio de la vivienda alcanza el 22% interanual en Espa\u00f1a en abril y supera la barrera de los 3.000 \u20ac\/m2<\/p>\n","protected":false},"author":3,"featured_media":101947,"comment_status":"open","ping_status":"closed","sticky":false,"template":"","format":"standard","meta":{"_lmt_disableupdate":"no","_lmt_disable":"","footnotes":""},"categories":[3],"tags":[6218,2633,2184,72,2518,4143,207,2420,4152,6746,6695,6444,6443,6693,6745,11957,2359],"class_list":["post-57388","post","type-post","status-publish","format-standard","has-post-thumbnail","hentry","category-compraventa","tag-a-que-precio-vender-mi-piso","tag-compra-de-vivienda","tag-comprar","tag-compraventa-de-vivienda","tag-precio-casa-en-espana","tag-precio-compra","tag-precio-de-la-vivienda","tag-precio-vivienda","tag-precio-vivienda-segunda-mano","tag-preparar-piso-para-vender","tag-presupuesto-para-comprar","tag-presupuesto-para-comprar-casa","tag-quiero-cambiar-de-casa","tag-quiero-comprar","tag-quiero-vender-mi-piso","tag-sector","tag-vender"],"modified_by":"Jessica Llavero","_links":{"self":[{"href":"https:\/\/www.fotocasa.es\/fotocasa-life\/wp-json\/wp\/v2\/posts\/57388","targetHints":{"allow":["GET"]}}],"collection":[{"href":"https:\/\/www.fotocasa.es\/fotocasa-life\/wp-json\/wp\/v2\/posts"}],"about":[{"href":"https:\/\/www.fotocasa.es\/fotocasa-life\/wp-json\/wp\/v2\/types\/post"}],"author":[{"embeddable":true,"href":"https:\/\/www.fotocasa.es\/fotocasa-life\/wp-json\/wp\/v2\/users\/3"}],"replies":[{"embeddable":true,"href":"https:\/\/www.fotocasa.es\/fotocasa-life\/wp-json\/wp\/v2\/comments?post=57388"}],"version-history":[{"count":0,"href":"https:\/\/www.fotocasa.es\/fotocasa-life\/wp-json\/wp\/v2\/posts\/57388\/revisions"}],"wp:featuredmedia":[{"embeddable":true,"href":"https:\/\/www.fotocasa.es\/fotocasa-life\/wp-json\/wp\/v2\/media\/101947"}],"wp:attachment":[{"href":"https:\/\/www.fotocasa.es\/fotocasa-life\/wp-json\/wp\/v2\/media?parent=57388"}],"wp:term":[{"taxonomy":"category","embeddable":true,"href":"https:\/\/www.fotocasa.es\/fotocasa-life\/wp-json\/wp\/v2\/categories?post=57388"},{"taxonomy":"post_tag","embeddable":true,"href":"https:\/\/www.fotocasa.es\/fotocasa-life\/wp-json\/wp\/v2\/tags?post=57388"}],"curies":[{"name":"wp","href":"https:\/\/api.w.org\/{rel}","templated":true}]}}