{"id":54258,"date":"2020-11-19T10:30:48","date_gmt":"2020-11-19T09:30:48","guid":{"rendered":"https:\/\/www.fotocasa.es\/fotocasa-life\/?p=54258"},"modified":"2020-11-27T12:59:27","modified_gmt":"2020-11-27T11:59:27","slug":"algunas-medidas-de-la-pandemia-podrian-afectar-a-declaracion-renta","status":"publish","type":"post","link":"https:\/\/www.fotocasa.es\/fotocasa-life\/hipotecas-finanzas\/algunas-medidas-de-la-pandemia-podrian-afectar-a-declaracion-renta\/","title":{"rendered":"Algunas medidas de la pandemia podr\u00edan afectar a la declaraci\u00f3n de la renta"},"content":{"rendered":"<p>El colectivo de t\u00e9cnicos del Ministerio de Hacienda (Gestha) ha advertido este mi\u00e9rcoles de <strong>siete medidas adoptadas durante la pandemia que podr\u00edan afectar al importe de la declaraci\u00f3n de la Renta de 2020<\/strong>, por lo que recomienda aprovechar la recta final del a\u00f1o para ajustar las retenciones fiscales de los contribuyentes que hayan recibido las ayudas puestas en marcha para paliar la crisis social y econ\u00f3mica.<\/p>\n<p>En concreto, apunta que los contribuyentes que se han visto <strong>afectados por un Expediente de Regulaci\u00f3n Temporal de Empleo<\/strong> (ERTE), aunque cobren menos de 22.000 euros en total, tendr\u00e1n que <strong>presentar la declaraci\u00f3n de la renta por tener dos pagadores<\/strong> y es probable que les resulte a ingresar. En este caso, Gestha recomienda que, si no tienen capacidad de ahorro,<strong> soliciten a sus empresas un incremento de las retenciones sobre la n\u00f3mina de diciembre<\/strong> para evitar \u00absorpresas\u00bb en junio de 2021.<\/p>\n<p>Los t\u00e9cnicos aclaran que los trabajadores en ERTE que cobren menos de 22.000 euros en total <strong>no tendr\u00e1n obligaci\u00f3n de declarar<\/strong> si no reciben de otros pagadores m\u00e1s de 1.500 euros en el a\u00f1o. En caso contrario, el l\u00edmite para declarar es de 14.000 euros con m\u00e1s de un pagador.<\/p>\n<h2>Mujeres con hijos<\/h2>\n<p>Asimismo, recuerdan que las <strong>mujeres con hijos menores de tres a\u00f1os con derecho a la aplicaci\u00f3n del m\u00ednimo por descendiente podr\u00e1n abaratar la cuota diferencial del IRPF<\/strong> hasta en 100 euros mensuales por cada hijo, siempre que realicen una actividad por cuenta propia o ajena por la cual est\u00e9n dadas de alta en el r\u00e9gimen correspondiente de la Seguridad Social o Mutualidad.<\/p>\n<p>Sin embargo, <strong>en el caso de ERTE, la trabajadora dejar\u00eda de cumplir los requisitos para disfrutar de la deducci\u00f3n<\/strong> por maternidad, salvo que realizara un trabajo por cuenta ajena a tiempo parcial en supuestos temporales de regulaci\u00f3n de empleo. En esta misma situaci\u00f3n se encontrar\u00edan las aut\u00f3nomas durante los meses en los que hayan tenido que cerrar su actividad.<\/p>\n<p>En cuanto a la imputaci\u00f3n de rentas inmobiliarias durante la vigencia del Estado de alarma, Gestha indica que<strong> la Ley del IRPF establece la imputaci\u00f3n de rentas inmobiliarias, excluyendo la vivienda habitual.<\/strong> Y se\u00f1ala que la Agencia Tributaria ha considerado que no es la utilizaci\u00f3n efectiva de la segunda vivienda, sino su disponibilidad, lo que genera la imputaci\u00f3n de rentas. Por ello, pese a no haber tenido la oportunidad de disfrutar esa segunda vivienda, la imputaci\u00f3n de ingresos no se altera por el confinamiento del contribuyente.<\/p>\n<h2>En el caso de arrendamientos<\/h2>\n<p>Sobre el arrendamiento de inmuebles durante el estado de alarma, los t\u00e9cnicos advierten de que <strong>los acuerdos voluntarios alcanzados entre arrendadores e inquilinos para rebajar la renta por el estado de alarma y la posterior crisis tendr\u00e1n incidencia en la declaraci\u00f3n de Renta 2020,<\/strong> ya que el arrendador reflejar\u00e1 como ingresos durante esos meses los nuevos importes.<\/p>\n<p>De igual modo, si ambas partes hubiesen acordado diferir el pago de la renta, tambi\u00e9n tendr\u00eda incidencia en la declaraci\u00f3n de Renta 2020. En concreto, Gestha detalla que<strong> el arrendador imputar\u00e1 los ingresos de estos meses en funci\u00f3n de los nuevos plazos acordados.<\/strong> Adem\u00e1s, debe tenerse en cuenta que seguir\u00e1n siendo deducibles los gastos necesarios y que no proceder\u00e1 la imputaci\u00f3n de rentas inmobiliarias, aunque no se perciban las rentas del alquiler.<\/p>\n<h2>Subvenciones y ayudas<\/h2>\n<p>Por otro lado,<strong> las subvenciones o ayudas recibidas tendr\u00e1n que declararse,<\/strong> tanto las recibidas para las actividades de los aut\u00f3nomos como el ingreso m\u00ednimo vital, el &#8216;Plan Renove&#8217; para la adquisici\u00f3n de veh\u00edculos, subvenciones del Plan Estatal de Vivienda y otras de las comunidades aut\u00f3nomas, los pr\u00e9stamos subvencionados de la IDAE, las subvenciones a salas de cine, o las ayudas del Fondo Covid-19 distribuidas por las comunidades aut\u00f3nomas.<\/p>\n<p>Adem\u00e1s, estas subvenciones y ayudas p\u00fablicas obligan a presentar la declaraci\u00f3n de Renta si las rentas inmobiliarias imputadas, rendimientos de letras del Tesoro y dem\u00e1s ayudas p\u00fablicas <strong>superan en conjunto los 1.000 euros anuales.<\/strong><\/p>\n<h2>En el caso de los aut\u00f3nomos<\/h2>\n<p>En cuanto a los aut\u00f3nomos, Gestha apunta que hay actividades, en las zonas geogr\u00e1ficas que han sufrido nuevas restricciones en esta segunda ola de la covid-19, a las que probablemente se podr\u00eda autorizar la <strong>reducci\u00f3n de los \u00edndices o m\u00f3dulos por circunstancias excepcionales<\/strong> de aquellos empresarios que no han renunciado a este r\u00e9gimen de m\u00f3dulos con el primer pago fraccionado de 2020.<\/p>\n<p>Esta medida<strong> no afectar\u00eda a los que renunciaron a los m\u00f3dulos y tributan en el m\u00e9todo de estimaci\u00f3n directa en 2020<\/strong>, si bien se ha establecido de forma excepcional que puedan volver a tributar en el r\u00e9gimen de estimaci\u00f3n objetiva en 2021 de seguir cumpliendo los requisitos y revocan la renuncia de este a\u00f1o.<\/p>\n<p>Por \u00faltimo, los t\u00e9cnicos de Hacienda recuerdan que los<strong> donativos al Tesoro P\u00fablico para financiar los gastos ocasionados por la crisis sanitaria<\/strong> deducen en el IRPF un 80% de los primeros 150 euros donados, y un 35% a partir de esa cifra, porcentajes que se elevan desde el 1 de enero de 2020 tambi\u00e9n para todas las donaciones a ONGs y dem\u00e1s entidades beneficiarias del mecenazgo.<\/p>\n","protected":false},"excerpt":{"rendered":"<p>El colectivo de t\u00e9cnicos del Ministerio de Hacienda (Gestha) ha advertido este mi\u00e9rcoles de siete medidas adoptadas durante la pandemia que podr\u00edan afectar al importe de la declaraci\u00f3n de la Renta de 2020, por lo que recomienda aprovechar la recta final del a\u00f1o para ajustar las retenciones fiscales de los contribuyentes que hayan recibido las&#8230;<\/p>\n","protected":false},"author":78,"featured_media":54263,"comment_status":"open","ping_status":"closed","sticky":false,"template":"","format":"standard","meta":{"_lmt_disableupdate":"yes","_lmt_disable":"","footnotes":""},"categories":[6],"tags":[3919,3814,350,2669],"class_list":["post-54258","post","type-post","status-publish","format-standard","has-post-thumbnail","hentry","category-hipotecas-finanzas","tag-ayudas","tag-coronavirus","tag-declaracion-de-la-renta","tag-hacienda"],"modified_by":"Agustina Battioli","_links":{"self":[{"href":"https:\/\/www.fotocasa.es\/fotocasa-life\/wp-json\/wp\/v2\/posts\/54258","targetHints":{"allow":["GET"]}}],"collection":[{"href":"https:\/\/www.fotocasa.es\/fotocasa-life\/wp-json\/wp\/v2\/posts"}],"about":[{"href":"https:\/\/www.fotocasa.es\/fotocasa-life\/wp-json\/wp\/v2\/types\/post"}],"author":[{"embeddable":true,"href":"https:\/\/www.fotocasa.es\/fotocasa-life\/wp-json\/wp\/v2\/users\/78"}],"replies":[{"embeddable":true,"href":"https:\/\/www.fotocasa.es\/fotocasa-life\/wp-json\/wp\/v2\/comments?post=54258"}],"version-history":[{"count":0,"href":"https:\/\/www.fotocasa.es\/fotocasa-life\/wp-json\/wp\/v2\/posts\/54258\/revisions"}],"wp:featuredmedia":[{"embeddable":true,"href":"https:\/\/www.fotocasa.es\/fotocasa-life\/wp-json\/wp\/v2\/media\/54263"}],"wp:attachment":[{"href":"https:\/\/www.fotocasa.es\/fotocasa-life\/wp-json\/wp\/v2\/media?parent=54258"}],"wp:term":[{"taxonomy":"category","embeddable":true,"href":"https:\/\/www.fotocasa.es\/fotocasa-life\/wp-json\/wp\/v2\/categories?post=54258"},{"taxonomy":"post_tag","embeddable":true,"href":"https:\/\/www.fotocasa.es\/fotocasa-life\/wp-json\/wp\/v2\/tags?post=54258"}],"curies":[{"name":"wp","href":"https:\/\/api.w.org\/{rel}","templated":true}]}}