{"id":53895,"date":"2020-11-11T14:56:34","date_gmt":"2020-11-11T13:56:34","guid":{"rendered":"https:\/\/www.fotocasa.es\/fotocasa-life\/?p=53895"},"modified":"2020-11-27T12:59:41","modified_gmt":"2020-11-27T11:59:41","slug":"partidos-politicos-respaldan-las-peticiones-de-la-pah","status":"publish","type":"post","link":"https:\/\/www.fotocasa.es\/fotocasa-life\/hipotecas-finanzas\/partidos-politicos-respaldan-las-peticiones-de-la-pah\/","title":{"rendered":"Partidos pol\u00edticos respaldan las peticiones de la PAH"},"content":{"rendered":"<p>Unidas Podemos ha suscrito este mi\u00e9rcoles en el Congreso, junto con Esquerra Republicana (ERC), EH-Bildu, Junts, la CUP, M\u00e1s Pa\u00eds, Comprom\u00eds, BNG y Nueva Canarias, un manifiesto de la Plataforma de Afectados por la Hipoteca (PAH) y Stop Desahucios que reclama al Gobierno la aprobaci\u00f3n inmediata de un decreto<strong> para suspender todos los desahucios y los cortes de suministros a familias que carezcan de alternativa habitacional.<\/strong><\/p>\n<p>As\u00ed, los portavoces y responsables de vivienda de estas formaciones en el Congreso han mantenido una reuni\u00f3n con las plataformas antidesahucios en la C\u00e1mara Baja, plasmando por escrito su compromiso con este manifiesto.<\/p>\n<p>La formaci\u00f3n que comparte el Gobierno con el PSOE respalda de este modo la exigencia de estas dos plataformas de <strong>aprobar una moratoria hasta la entrada en vigor de la anunciada ley de vivienda.<\/strong> Tambi\u00e9n secunda la exigencia de que esa futura norma regule \u00abde forma definitiva la imposibilidad de llevar a cabo desahucios sin alternativa habitacional\u00bb, as\u00ed como otras recomendaciones trasladadas por Naciones Unidas a Espa\u00f1a para dar cumplimiento a los acuerdos internacionales en materia de Derechos Humanos.<\/p>\n<h2>Las medidas supusieron un alivio temporal<\/h2>\n<p>Estas plataformas en defensa del derecho a la vivienda recuerdan que <strong><a href=\"https:\/\/www.fotocasa.es\/fotocasa-life\/sector\/el-gobierno-fijara-una-moratoria-de-4-anos-para-desahucios-hipotecarios\/\">las medidas aprobadas por el Gobierno al inicio de la pandemia<\/a> \u00absupusieron un alivio temporal\u00bb<\/strong>, si bien las consideraban \u00abclaramente insuficientes\u00bb, y critican la supresi\u00f3n de la moratoria de las hipotecas y el corte de suministros.<\/p>\n<p>\u00danicamente en los d\u00edas h\u00e1biles comprendidos <strong>entre el 4 y el 30 de junio<\/strong>, \u00fanicos con actividad judicial normal, aseguran,<strong> se ejecutaron en Espa\u00f1a 1.383 desahucios, y anticipan \u00abcifras demoledoras<\/strong> a la vista de las convocatorias diarias para evitar desahucios\u00bb por parte de las plataformas antidesahucios.<\/p>\n<p>\u00abDesahucios, incluso de Bankia y de la Sareb, entidades de mayor\u00eda de capital p\u00fablico que debieran, por tanto, actuar de forma coherente y comprometido con el art\u00edculo 47 de la Constituci\u00f3n\u00bb, critican.<\/p>\n","protected":false},"excerpt":{"rendered":"<p>Unidas Podemos ha suscrito este mi\u00e9rcoles en el Congreso, junto con Esquerra Republicana (ERC), EH-Bildu, Junts, la CUP, M\u00e1s Pa\u00eds, Comprom\u00eds, BNG y Nueva Canarias, un manifiesto de la Plataforma de Afectados por la Hipoteca (PAH) y Stop Desahucios que reclama al Gobierno la aprobaci\u00f3n inmediata de un decreto para suspender todos los desahucios y&#8230;<\/p>\n","protected":false},"author":78,"featured_media":53896,"comment_status":"open","ping_status":"closed","sticky":false,"template":"","format":"standard","meta":{"_lmt_disableupdate":"yes","_lmt_disable":"","footnotes":""},"categories":[6],"tags":[449,1460,2015,1732,199,363],"class_list":["post-53895","post","type-post","status-publish","format-standard","has-post-thumbnail","hentry","category-hipotecas-finanzas","tag-gobierno-de-espana","tag-ley-antidesahucios","tag-pah","tag-partidos-politicos","tag-politica","tag-politicas-de-vivienda"],"modified_by":"Agustina Battioli","_links":{"self":[{"href":"https:\/\/www.fotocasa.es\/fotocasa-life\/wp-json\/wp\/v2\/posts\/53895","targetHints":{"allow":["GET"]}}],"collection":[{"href":"https:\/\/www.fotocasa.es\/fotocasa-life\/wp-json\/wp\/v2\/posts"}],"about":[{"href":"https:\/\/www.fotocasa.es\/fotocasa-life\/wp-json\/wp\/v2\/types\/post"}],"author":[{"embeddable":true,"href":"https:\/\/www.fotocasa.es\/fotocasa-life\/wp-json\/wp\/v2\/users\/78"}],"replies":[{"embeddable":true,"href":"https:\/\/www.fotocasa.es\/fotocasa-life\/wp-json\/wp\/v2\/comments?post=53895"}],"version-history":[{"count":0,"href":"https:\/\/www.fotocasa.es\/fotocasa-life\/wp-json\/wp\/v2\/posts\/53895\/revisions"}],"wp:featuredmedia":[{"embeddable":true,"href":"https:\/\/www.fotocasa.es\/fotocasa-life\/wp-json\/wp\/v2\/media\/53896"}],"wp:attachment":[{"href":"https:\/\/www.fotocasa.es\/fotocasa-life\/wp-json\/wp\/v2\/media?parent=53895"}],"wp:term":[{"taxonomy":"category","embeddable":true,"href":"https:\/\/www.fotocasa.es\/fotocasa-life\/wp-json\/wp\/v2\/categories?post=53895"},{"taxonomy":"post_tag","embeddable":true,"href":"https:\/\/www.fotocasa.es\/fotocasa-life\/wp-json\/wp\/v2\/tags?post=53895"}],"curies":[{"name":"wp","href":"https:\/\/api.w.org\/{rel}","templated":true}]}}