{"id":53839,"date":"2020-11-10T14:37:43","date_gmt":"2020-11-10T13:37:43","guid":{"rendered":"https:\/\/www.fotocasa.es\/fotocasa-life\/?p=53839"},"modified":"2020-11-27T12:59:48","modified_gmt":"2020-11-27T11:59:48","slug":"bankia-emite-el-carne-joven-de-la-comunidad-de-madrid","status":"publish","type":"post","link":"https:\/\/www.fotocasa.es\/fotocasa-life\/hipotecas-finanzas\/bankia-emite-el-carne-joven-de-la-comunidad-de-madrid\/","title":{"rendered":"Bankia emite el Carn\u00e9 Joven de la Comunidad de Madrid"},"content":{"rendered":"<p><strong>Bankia emitir\u00e1 el Carn\u00e9 Joven de la Comunidad de Madrid que beneficiar\u00e1 a los j\u00f3venes residentes<\/strong> en la regi\u00f3n con edades comprendidas entre los 14 y 30 a\u00f1os, ha informado Bankia en un comunicado.<\/p>\n<p>El Carn\u00e9 Joven de Bankia, que es gratuito, ofrece <strong>descuentos en m\u00e1s de 2.000 establecimientos, iniciativas culturales, de ocio, cursos gratuitos, conciertos o museos.<\/strong><\/p>\n<p>La entidad financiera ha lanzado este martes la <strong>campa\u00f1a publicitaria &#8216;Madrid Me Renta&#8217;<\/strong> en la que aparecen j\u00f3venes de Madrid en la Plaza de Chinch\u00f3n, as\u00ed como varios barrios del centro y de la periferia de la capital con el Carn\u00e9 Joven de Bankia en la mano o en el m\u00f3vil para poner en valor que \u00abMadrid est\u00e1 lleno de planes y descuentos\u00bb.<\/p>\n<p>Adem\u00e1s, el Carn\u00e9 Joven permite a sus usuarios disfrutar de <strong>descuentos en diferentes servicios de car\u00e1cter cultural, deportivo, tur\u00edstico o formativo<\/strong> no solo en la Comunidad de Madrid, sino en todo el <strong>territorio nacional<\/strong>, as\u00ed como en los m\u00e1s de <strong>38 pa\u00edses europeos<\/strong> adheridos al Carn\u00e9 Joven Europeo (European Youth Card, EYCA). Los usuarios cuentan tambi\u00e9n con un seguro de viaje hasta que cumplan los 31 a\u00f1os.<\/p>\n<p>El carn\u00e9 tiene dos modalidades:<\/p>\n<ul>\n<li><strong>carn\u00e9 no financiero<\/strong> y<\/li>\n<li><strong>carn\u00e9 financiero<\/strong>, que funciona como una tarjeta, y del que se puede elegir entre d\u00e9bito y cr\u00e9dito.<\/li>\n<\/ul>\n<p>A partir de abril, el Carn\u00e9 Joven de Bankia pondr\u00e1 a disposici\u00f3n de los j\u00f3venes de Madrid <strong>pr\u00e9stamos, becas y ayudas a la formaci\u00f3n; hipotecas, as\u00ed como avales para el <a href=\"https:\/\/www.fotocasa.es\/es\/alquiler\/viviendas\/madrid-provincia\/todas-las-zonas\/l?latitude=40.415&amp;longitude=-3.7104&amp;combinedLocationIds=724,14,28,0,0,0,0,0,0\">alquiler de vivienda<\/a> habitual.<\/strong><\/p>\n<p>Bankia gestiona, adem\u00e1s, el Carn\u00e9 Joven de la Comunidad Valenciana, Regi\u00f3n de Murcia, Castilla-La Mancha, Canarias y de la ciudad aut\u00f3noma de Ceuta.<\/p>\n","protected":false},"excerpt":{"rendered":"<p>Bankia emitir\u00e1 el Carn\u00e9 Joven de la Comunidad de Madrid que beneficiar\u00e1 a los j\u00f3venes residentes en la regi\u00f3n con edades comprendidas entre los 14 y 30 a\u00f1os, ha informado Bankia en un comunicado. El Carn\u00e9 Joven de Bankia, que es gratuito, ofrece descuentos en m\u00e1s de 2.000 establecimientos, iniciativas culturales, de ocio, cursos gratuitos,&#8230;<\/p>\n","protected":false},"author":78,"featured_media":53848,"comment_status":"open","ping_status":"closed","sticky":false,"template":"","format":"standard","meta":{"_lmt_disableupdate":"yes","_lmt_disable":"","footnotes":""},"categories":[6],"tags":[630,507,1653,2495,416,4252],"class_list":["post-53839","post","type-post","status-publish","format-standard","has-post-thumbnail","hentry","category-hipotecas-finanzas","tag-bankia","tag-comunidad-de-madrid","tag-hipotecas-para-jovenes","tag-tarjetas-con-coberturas","tag-tarjetas-de-credito","tag-vivienda-jovenes"],"modified_by":"Agustina Battioli","_links":{"self":[{"href":"https:\/\/www.fotocasa.es\/fotocasa-life\/wp-json\/wp\/v2\/posts\/53839","targetHints":{"allow":["GET"]}}],"collection":[{"href":"https:\/\/www.fotocasa.es\/fotocasa-life\/wp-json\/wp\/v2\/posts"}],"about":[{"href":"https:\/\/www.fotocasa.es\/fotocasa-life\/wp-json\/wp\/v2\/types\/post"}],"author":[{"embeddable":true,"href":"https:\/\/www.fotocasa.es\/fotocasa-life\/wp-json\/wp\/v2\/users\/78"}],"replies":[{"embeddable":true,"href":"https:\/\/www.fotocasa.es\/fotocasa-life\/wp-json\/wp\/v2\/comments?post=53839"}],"version-history":[{"count":0,"href":"https:\/\/www.fotocasa.es\/fotocasa-life\/wp-json\/wp\/v2\/posts\/53839\/revisions"}],"wp:featuredmedia":[{"embeddable":true,"href":"https:\/\/www.fotocasa.es\/fotocasa-life\/wp-json\/wp\/v2\/media\/53848"}],"wp:attachment":[{"href":"https:\/\/www.fotocasa.es\/fotocasa-life\/wp-json\/wp\/v2\/media?parent=53839"}],"wp:term":[{"taxonomy":"category","embeddable":true,"href":"https:\/\/www.fotocasa.es\/fotocasa-life\/wp-json\/wp\/v2\/categories?post=53839"},{"taxonomy":"post_tag","embeddable":true,"href":"https:\/\/www.fotocasa.es\/fotocasa-life\/wp-json\/wp\/v2\/tags?post=53839"}],"curies":[{"name":"wp","href":"https:\/\/api.w.org\/{rel}","templated":true}]}}