{"id":53768,"date":"2020-11-11T17:00:07","date_gmt":"2020-11-11T16:00:07","guid":{"rendered":"https:\/\/www.fotocasa.es\/fotocasa-life\/?p=53768"},"modified":"2020-11-27T12:59:40","modified_gmt":"2020-11-27T11:59:40","slug":"las-reformas-de-vivienda-integrales-aportan-valor-para-vender-o-alquilar","status":"publish","type":"post","link":"https:\/\/www.fotocasa.es\/fotocasa-life\/hogar\/reformas\/las-reformas-de-vivienda-integrales-aportan-valor-para-vender-o-alquilar\/","title":{"rendered":"Las reformas de vivienda integrales aportan valor para vender o alquilar"},"content":{"rendered":"<p>El sector de las reformas se ha disparado en estas fechas por la necesidad de adaptar nuestras\u00a0 viviendas a los nuevos retos que el Covid nos est\u00e1 trayendo.<\/p>\n<p>Las nuevas necesidades de contar con espacios multifuncionales para poder <strong><a href=\"https:\/\/www.fotocasa.es\/fotocasa-life\/hogar\/las-viviendas-en-propiedad-estan-mas-acondicionadas-para-el-teletrabajo-que-las-de-alquiler\/\">teletrabajar en una vivienda<\/a><\/strong> m\u00e1s adaptada a esta nueva situaci\u00f3n. Una zona delimitada para poder teletrabajar y que nos permita a\u00a0 su vez, reconvertirla en otros espacios\u00a0 mediante muebles modulares es una buena opci\u00f3n.<\/p>\n<p>Muchas personas han valorado la posibilidad de trasladarse a vivir a zonas menos urbanas y con menos concentraci\u00f3n de poblaci\u00f3n. Ello conlleva plantearse vender o alquilar la vivienda actual sin perderle rendimiento. Lo que habitualmente se renueva son los ba\u00f1os y la cocina.\u00a0 Seg\u00fan recientes estudios del sector inmobiliario, est\u00e1 demostrado que <strong>una vivienda reformada aumenta hasta casi un 30% m\u00e1s su valor en <a href=\"https:\/\/www.fotocasa.es\/es\/alquiler\/viviendas\/espana\/todas-las-zonas\/l\">alquiler<\/a>, y hasta un 20% m\u00e1s su valor en <a href=\"https:\/\/www.fotocasa.es\/es\/comprar\/viviendas\/espana\/todas-las-zonas\/l\">compra<\/a><\/strong>. Es m\u00e1s r\u00e1pido vender o alquilar una propiedad que ya viene reformada, puesto que es un estr\u00e9s menos para el nuevo inquilino o propietario. Realizar reformas en casa es uno de los quebraderos de cabeza que m\u00e1s pueden tener los usuarios, es por ello que a menudo recurren a profesionales del sector que les gestionen todo el proyecto hasta su finalizaci\u00f3n como <a href=\"https:\/\/www.artinterior.es\/\" target=\"_blank\" rel=\"noopener noreferrer\"><strong>ART Interior.<\/strong>\u00a0<\/a><\/p>\n<h2>Los ba\u00f1os y las cocinas son los espacios que mayormente se reforman<\/h2>\n<p><\/p>\n<div id=\"attachment_53769\" style=\"width: 1309px\" class=\"wp-caption alignnone\"><img loading=\"lazy\" decoding=\"async\" aria-describedby=\"caption-attachment-53769\" class=\"wp-image-53769 size-full\" title=\"cocina reformada\" src=\"https:\/\/blog-fotocasa-admin.wpsites-scmspain.com\/blog\/wp-content\/uploads\/2020\/11\/cocina-reformada.jpg\" alt=\"cocina reformada\" width=\"1299\" height=\"866\" srcset=\"https:\/\/www.fotocasa.es\/fotocasa-life\/wp-content\/uploads\/2020\/11\/cocina-reformada.jpg 1200w, https:\/\/www.fotocasa.es\/fotocasa-life\/wp-content\/uploads\/2020\/11\/cocina-reformada-300x200.jpg 300w, https:\/\/www.fotocasa.es\/fotocasa-life\/wp-content\/uploads\/2020\/11\/cocina-reformada-1024x683.jpg 1024w, https:\/\/www.fotocasa.es\/fotocasa-life\/wp-content\/uploads\/2020\/11\/cocina-reformada-150x100.jpg 150w, https:\/\/www.fotocasa.es\/fotocasa-life\/wp-content\/uploads\/2020\/11\/cocina-reformada-768x512.jpg 768w\" sizes=\"auto, (max-width: 1299px) 100vw, 1299px\" \/><p id=\"caption-attachment-53769\" class=\"wp-caption-text\">Proyecto Cerignola: cocina despu\u00e9s de la reforma integral por ART Interior<\/p><\/div>\n<p>Los clientes que deciden reformar la vivienda para su venta o alquiler,\u00a0 suelen <strong>priorizar la <a href=\"https:\/\/www.fotocasa.es\/fotocasa-life\/hogar\/reformas\/claves-reforma-bano-exito\/\">reforma de ba\u00f1os<\/a> y cocina.<\/strong><\/p>\n<p>El blanco y las tonalidades neutras siguen siendo tendencia en las reformas de las cocinas. Aportan mucha luz, dan amplitud a la estancia y adem\u00e1s es un color atemporal y que siempre est\u00e1 de moda.\u00a0 Cada a\u00f1o si queremos actualizarla, podemos recurrir a cambiar los textiles y los elementos\u00a0 decorativos.<\/p>\n<p>Los ba\u00f1os tambi\u00e9n suelen ser una parte de la vivienda que se decide reformar con frecuencia. Optar por tonos tierra y cer\u00e1micas que recuerdan los tonos de la naturaleza\u00a0 aportan calidez\u00a0 y modernidad a la estancia. Debemos recordar que el ba\u00f1o es una de las estancias que m\u00e1s utilizamos al d\u00eda y que por ello vale la pena invertir en su reforma. Antes, los ba\u00f1os\u00a0 solo se revest\u00edan con azulejos.\u00a0 Actualmente, los revestimientos\u00a0 vin\u00edlicos\u00a0 han cogido mucho inter\u00e9s por parte de los usuarios y han dejado de ser una tendencia para ser una buena opci\u00f3n.<\/p>\n<h2>Las reformas son garant\u00edas de rentabilizar mejor el valor del inmueble<\/h2>\n<p>Muchos\u00a0 usuarios tambi\u00e9n suelen pedir hacer un <strong>restyling de paredes,\u00a0 suelo y pintura<\/strong>. Actualizar las paredes con revestimientos de madera o papel pintado de todos florales o geom\u00e9tricos es muy cool. Las opciones para el suelo son infinitas: porcel\u00e1nicos, parquets, microcemento, &#8230; Todos dirigidos para aportar un aire renovado y de modernidad a nuestro inmueble. Es importante tener en cuenta al escoger los materiales `para la reforma del suelo que sean pr\u00e1cticos y f\u00e1ciles de mantener\u00a0 limpios y como nuevos. Para completar la reforma <strong>cambiar las ventanas y las puertas es un plus<\/strong>. Har\u00e1 que la vivienda que queremos\u00a0 vender o alquilar luzca totalmente nueva y lista para ser estrenada por sus nuevos inquilinos.\u00a0 Este cambio tambi\u00e9n aportar\u00e1 un mejor rendimiento ac\u00fastico y clim\u00e1tico, contribuyendo as\u00ed al ahorro en climatizaci\u00f3n de la vivienda.<\/p>\n<p>Todos <strong>estos cambios son una garant\u00eda a la hora de rentabilizar m\u00e1s el valor de nuestro inmueble<\/strong>. Nos ayudar\u00e1n a poder venderlo o alquilarlo de forma m\u00e1s \u00e1gil frente al resto de inmuebles que en ese mismo momento est\u00e1n en el mercado inmobiliario.\u00a0 Reformar una vivienda conlleva un gasto importante y una inversi\u00f3n de tiempo que en muchas ocasiones los futuros compradores o inquilinos de nuestra vivienda no pueden permitirse. Por ello, tomar la decisi\u00f3n de hacerlo nosotros nos ayudar\u00e1 en un futuro a ganarle m\u00e1s valor a nuestro inmueble en todos los sentidos.<\/p>\n<p><\/p>\n<div id=\"attachment_53770\" style=\"width: 522px\" class=\"wp-caption aligncenter\"><img loading=\"lazy\" decoding=\"async\" aria-describedby=\"caption-attachment-53770\" class=\"wp-image-53770 size-full\" title=\"sal\u00f3n comedor despu\u00e9s de reforma\" src=\"https:\/\/blog-fotocasa-admin.wpsites-scmspain.com\/blog\/wp-content\/uploads\/2020\/11\/despues-reforma.jpg\" alt=\"sal\u00f3n comedor despu\u00e9s de reforma\" width=\"512\" height=\"341\" srcset=\"https:\/\/www.fotocasa.es\/fotocasa-life\/wp-content\/uploads\/2020\/11\/despues-reforma.jpg 512w, https:\/\/www.fotocasa.es\/fotocasa-life\/wp-content\/uploads\/2020\/11\/despues-reforma-300x200.jpg 300w, https:\/\/www.fotocasa.es\/fotocasa-life\/wp-content\/uploads\/2020\/11\/despues-reforma-150x100.jpg 150w\" sizes=\"auto, (max-width: 512px) 100vw, 512px\" \/><p id=\"caption-attachment-53770\" class=\"wp-caption-text\">Proyecto Cerignola: Sal\u00f3n comedor despu\u00e9s de la reforma integral por parte de ART Interior<\/p><\/div>\n<p><\/p>\n","protected":false},"excerpt":{"rendered":"<p>El sector de las reformas se ha disparado en estas fechas por la necesidad de adaptar nuestras\u00a0 viviendas a los nuevos retos que el Covid nos est\u00e1 trayendo. Las nuevas necesidades de contar con espacios multifuncionales para poder teletrabajar en una vivienda m\u00e1s adaptada a esta nueva situaci\u00f3n. Una zona delimitada para poder teletrabajar y&#8230;<\/p>\n","protected":false},"author":118,"featured_media":53774,"comment_status":"open","ping_status":"closed","sticky":false,"template":"","format":"standard","meta":{"_lmt_disableupdate":"yes","_lmt_disable":"","footnotes":""},"categories":[7],"tags":[2851,3058,1938,554,329,1418],"class_list":["post-53768","post","type-post","status-publish","format-standard","has-post-thumbnail","hentry","category-reformas","tag-apartamentos-reformados","tag-cocinas-reformadas","tag-pisos-reformados","tag-planificacion-reforma","tag-reforma-integral","tag-reformas-revalorizan-la-vivienda"],"modified_by":"Agustina Battioli","_links":{"self":[{"href":"https:\/\/www.fotocasa.es\/fotocasa-life\/wp-json\/wp\/v2\/posts\/53768","targetHints":{"allow":["GET"]}}],"collection":[{"href":"https:\/\/www.fotocasa.es\/fotocasa-life\/wp-json\/wp\/v2\/posts"}],"about":[{"href":"https:\/\/www.fotocasa.es\/fotocasa-life\/wp-json\/wp\/v2\/types\/post"}],"author":[{"embeddable":true,"href":"https:\/\/www.fotocasa.es\/fotocasa-life\/wp-json\/wp\/v2\/users\/118"}],"replies":[{"embeddable":true,"href":"https:\/\/www.fotocasa.es\/fotocasa-life\/wp-json\/wp\/v2\/comments?post=53768"}],"version-history":[{"count":0,"href":"https:\/\/www.fotocasa.es\/fotocasa-life\/wp-json\/wp\/v2\/posts\/53768\/revisions"}],"wp:featuredmedia":[{"embeddable":true,"href":"https:\/\/www.fotocasa.es\/fotocasa-life\/wp-json\/wp\/v2\/media\/53774"}],"wp:attachment":[{"href":"https:\/\/www.fotocasa.es\/fotocasa-life\/wp-json\/wp\/v2\/media?parent=53768"}],"wp:term":[{"taxonomy":"category","embeddable":true,"href":"https:\/\/www.fotocasa.es\/fotocasa-life\/wp-json\/wp\/v2\/categories?post=53768"},{"taxonomy":"post_tag","embeddable":true,"href":"https:\/\/www.fotocasa.es\/fotocasa-life\/wp-json\/wp\/v2\/tags?post=53768"}],"curies":[{"name":"wp","href":"https:\/\/api.w.org\/{rel}","templated":true}]}}