{"id":53712,"date":"2020-11-06T13:10:58","date_gmt":"2020-11-06T12:10:58","guid":{"rendered":"https:\/\/www.fotocasa.es\/fotocasa-life\/?p=53712"},"modified":"2020-11-27T12:59:52","modified_gmt":"2020-11-27T11:59:52","slug":"asufin-pide-al-gobierno-quitar-irph-de-viviendas-vpo","status":"publish","type":"post","link":"https:\/\/www.fotocasa.es\/fotocasa-life\/hipotecas-finanzas\/asufin-pide-al-gobierno-quitar-irph-de-viviendas-vpo\/","title":{"rendered":"Asufin pide al Gobierno que aclare si quitar\u00e1 el IRPH de las VPO"},"content":{"rendered":"<p>Asufin ha denunciado que el Gobierno todav\u00eda no ha mostrado su intenci\u00f3n de <strong>quitar el <a href=\"https:\/\/www.fotocasa.es\/fotocasa-life\/hipotecas-finanzas\/consumidores-lamentan-sentencia-supremo-irph\/\">\u00edndice IRPH de las viviendas<\/a> de protecci\u00f3n oficial (VPO)<\/strong> que lo tienen y ha reclamado que aclare si lo har\u00e1, pues los afectados en estos casos no pueden reclamar en los tribunales, sino que dependen de que el Consejo de Ministros apruebe su modificaci\u00f3n, seg\u00fan ha asegurado la asociaci\u00f3n en un comunicado.<\/p>\n<p>La asociaci\u00f3n de usuarios financieros ha criticado la respuesta que el Ejecutivo dio por escrito a la pregunta del Grupo Comprom\u00eds sobre si eliminar\u00e1 el IRPH que todav\u00eda soportan los hipotecados de varias promociones de <a href=\"https:\/\/www.fotocasa.es\/fotocasa-life\/hipotecas-finanzas\/consumidores-lamentan-sentencia-supremo-irph\/\">vivienda protegida,<\/a> en la que indic\u00f3 que los tipos de inter\u00e9s previstos en los contratos de pr\u00e9stamo no se fijan por disposici\u00f3n p\u00fablica, sino que son el resultado de la operatividad del principio de libertad de pactos entre prestamista y prestatario.<\/p>\n<p>Sin embargo, desde Asufin y la Coordinadora Nacional Plataforma de afectados por VPO aseguran que <strong>los tipos de inter\u00e9s de VPO son fijados en Consejo de Ministros y compete al Gobierno su modificaci\u00f3n<\/strong>, por lo que han instado al Ejecutivo a \u00abque cumpla con los compromisos adquiridos en el pasado\u00bb.<\/p>\n<p>En este sentido, ha recordado que el acuerdo rubricado en la Comisi\u00f3n de Fomento, en noviembre de 2017, que aprob\u00f3 con modificaciones la proposici\u00f3n no de ley sobre el inter\u00e9s de vivienda protegida presentada por el grupo parlamentario socialista, pidi\u00f3 al Gobierno <strong>fijar un nuevo procedimiento de c\u00e1lculo de estos tipos de inter\u00e9s de pr\u00e9stamos para la adquisici\u00f3n de vivienda protegida,<\/strong> \u00abm\u00e1s justo y orientado a su funci\u00f3n social\u00bb que el IRPH.<\/p>\n<p>La Coordinadora Nacional Plataforma de Afectados por VPO ha lamentado que el Gobierno no haya dado respuesta a este asunto y Asufin ha apoyado la causa, al tratarse precisamente de hipotecados que acceden al mercado de la vivienda a precios m\u00e1s ventajosos por su condici\u00f3n de mayor vulnerabilidad.<\/p>\n<p>\u00abNo se entiende que el \u00edndice de referencia se fije al IRPH, cuando se ha demostrado que supone un claro sobrecoste con respecto al Eur\u00edbor. Se trata de una injusticia flagrante que solo el Gobierno est\u00e1 en condiciones de corregir\u00bb, ha afirmado la presidenta de Asufin, Patricia Su\u00e1rez.<\/p>\n","protected":false},"excerpt":{"rendered":"<p>Asufin ha denunciado que el Gobierno todav\u00eda no ha mostrado su intenci\u00f3n de quitar el \u00edndice IRPH de las viviendas de protecci\u00f3n oficial (VPO) que lo tienen y ha reclamado que aclare si lo har\u00e1, pues los afectados en estos casos no pueden reclamar en los tribunales, sino que dependen de que el Consejo de&#8230;<\/p>\n","protected":false},"author":78,"featured_media":53714,"comment_status":"open","ping_status":"closed","sticky":false,"template":"","format":"standard","meta":{"_lmt_disableupdate":"yes","_lmt_disable":"","footnotes":""},"categories":[6],"tags":[],"class_list":["post-53712","post","type-post","status-publish","format-standard","has-post-thumbnail","hentry","category-hipotecas-finanzas"],"modified_by":"Agustina Battioli","_links":{"self":[{"href":"https:\/\/www.fotocasa.es\/fotocasa-life\/wp-json\/wp\/v2\/posts\/53712","targetHints":{"allow":["GET"]}}],"collection":[{"href":"https:\/\/www.fotocasa.es\/fotocasa-life\/wp-json\/wp\/v2\/posts"}],"about":[{"href":"https:\/\/www.fotocasa.es\/fotocasa-life\/wp-json\/wp\/v2\/types\/post"}],"author":[{"embeddable":true,"href":"https:\/\/www.fotocasa.es\/fotocasa-life\/wp-json\/wp\/v2\/users\/78"}],"replies":[{"embeddable":true,"href":"https:\/\/www.fotocasa.es\/fotocasa-life\/wp-json\/wp\/v2\/comments?post=53712"}],"version-history":[{"count":0,"href":"https:\/\/www.fotocasa.es\/fotocasa-life\/wp-json\/wp\/v2\/posts\/53712\/revisions"}],"wp:featuredmedia":[{"embeddable":true,"href":"https:\/\/www.fotocasa.es\/fotocasa-life\/wp-json\/wp\/v2\/media\/53714"}],"wp:attachment":[{"href":"https:\/\/www.fotocasa.es\/fotocasa-life\/wp-json\/wp\/v2\/media?parent=53712"}],"wp:term":[{"taxonomy":"category","embeddable":true,"href":"https:\/\/www.fotocasa.es\/fotocasa-life\/wp-json\/wp\/v2\/categories?post=53712"},{"taxonomy":"post_tag","embeddable":true,"href":"https:\/\/www.fotocasa.es\/fotocasa-life\/wp-json\/wp\/v2\/tags?post=53712"}],"curies":[{"name":"wp","href":"https:\/\/api.w.org\/{rel}","templated":true}]}}