{"id":53707,"date":"2020-11-06T11:01:53","date_gmt":"2020-11-06T10:01:53","guid":{"rendered":"https:\/\/www.fotocasa.es\/fotocasa-life\/?p=53707"},"modified":"2020-11-27T12:59:52","modified_gmt":"2020-11-27T11:59:52","slug":"el-nuevo-subsidio-de-430-euros-se-podra-solicitar-desde-hoy","status":"publish","type":"post","link":"https:\/\/www.fotocasa.es\/fotocasa-life\/hipotecas-finanzas\/el-nuevo-subsidio-de-430-euros-se-podra-solicitar-desde-hoy\/","title":{"rendered":"El nuevo subsidio de 430 euros se podr\u00e1 solicitar desde hoy"},"content":{"rendered":"<p>Los parados que agotaron sus prestaciones entre el 14 de marzo y el 30 de junio y no tengan acceso a otras ayudas podr\u00e1n solicitar el nuevo <strong>subsidio especial de 430 euros mensuales desde este viernes, d\u00eda 6, hasta el pr\u00f3ximo 30 de noviembre.<\/strong><\/p>\n<p>Este subsidio de naturaleza econ\u00f3mica, que se espera que llegue a unas 250.000 personas, ser\u00e1 equivalente al 80% del Indicador P\u00fablico de Renta de Efectos M\u00faltiples (Iprem) vigente en cada momento (430 euros mensuales en la actualidad) y<strong> su duraci\u00f3n m\u00e1xima ser\u00e1 de tres meses.<\/strong><\/p>\n<h2>Requisitos para acceder a este subsidio<\/h2>\n<p>Para acceder a esta ayuda especial, los solicitantes deben <strong>haber agotado todas sus prestaciones<\/strong> (contributivas, asistenciales, Renta Activa de Inserci\u00f3n) <strong>entre el 14 de marzo y el 30 de junio y estar en desempleo e inscritos como demandantes de empleo<\/strong> en el Servicio P\u00fablico de Empleo.<\/p>\n<p>Adem\u00e1s, podr\u00e1n acceder al subsidio las personas que est\u00e9n <strong>cumpliendo el mes de espera para acceder al subsidio de agotamiento de la prestaci\u00f3n contributiva.<\/strong><\/p>\n<p>Esta ayuda <strong>no ser\u00e1 compatible con la percepci\u00f3n de renta m\u00ednima<\/strong>, renta de inclusi\u00f3n, salario social o ayudas an\u00e1logas de cualquier administraci\u00f3n p\u00fablica.<\/p>\n<p>Para acceder al subsidio, que ser\u00e1 <strong>gestionado por el SEPE<\/strong>, no se exigir\u00e1 acreditar la carencia de rentas ni la existencia de responsabilidades familiares.<\/p>\n<p>Esta medida, que se negoci\u00f3 en el marco del di\u00e1logo social, <strong>estaba recogida en el II Acuerdo Social en Defensa del Empleo<\/strong> y se materializ\u00f3 en la disposici\u00f3n adicional cuarta del Real Decreto-ley de 26 de junio.<\/p>\n<p>No obstante, CCOO y UGT han denunciado que esta ayuda ha tardado demasiado en aprobarse y que el alcance de la misma es menor al que se hab\u00eda acordado en un principio, pues el universo inicial de beneficiarios era de 550.000 y ahora s\u00f3lo llegar\u00e1 a unas 250.000 personas.<\/p>\n","protected":false},"excerpt":{"rendered":"<p>Los parados que agotaron sus prestaciones entre el 14 de marzo y el 30 de junio y no tengan acceso a otras ayudas podr\u00e1n solicitar el nuevo subsidio especial de 430 euros mensuales desde este viernes, d\u00eda 6, hasta el pr\u00f3ximo 30 de noviembre. Este subsidio de naturaleza econ\u00f3mica, que se espera que llegue a&#8230;<\/p>\n","protected":false},"author":78,"featured_media":53710,"comment_status":"open","ping_status":"closed","sticky":false,"template":"","format":"standard","meta":{"_lmt_disableupdate":"yes","_lmt_disable":"","footnotes":""},"categories":[6],"tags":[3919,1020,2637,449,332],"class_list":["post-53707","post","type-post","status-publish","format-standard","has-post-thumbnail","hentry","category-hipotecas-finanzas","tag-ayudas","tag-economia-espanola","tag-economia-familiar","tag-gobierno-de-espana","tag-tasa-de-desempleo"],"modified_by":"Agustina Battioli","_links":{"self":[{"href":"https:\/\/www.fotocasa.es\/fotocasa-life\/wp-json\/wp\/v2\/posts\/53707","targetHints":{"allow":["GET"]}}],"collection":[{"href":"https:\/\/www.fotocasa.es\/fotocasa-life\/wp-json\/wp\/v2\/posts"}],"about":[{"href":"https:\/\/www.fotocasa.es\/fotocasa-life\/wp-json\/wp\/v2\/types\/post"}],"author":[{"embeddable":true,"href":"https:\/\/www.fotocasa.es\/fotocasa-life\/wp-json\/wp\/v2\/users\/78"}],"replies":[{"embeddable":true,"href":"https:\/\/www.fotocasa.es\/fotocasa-life\/wp-json\/wp\/v2\/comments?post=53707"}],"version-history":[{"count":0,"href":"https:\/\/www.fotocasa.es\/fotocasa-life\/wp-json\/wp\/v2\/posts\/53707\/revisions"}],"wp:featuredmedia":[{"embeddable":true,"href":"https:\/\/www.fotocasa.es\/fotocasa-life\/wp-json\/wp\/v2\/media\/53710"}],"wp:attachment":[{"href":"https:\/\/www.fotocasa.es\/fotocasa-life\/wp-json\/wp\/v2\/media?parent=53707"}],"wp:term":[{"taxonomy":"category","embeddable":true,"href":"https:\/\/www.fotocasa.es\/fotocasa-life\/wp-json\/wp\/v2\/categories?post=53707"},{"taxonomy":"post_tag","embeddable":true,"href":"https:\/\/www.fotocasa.es\/fotocasa-life\/wp-json\/wp\/v2\/tags?post=53707"}],"curies":[{"name":"wp","href":"https:\/\/api.w.org\/{rel}","templated":true}]}}