{"id":53634,"date":"2020-11-05T09:02:36","date_gmt":"2020-11-05T08:02:36","guid":{"rendered":"https:\/\/www.fotocasa.es\/fotocasa-life\/?p=53634"},"modified":"2021-02-04T10:04:23","modified_gmt":"2021-02-04T09:04:23","slug":"secretaria-de-estado-economia-y-empresa-apuesta-por-moratoria-hipotecaria-acotada","status":"publish","type":"post","link":"https:\/\/www.fotocasa.es\/fotocasa-life\/hipotecas-finanzas\/secretaria-de-estado-economia-y-empresa-apuesta-por-moratoria-hipotecaria-acotada\/","title":{"rendered":"La secretaria de Estado de Econom\u00eda y Empresa apuesta por una moratoria hipotecaria acotada"},"content":{"rendered":"<p>La secretaria de Estado de Econom\u00eda y Empresa, Ana de la Cueva, ha defendido este mi\u00e9rcoles en el Congreso un <strong>\u00abdise\u00f1o acotado y coherente\u00bb de las moratorias hipotecarias y no hipotecarias vigentes<\/strong> porque, a su juicio, ayuda a las personas vulnerables pero no supone \u00abun problema para el sistema financiero\u00bb.<\/p>\n<p>As\u00ed lo ha manifestado ante la Comisi\u00f3n de Presupuestos de la C\u00e1mara Baja, a la que ha acudido para rendir cuentas de las l\u00edneas b\u00e1sicas del proyecto de Presupuestos Generales del Estado y de las partidas del departamento que dirige.<\/p>\n<h2>Medidas para hacer frente a la crisis<\/h2>\n<p>De la Cueva ha realizado estas valoraciones defendiendo la adaptaci\u00f3n de las<strong> medidas adoptadas por el Gobierno para hacer frente a la crisis<\/strong> provocada por la pandemia de COVID-19, destacando la colaboraci\u00f3n p\u00fablico-privada a la hora de poner en marcha la l\u00ednea de avales p\u00fablicos del ICO, el acuerdo con agentes sociales, patronal y sindicatos, a la hora de impulsar medidas con los ERTEs y y la regulaci\u00f3n y el dise\u00f1o de otras, como las moratorias.<\/p>\n<p>En este caso, uno de los socios del Gobierno, Unidas Podemos, ha venido reclamando una <strong>ampliaci\u00f3n de estas medidas, limitadas en la \u00faltima pr\u00f3rroga del llamado &#8216;escudo social&#8217;<\/strong>, ante el aumento de desahucios, especialmente en el \u00e1mbito del alquiler, as\u00ed como extender la prohibici\u00f3n de cortar suministros b\u00e1sicos, como luz y agua, que dej\u00f3 de estar en vigor en octubre.<\/p>\n<h2>\u00abLa alternativa ser\u00eda un desastre\u00bb<\/h2>\n<p>Durante el debate parlamentario, De la Cueva ha sido inquirida por la raz\u00f3n por la que el Gobierno ha decidido engrosar los niveles de deuda p\u00fablica con otros 110.000 millones de euros en emisiones para el pr\u00f3ximo a\u00f1o, tras unos 115.000 millones de este a\u00f1o -la previsi\u00f3n es que de estas cifras <strong>alrededor de 11.000 millones procedan del SURE<\/strong>, mecanismo para financiar instrumentos de mantenimiento de empleo como los sistemas de ERTE-.<\/p>\n<p>En este sentido, ha reconocido que las medidas adoptadas \u00abtienen impacto en la deuda y en el d\u00e9ficit\u00bb, pero ha defendido que \u00abla alternativa ser\u00eda un desastre\u00bb, y ha incidido en la importancia de enfocar las inversiones de los proyectos de recuperaci\u00f3n, como mejorar el crecimiento y la capacidad recaudatoria, dejando en un segundo plano la necesidad de un plan de consolidaci\u00f3n \u00abpara ir de nuevo reduciendo la deuda\u00bb. \u00abAhora tenemos otras decisiones que tomar\u00bb, ha dicho.<\/p>\n<p>Precisamente, ha asegurado que<strong> en el Gobierno han sido \u00abmuy cuidadosos\u00bb a la hora de seleccionar los proyectos de recuperaci\u00f3n<\/strong> y las inversiones con mayor impacto para mejorar el crecimiento potencial, la transformaci\u00f3n de la econom\u00eda y las reformas que les acompa\u00f1ar\u00e1n y ha explicado en ellos la mejor perspectiva de crecimiento del Ejecutivo frente a otros organismos.<\/p>\n<p>\u00abLa mayor\u00eda de analistas y an\u00e1lisis no incluyen el impacto del plan de recuperaci\u00f3n porque no estaba en desglose\u00bb, ha se\u00f1alado De la Cueva, que, aun reconociendo \u00abincertidumbres\u00bb en la situaci\u00f3n actual, <strong>ha reivindicado la \u00abcapacidad de recuperaci\u00f3n\u00bb de la econom\u00eda espa\u00f1ola<\/strong>, constatada en los \u00faltimos datos correspondientes al tercer trimestre.<\/p>\n<p>\u00abNo son previsiones, son datos\u00bb ha se\u00f1alado, a\u00f1adiendo adem\u00e1s que esos datos se han producido conviviendo con rebrotes de la pandemia y una limitada entrada de turistas, adem\u00e1s de destacar que<strong> \u00abcuando se controlan los rebrotes, el impacto econ\u00f3mico es m\u00e1s limitado\u00bb.<\/strong><\/p>\n<h2>El presupuesto para el Ministerio de Econom\u00eda<\/h2>\n<p>En lo que ata\u00f1e a su secretar\u00eda de Estado, De la Cueva ha se\u00f1alado que tiene un presupuesto de 849 millones de euros, apenas el 16% del Ministerio del que forma parte, y del que<strong> la mitad se va en las contribuciones de Espa\u00f1a para diferentes instituciones financieras europeas y multilaterales.<\/strong><\/p>\n<p>Respecto a los gastos, ha se\u00f1alado que se mantienen estables en lo que respecta al presupuesto del Instituto Nacional de Estad\u00edstica (INE) y la Comisi\u00f3n Nacional de los Mercados y la Competencia (CNMC), sin preverse ning\u00fan imprevisto, y \u00fanicamente registr\u00e1ndose un aumento de las transferencias corrientes, en forma de 33 millones adicionales para aliviar la carga financiera de Grecia.<\/p>\n","protected":false},"excerpt":{"rendered":"<p>La secretaria de Estado de Econom\u00eda y Empresa, Ana de la Cueva, ha defendido este mi\u00e9rcoles en el Congreso un \u00abdise\u00f1o acotado y coherente\u00bb de las moratorias hipotecarias y no hipotecarias vigentes porque, a su juicio, ayuda a las personas vulnerables pero no supone \u00abun problema para el sistema financiero\u00bb. As\u00ed lo ha manifestado ante&#8230;<\/p>\n","protected":false},"author":78,"featured_media":53636,"comment_status":"open","ping_status":"closed","sticky":false,"template":"","format":"standard","meta":{"_lmt_disableupdate":"yes","_lmt_disable":"","footnotes":""},"categories":[6],"tags":[116,1020,449,557,712,1102],"class_list":["post-53634","post","type-post","status-publish","format-standard","has-post-thumbnail","hentry","category-hipotecas-finanzas","tag-dudas-hipotecas","tag-economia-espanola","tag-gobierno-de-espana","tag-hipoteca","tag-ministerio-de-economia","tag-moratoria-hipotecaria"],"modified_by":"Agustina Battioli","_links":{"self":[{"href":"https:\/\/www.fotocasa.es\/fotocasa-life\/wp-json\/wp\/v2\/posts\/53634","targetHints":{"allow":["GET"]}}],"collection":[{"href":"https:\/\/www.fotocasa.es\/fotocasa-life\/wp-json\/wp\/v2\/posts"}],"about":[{"href":"https:\/\/www.fotocasa.es\/fotocasa-life\/wp-json\/wp\/v2\/types\/post"}],"author":[{"embeddable":true,"href":"https:\/\/www.fotocasa.es\/fotocasa-life\/wp-json\/wp\/v2\/users\/78"}],"replies":[{"embeddable":true,"href":"https:\/\/www.fotocasa.es\/fotocasa-life\/wp-json\/wp\/v2\/comments?post=53634"}],"version-history":[{"count":0,"href":"https:\/\/www.fotocasa.es\/fotocasa-life\/wp-json\/wp\/v2\/posts\/53634\/revisions"}],"wp:featuredmedia":[{"embeddable":true,"href":"https:\/\/www.fotocasa.es\/fotocasa-life\/wp-json\/wp\/v2\/media\/53636"}],"wp:attachment":[{"href":"https:\/\/www.fotocasa.es\/fotocasa-life\/wp-json\/wp\/v2\/media?parent=53634"}],"wp:term":[{"taxonomy":"category","embeddable":true,"href":"https:\/\/www.fotocasa.es\/fotocasa-life\/wp-json\/wp\/v2\/categories?post=53634"},{"taxonomy":"post_tag","embeddable":true,"href":"https:\/\/www.fotocasa.es\/fotocasa-life\/wp-json\/wp\/v2\/tags?post=53634"}],"curies":[{"name":"wp","href":"https:\/\/api.w.org\/{rel}","templated":true}]}}