{"id":53394,"date":"2020-10-29T09:08:35","date_gmt":"2020-10-29T08:08:35","guid":{"rendered":"https:\/\/www.fotocasa.es\/fotocasa-life\/?p=53394"},"modified":"2020-11-27T13:00:08","modified_gmt":"2020-11-27T12:00:08","slug":"montero-preve-aprobacion-de-presupuestos-en-enero","status":"publish","type":"post","link":"https:\/\/www.fotocasa.es\/fotocasa-life\/hipotecas-finanzas\/montero-preve-aprobacion-de-presupuestos-en-enero\/","title":{"rendered":"Montero prev\u00e9 la aprobaci\u00f3n definitiva de los Presupuestos de 2021 en enero"},"content":{"rendered":"<p>La ministra de Hacienda, Mar\u00eda Jes\u00fas Montero, ha avanzado que <strong>el debate final de la tramitaci\u00f3n parlamentaria del proyecto de Presupuestos se producir\u00e1 \u00aben los primeros d\u00edas de enero\u00bb<\/strong>, por lo que para esa fecha espera tener aprobadas las nuevas cuentas p\u00fablicas de forma definitiva.<\/p>\n<p>As\u00ed lo ha se\u00f1alado en la rueda de prensa de presentaci\u00f3n del proyecto de PGE en el Congreso de los Diputados, donde ha detallado las l\u00edneas generales de las nuevas cuentas tras haber hecho previamente entrega de dicha ley a la presidenta de la C\u00e1mara Baja, Meritxel Batet.<\/p>\n<p>Montero ha indicado que la Mesa del Congreso ha establecido para los primeros d\u00edas de enero el debate final del proyecto de PGE, por lo que <strong>conf\u00eda en que quede aprobado de forma definitiva en esas fechas.<\/strong><\/p>\n<p>De esta forma, se tendr\u00e1n que <strong>prorrogar por tercera vez<\/strong> durante unos d\u00edas los Presupuestos del Gobierno de Mariano Rajoy del a\u00f1o 2018, lo que supondr\u00eda la novena pr\u00f3rroga presupuestaria de la democracia, ya que sucedi\u00f3 anteriormente con las cuentas de 1978, 1982, 1995, 2011, 2016 y 2017 y, por tercera ocasi\u00f3n, suceder\u00eda con los de 2018, algo que no hab\u00eda ocurrido anteriormente.<\/p>\n<p>Montero, que ayer afirm\u00f3 que ya <strong>se cuenta con apoyos \u00absuficientes\u00bb parra que los PGE salgan adelante<\/strong>, ha hecho un llamamiento al conjunto de formaciones pol\u00edticas y ha rechazado los \u00abvetos cruzados\u00bb, por lo que, en referencia a las palabras del l\u00edder del PP, Pablo Casado, durante la moci\u00f3n de censura sobre el paco constitucional, ha pedido que <strong>se ponga la lupa en \u00abqu\u00e9\u00bb se apoya y no en \u00abqui\u00e9n\u00bb apoya.<\/strong><\/p>\n<p>\u00abSi los pactos constitucionales fueron posibles es porque<strong> fuimos capaces de poner en el centro lo que quer\u00edamos hacer lo que necesitaba el pa\u00eds<\/strong>\u00ab; ha apostillado. Por ello, ha rechazado que parezca \u00abpenalizable\u00bb que un grupo hable con otro que est\u00e1 a las \u00abant\u00edpodas ideol\u00f3gicas\u00bb.<\/p>\n<p>Las principales opciones plausibles al &#8216;s\u00ed&#8217; de los Presupuestos pasar\u00edan por el apoyo de los grupos que apoyaron la investidura, como <strong>ERC, JxCAT, Bildu, PNV o Comprom\u00eds<\/strong>, aunque tambi\u00e9n est\u00e1 abierta la opci\u00f3n de <strong>Ciudadanos.<\/strong><\/p>\n<h2>Tramitaci\u00f3n: comparecencias en una semana y votaci\u00f3n el 11 de noviembre<\/h2>\n<p>Tras recibir este mi\u00e9rcoles los PGE, la Mesa del Congreso se re\u00fane para calificar el proyecto, que <strong>este viernes se publicar\u00e1 ya en el Bolet\u00edn Oficial<\/strong> de las Cortes Generales.<\/p>\n<p>Adem\u00e1s, la Mesa abrir\u00e1 un plazo hasta el d\u00eda 30 de octubre a las 14 horas para solicitar las comparecencias de los altos cargos del Gobierno y organismos p\u00fablicos, que <strong>explicar\u00e1n las cuentas entre el 4 y el 6 de noviembre<\/strong>, seg\u00fan el borrador del calendario de sesiones plenarias recogido por Europa Press.<\/p>\n<p>El plazo para presentar <strong>enmiendas a la totalidad<\/strong> solicitando la devoluci\u00f3n del proyecto finalizar\u00e1 a las 14 horas del viernes 6 de noviembre, y los d\u00edas 11 y 12 de noviembre ser\u00e1 su debate y votaci\u00f3n. En ese debate Montero defender\u00e1 su proyecto ante el Pleno y las enmiendas a la totalidad <strong>se votar\u00e1n en una tocada<\/strong> (una \u00fanica votaci\u00f3n), bastando m\u00e1s votos a favor que en contra.<\/p>\n<p>Si superan ese examen, los primeros PGE del Gobierno de coalici\u00f3n pasar\u00e1n a la <strong>fase de la discusi\u00f3n de su articulado y las enmiendas parciales<\/strong>, que deber\u00e1n presentarse antes de las 14 horas del 16 de noviembre. La fecha establecida para el informe de la ponencia es hasta el 20 de noviembre y para el <strong>dictamen de la Comisi\u00f3n<\/strong> hasta el 27 de noviembre.<\/p>\n<p>Tras su paso por ponencia y comisi\u00f3n, el proyecto volver\u00e1 al Pleno del Congreso en la semana del 30 de noviembre al 3 de diciembre para la <strong>votaci\u00f3n de cada una de las secciones de los Presupuestos<\/strong> (las cuentas de cada Ministerio). <strong>El derribo de una sola secci\u00f3n provoca la ca\u00edda de todo el proyecto.<\/strong><\/p>\n<p>El \u00faltimo Pleno de 2020 en el Congreso est\u00e1 previsto para la semana del 15 al 17 de diciembre. Posteriormente se remitir\u00edan al <strong>Senado<\/strong> y despu\u00e9s se devolver\u00edan al Congreso para aprobarlos definitivamente con o sin cambios.<\/p>\n<p>La ministra ha adelantado que la Mesa ha fijado el debate final del proyecto de PGE \u00abpara los primeros d\u00edas de enero\u00bb, cuando quedar\u00edan aprobados definitivamente.<\/p>\n","protected":false},"excerpt":{"rendered":"<p>La ministra de Hacienda, Mar\u00eda Jes\u00fas Montero, ha avanzado que el debate final de la tramitaci\u00f3n parlamentaria del proyecto de Presupuestos se producir\u00e1 \u00aben los primeros d\u00edas de enero\u00bb, por lo que para esa fecha espera tener aprobadas las nuevas cuentas p\u00fablicas de forma definitiva. As\u00ed lo ha se\u00f1alado en la rueda de prensa de&#8230;<\/p>\n","protected":false},"author":78,"featured_media":53398,"comment_status":"open","ping_status":"closed","sticky":false,"template":"","format":"standard","meta":{"_lmt_disableupdate":"yes","_lmt_disable":"","footnotes":""},"categories":[6],"tags":[1020,449,840,988,199],"class_list":["post-53394","post","type-post","status-publish","format-standard","has-post-thumbnail","hentry","category-hipotecas-finanzas","tag-economia-espanola","tag-gobierno-de-espana","tag-ley-de-presupuestos-generales-del-estado","tag-ministerio-de-hacienda","tag-politica"],"modified_by":"Agustina Battioli","_links":{"self":[{"href":"https:\/\/www.fotocasa.es\/fotocasa-life\/wp-json\/wp\/v2\/posts\/53394","targetHints":{"allow":["GET"]}}],"collection":[{"href":"https:\/\/www.fotocasa.es\/fotocasa-life\/wp-json\/wp\/v2\/posts"}],"about":[{"href":"https:\/\/www.fotocasa.es\/fotocasa-life\/wp-json\/wp\/v2\/types\/post"}],"author":[{"embeddable":true,"href":"https:\/\/www.fotocasa.es\/fotocasa-life\/wp-json\/wp\/v2\/users\/78"}],"replies":[{"embeddable":true,"href":"https:\/\/www.fotocasa.es\/fotocasa-life\/wp-json\/wp\/v2\/comments?post=53394"}],"version-history":[{"count":0,"href":"https:\/\/www.fotocasa.es\/fotocasa-life\/wp-json\/wp\/v2\/posts\/53394\/revisions"}],"wp:featuredmedia":[{"embeddable":true,"href":"https:\/\/www.fotocasa.es\/fotocasa-life\/wp-json\/wp\/v2\/media\/53398"}],"wp:attachment":[{"href":"https:\/\/www.fotocasa.es\/fotocasa-life\/wp-json\/wp\/v2\/media?parent=53394"}],"wp:term":[{"taxonomy":"category","embeddable":true,"href":"https:\/\/www.fotocasa.es\/fotocasa-life\/wp-json\/wp\/v2\/categories?post=53394"},{"taxonomy":"post_tag","embeddable":true,"href":"https:\/\/www.fotocasa.es\/fotocasa-life\/wp-json\/wp\/v2\/tags?post=53394"}],"curies":[{"name":"wp","href":"https:\/\/api.w.org\/{rel}","templated":true}]}}