{"id":53381,"date":"2020-10-28T13:49:24","date_gmt":"2020-10-28T12:49:24","guid":{"rendered":"https:\/\/www.fotocasa.es\/fotocasa-life\/?p=53381"},"modified":"2020-11-27T13:00:09","modified_gmt":"2020-11-27T12:00:09","slug":"escriva-cree-que-las-subidas-fiscales-de-los-pge-son-pequenos-ajustes-tributarios","status":"publish","type":"post","link":"https:\/\/www.fotocasa.es\/fotocasa-life\/hipotecas-finanzas\/escriva-cree-que-las-subidas-fiscales-de-los-pge-son-pequenos-ajustes-tributarios\/","title":{"rendered":"Escriv\u00e1 cree que las subidas fiscales de los PGE son peque\u00f1os ajustes tributarios"},"content":{"rendered":"<p>El ministro de Inclusi\u00f3n, Seguridad Social y Migraciones, Jos\u00e9 Luis Escriv\u00e1, ha asegurado que las subidas fiscales contempladas en el proyecto de los Presupuestos Generales del Estado (PGE) para 2021 son \u00ab<strong>peque\u00f1os ajustes tributarios,<\/strong> de magnitud relativamente limitada\u00bb que buscan, en el caso de los impuestos medioambientales, desincentivar determinados comportamientos.<\/p>\n<p>\u00abNosotros partimos de un nivel impositivo en determinadas \u00e1reas muy bajo y hay que ir ajust\u00e1ndolo hacia adelante\u00bb, ha indicado el ministro, que ha a\u00f1adido que algunas de las medidas que se han tomado se llevan exigiendo desde hace tiempo por parte de los organismos internacionales dado que <strong>Espa\u00f1a es el pa\u00eds europeo que tiene la fiscalidad medioambiental m\u00e1s baja.<\/strong><\/p>\n<p>En ese contexto, ha precisado el ministro, es donde debe enmarcarse el <strong>impuesto sobre pl\u00e1stico y el di\u00e9sel<\/strong> incluidos en los PGE. \u00abSon ajustes necesarios en la direcci\u00f3n de la fiscalidad m\u00e1s avanzada, que tienden a generar desincentivos en determinadas \u00e1reas, como se hace con el tabaco\u00bb, ha apuntado Escriv\u00e1 en declaraciones a Telecinco recogidas por Europa Press.<\/p>\n<p>Preguntado por si el momento para hacer estos cambios fiscales era el adecuado a tenor de la crisis originada por la pandemia, el ministro ha se\u00f1alado que lo que importa con la crisis \u00abno son tanto estos ajustes tributarios\u00bb sino los grandes<strong> programas de protecci\u00f3n de rentas y tejido productivo<\/strong> que ha puesto en marcha el Gobierno.<\/p>\n<p>En todo caso, ha insistido en que <strong>las modificaciones fiscales incluidas en los Presupuestos no son muy grandes, pero s\u00ed son \u00abmovimientos en la direcci\u00f3n correcta\u00bb<\/strong> cuyo impacto recaudatorio no ser\u00e1 muy elevado, pues \u00abhay una enorme cantidad de medidas complementarias por el lado del gasto, por el lado de la inversi\u00f3n y por el lado de las pol\u00edticas redistributivas que va a m\u00e1s que compensar este efecto\u00bb, ha explicado.<\/p>\n<p>\u00abEspa\u00f1a es un pa\u00eds que tiene que ir progresivamente reforzando sus bases imponibles en la direcci\u00f3n de los pa\u00edses de nuestro entorno\u00bb, ha subrayado el ministro, que ha recordado que <strong>el Gobierno se ha comprometido a crear un grupo de expertos para analizar toda la fiscalidad porque el sistema tributario espa\u00f1ol requiere de \u00abmuchas reformas\u00bb.<\/strong><\/p>\n","protected":false},"excerpt":{"rendered":"<p>El ministro de Inclusi\u00f3n, Seguridad Social y Migraciones, Jos\u00e9 Luis Escriv\u00e1, ha asegurado que las subidas fiscales contempladas en el proyecto de los Presupuestos Generales del Estado (PGE) para 2021 son \u00abpeque\u00f1os ajustes tributarios, de magnitud relativamente limitada\u00bb que buscan, en el caso de los impuestos medioambientales, desincentivar determinados comportamientos. \u00abNosotros partimos de un nivel&#8230;<\/p>\n","protected":false},"author":78,"featured_media":53382,"comment_status":"open","ping_status":"closed","sticky":false,"template":"","format":"standard","meta":{"_lmt_disableupdate":"yes","_lmt_disable":"","footnotes":""},"categories":[6],"tags":[449,288,840,354],"class_list":["post-53381","post","type-post","status-publish","format-standard","has-post-thumbnail","hentry","category-hipotecas-finanzas","tag-gobierno-de-espana","tag-impuestos","tag-ley-de-presupuestos-generales-del-estado","tag-medioambiente"],"modified_by":"Agustina Battioli","_links":{"self":[{"href":"https:\/\/www.fotocasa.es\/fotocasa-life\/wp-json\/wp\/v2\/posts\/53381","targetHints":{"allow":["GET"]}}],"collection":[{"href":"https:\/\/www.fotocasa.es\/fotocasa-life\/wp-json\/wp\/v2\/posts"}],"about":[{"href":"https:\/\/www.fotocasa.es\/fotocasa-life\/wp-json\/wp\/v2\/types\/post"}],"author":[{"embeddable":true,"href":"https:\/\/www.fotocasa.es\/fotocasa-life\/wp-json\/wp\/v2\/users\/78"}],"replies":[{"embeddable":true,"href":"https:\/\/www.fotocasa.es\/fotocasa-life\/wp-json\/wp\/v2\/comments?post=53381"}],"version-history":[{"count":0,"href":"https:\/\/www.fotocasa.es\/fotocasa-life\/wp-json\/wp\/v2\/posts\/53381\/revisions"}],"wp:featuredmedia":[{"embeddable":true,"href":"https:\/\/www.fotocasa.es\/fotocasa-life\/wp-json\/wp\/v2\/media\/53382"}],"wp:attachment":[{"href":"https:\/\/www.fotocasa.es\/fotocasa-life\/wp-json\/wp\/v2\/media?parent=53381"}],"wp:term":[{"taxonomy":"category","embeddable":true,"href":"https:\/\/www.fotocasa.es\/fotocasa-life\/wp-json\/wp\/v2\/categories?post=53381"},{"taxonomy":"post_tag","embeddable":true,"href":"https:\/\/www.fotocasa.es\/fotocasa-life\/wp-json\/wp\/v2\/tags?post=53381"}],"curies":[{"name":"wp","href":"https:\/\/api.w.org\/{rel}","templated":true}]}}