{"id":53380,"date":"2020-10-28T13:52:43","date_gmt":"2020-10-28T12:52:43","guid":{"rendered":"https:\/\/www.fotocasa.es\/fotocasa-life\/?p=53380"},"modified":"2020-11-27T13:00:09","modified_gmt":"2020-11-27T12:00:09","slug":"presupuestos-son-imprescindibles-para-la-transformacion-y-recuoeracion","status":"publish","type":"post","link":"https:\/\/www.fotocasa.es\/fotocasa-life\/hipotecas-finanzas\/presupuestos-son-imprescindibles-para-la-transformacion-y-recuoeracion\/","title":{"rendered":"Montero: \u00abLos Presupuestos son imprescindibles para la transformaci\u00f3n y recuperaci\u00f3n\u00bb"},"content":{"rendered":"<p>La ministra de Hacienda, Mar\u00eda Jes\u00fas Montero, ha afirmado este mi\u00e9rcoles que el Gobierno est\u00e1 \u00abmuy orgulloso\u00bb de presentar unas cuentas \u00abantic\u00edclicas y claramente expansivas\u00bb que \u00ab<strong>contribuir\u00e1n al crecimiento, la creaci\u00f3n de empleo y la revitalizaci\u00f3n de servicios p\u00fablicos<\/strong>\u00ab, y ha defendido que la subida de impuestos est\u00e1 en el \u00abpunto de equilibrio\u00bb ante las cr\u00edticas vertidas por el PP por el alza y las de la CUP por considerarla poco ambiciosa, y ha recordado que el Gobierno de Mariano Rajoy subi\u00f3 los impuestos por 23.000 millones de euros.<\/p>\n<p>As\u00ed lo ha se\u00f1alado durante su intervenci\u00f3n en el Pleno del Congreso en respuesta a una pregunta de la diputada del PP Carolina Espa\u00f1a sobre las subidas de impuestos que ha \u00abescondido\u00bb el Gobierno en el plan presupuestario y otra pregunta del diputado de la CUP Albert Botran sobre si la pol\u00edtica fiscal del Gobierno pasar\u00e1 a ser m\u00e1s progresiva ante la \u00abevidencia\u00bb de las necesidades con el nuevo Estado de alarma.<\/p>\n<p>Montero ha defendido que <a href=\"https:\/\/www.fotocasa.es\/fotocasa-life\/hipotecas-finanzas\/hoy-se-presentan-presupuestos-generales-del-estado\/\">los Presupuestos de 2021<\/a>, cuyo proyecto fue aprobado ayer en el Consejo de Ministros y ella misma llevar\u00e1 y presentar\u00e1 este mi\u00e9rcoles al Congreso para iniciar su tramitaci\u00f3n parlamentaria, son <strong>\u00abimprescindibles\u00bb para la transformaci\u00f3n y recuperaci\u00f3n de Espa\u00f1a.<\/strong><\/p>\n<p>\u00abEste Ejecutivo est\u00e1 muy orgulloso de presentar unas <strong>cuentas antic\u00edclicas, claramente expansivas, que contribuyan al crecimiento, la creaci\u00f3n de empleo, la revitalizaci\u00f3n de servicios p\u00fablicos y a proteger el inter\u00e9s general para que todos, al menos, en Sanidad, Educaci\u00f3n, servicios sociales y oportunidades de empleo<\/strong> seamos iguales\u00bb, ha apostillado.<\/p>\n<p>Ante las cr\u00edticas de Espa\u00f1a (PP) por la subida \u00abmasiva\u00bb de impuestos que afectar\u00e1 a \u00abclases medias y trabajadoras\u00bb y las de la CUP por considerarla \u00abpoco ambiciosa\u00bb, Montero ha considerado que la subida de impuestos est\u00e1 en el \u00abpunto de equilibrio\u00bb que se buscaba.<\/p>\n<p>Los PGE prev\u00e9n una <strong>recaudaci\u00f3n r\u00e9cord de 222.107 millones,<\/strong> un 13% m\u00e1s, incluyen una subida del IRPF, Sociedades y Patrimonio a rentas altas, el alza del di\u00e9sel, un nuevo impuesto a los envases de pl\u00e1stico, un IVA del 21% a las bebidas azucaradas, un incremento de las primas de seguros, una reducci\u00f3n de las exenciones de los planes de pensiones y un tipo del 15% para &#8216;socimis&#8217;, que se suman a las tasas &#8216;Google&#8217; y &#8216;Tobin&#8217;.<\/p>\n<p>La ministra ha afeado a Espa\u00f1a (PP) sus cr\u00edticas recordando que el Gobierno de Mariano Rajoy subi\u00f3 hasta \u00ab60 veces\u00bb los impuestos, con un alza de 23.000 millones que afecto a la clase media y trabajadora, adem\u00e1s de \u00abrecortar\u00bb servicios p\u00fablicos por 10.000 millones, \u00abdebilitando\u00bb la Sanidad y la Educaci\u00f3n y aprobando una amnist\u00eda fiscal declarada inconstitucional que perdonaba deuda a los defraudadores.<\/p>\n<p>A Botran (CUP) le ha respondido que el acuerdo program\u00e1tico del Gobierno que preve\u00eda una revisi\u00f3n fiscal en profundidad se ir\u00e1 acompasando para hacerlo \u00abcompatible\u00bb con el crecimiento, la creaci\u00f3n de empleo y la igualdad de oportunidades.<\/p>\n<p>Por ello, ha apuntado que ahora se ha presentado una <strong>bater\u00eda de <a href=\"https:\/\/www.fotocasa.es\/fotocasa-life\/hipotecas-finanzas\/subida-irpf-a-rentas-altas\/\">medidas y \u00abajustes\u00bb fiscales<\/a> para incorporar m\u00e1s recursos a la tributaci\u00f3n<\/strong> con el objetivo de \u00abblindar\u00bb los servicios p\u00fablicos y se incorporar\u00e1 una anualidad \u00abmuy importante\u00bb del fondo europeo para impulsar el crecimiento y la recuperaci\u00f3n.<\/p>\n<p>En todo caso, ha se\u00f1alado que se va a crear un grupo de expertos para acometer esa revisi\u00f3n fiscal \u00aben profundidad\u00bb del sistema tributario para ganar \u00abprogresividad\u00bb y que \u00abcada uno contribuya seg\u00fan su capacidad y se reciba seg\u00fan sus necesidades\u00bb.<\/p>\n<p>Adem\u00e1s, le ha preguntado si \u00abpor una vez (en la CUP) se van a tener a razones\u00bb y pactar\u00e1n los PGE o seguir\u00e1n en su postura de \u00abestar contra todo\u00bb, teniendo en cuenta que, seg\u00fan ha dicho, los PGE \u00abrespetan\u00bb el Estatuto de Autonom\u00eda de Catalu\u00f1a, aportan un mayor volumen de recursos a la comunidad y contribuye a recuperar el crecimiento, dar oportunidades a los j\u00f3venes, proyectar infraestructuras y que llegue el ingreso m\u00ednimo vital, reforzando adem\u00e1s los servicios p\u00fablicos.<\/p>\n<h2>El PP critica la subida porque afectar\u00e1 a la clase media<\/h2>\n<p>Por su parte, la diputada &#8216;popular&#8217; ha criticado que en un momento de \u00abmayor deuda publica de la historia\u00bb el Gobierno suba los impuestos, siendo \u00abel \u00fanico pa\u00eds de Europa\u00bb que los eleva, y ha cuestionado que el Ejecutivo diga que se sube los impuestos a los \u00abricos\u00bb cuando el alza en el di\u00e9sel afectar\u00e1 a 17 millones de espa\u00f1oles como aut\u00f3nomos con furgonetas, tractores en el campo, as\u00ed como otras subidas como los planes de pensiones o los seguros.<\/p>\n<p>\u00abLos ricos van a pagar el 10% de la subida y el resto la clase media trabajadora, las familias, pymes y aut\u00f3nomos\u00bb, ha afeado la diputada a la ministra, a la que le ha reprochado la \u00abverg\u00fcenza\u00bb de que no se baje el IVA a las mascarillas y se eche la \u00abculpa\u00bb a Europa.<\/p>\n<p>Ha avisado de que <strong>la mayor presi\u00f3n fiscal en Espa\u00f1a pondr\u00e1 \u00aben riesgo\u00bb la recuperaci\u00f3n y el empleo<\/strong> y, en su lugar, ha pedido una bajada del IVA del turismo en la l\u00ednea de Reino Unido y Alemania y una disminuci\u00f3n del gasto.<\/p>\n<p>\u00abHan querido subir el sueldo de los diputados y les hemos tenido que parar, abr\u00f3chense el cintur\u00f3n como hacen todos los espa\u00f1oles\u00bb, ha a\u00f1adido, para calificar al Gobierno del \u00abm\u00e1s caro e ineficaz de la historia\u00bb y e \u00abirresponsables\u00bb.<\/p>\n<h2>La CUP cree que las medidas \u00abquedan lejos de lo necesario\u00bb<\/h2>\n<p>Por el contrario, Botran (CUP) ha se\u00f1alado que la creaci\u00f3n de la comisi\u00f3n de expertos suele ser \u00absin\u00f3nimo de dilatar decisiones\u00bb y ha cuestionado la subida al considerar que es poco ambiciosa respecto a lo previsto inicialmente.<\/p>\n<p>As\u00ed, ha recordado que frente al lema de que \u00abel 99% va contra la concentraci\u00f3n del poder econ\u00f3mico y pol\u00edtico del 1%\u00bb, las medidas fiscales no afectan al 1% y \u00abmucha gente\u00bb de la asistente a la \u00abfamosa cena del lunes\u00bb no se ver\u00e1 afectada.<\/p>\n<p>En concreto, ha apuntado que el alza del IRPF afectar\u00e1 al 0,17% de contribuyentes, Patrimonio a un 0,1% y las tasas &#8216;Google&#8217; y &#8216;Tobin&#8217; ya ven\u00edan de 2019, as\u00ed como Sociedades, que estaba previsto en los fallidos PGE de 2019, a lo que se suma que no se ha concretado nada sobre el tipo m\u00ednimo del 15% en Sociedades.<\/p>\n<p>\u00abLas medidas quedan lejos de lo necesario y de su propuesta en el marco e la comisi\u00f3n de Reconstrucci\u00f3n\u00bb, ya que, ha recordado, Unidas Podemos planteaba un impuesto a la riqueza que afectaba a un 0,5% de contribuyentes, con una recaudaci\u00f3n de 9.800 millones, aunque quedaba a\u00fan lejos e la propuesta de la CUP, con una tasa &#8216;Covid&#8217; para gravar fortunas de m\u00e1s de un mill\u00f3n de empresas y a empresas con beneficios de m\u00e1s de 5 millones.<\/p>\n","protected":false},"excerpt":{"rendered":"<p>La ministra de Hacienda, Mar\u00eda Jes\u00fas Montero, ha afirmado este mi\u00e9rcoles que el Gobierno est\u00e1 \u00abmuy orgulloso\u00bb de presentar unas cuentas \u00abantic\u00edclicas y claramente expansivas\u00bb que \u00abcontribuir\u00e1n al crecimiento, la creaci\u00f3n de empleo y la revitalizaci\u00f3n de servicios p\u00fablicos\u00ab, y ha defendido que la subida de impuestos est\u00e1 en el \u00abpunto de equilibrio\u00bb ante las&#8230;<\/p>\n","protected":false},"author":78,"featured_media":53385,"comment_status":"open","ping_status":"closed","sticky":false,"template":"","format":"standard","meta":{"_lmt_disableupdate":"yes","_lmt_disable":"","footnotes":""},"categories":[6],"tags":[288,722,840,4239],"class_list":["post-53380","post","type-post","status-publish","format-standard","has-post-thumbnail","hentry","category-hipotecas-finanzas","tag-impuestos","tag-irpf","tag-ley-de-presupuestos-generales-del-estado","tag-presupuestos-generales-del-estado"],"modified_by":"Agustina Battioli","_links":{"self":[{"href":"https:\/\/www.fotocasa.es\/fotocasa-life\/wp-json\/wp\/v2\/posts\/53380","targetHints":{"allow":["GET"]}}],"collection":[{"href":"https:\/\/www.fotocasa.es\/fotocasa-life\/wp-json\/wp\/v2\/posts"}],"about":[{"href":"https:\/\/www.fotocasa.es\/fotocasa-life\/wp-json\/wp\/v2\/types\/post"}],"author":[{"embeddable":true,"href":"https:\/\/www.fotocasa.es\/fotocasa-life\/wp-json\/wp\/v2\/users\/78"}],"replies":[{"embeddable":true,"href":"https:\/\/www.fotocasa.es\/fotocasa-life\/wp-json\/wp\/v2\/comments?post=53380"}],"version-history":[{"count":0,"href":"https:\/\/www.fotocasa.es\/fotocasa-life\/wp-json\/wp\/v2\/posts\/53380\/revisions"}],"wp:featuredmedia":[{"embeddable":true,"href":"https:\/\/www.fotocasa.es\/fotocasa-life\/wp-json\/wp\/v2\/media\/53385"}],"wp:attachment":[{"href":"https:\/\/www.fotocasa.es\/fotocasa-life\/wp-json\/wp\/v2\/media?parent=53380"}],"wp:term":[{"taxonomy":"category","embeddable":true,"href":"https:\/\/www.fotocasa.es\/fotocasa-life\/wp-json\/wp\/v2\/categories?post=53380"},{"taxonomy":"post_tag","embeddable":true,"href":"https:\/\/www.fotocasa.es\/fotocasa-life\/wp-json\/wp\/v2\/tags?post=53380"}],"curies":[{"name":"wp","href":"https:\/\/api.w.org\/{rel}","templated":true}]}}