{"id":53341,"date":"2020-10-28T09:16:58","date_gmt":"2020-10-28T08:16:58","guid":{"rendered":"https:\/\/www.fotocasa.es\/fotocasa-life\/?p=53341"},"modified":"2020-11-27T13:00:17","modified_gmt":"2020-11-27T12:00:17","slug":"tecnicos-hacienda-ven-limitados-los-presupuestos-generales-estado","status":"publish","type":"post","link":"https:\/\/www.fotocasa.es\/fotocasa-life\/hipotecas-finanzas\/tecnicos-hacienda-ven-limitados-los-presupuestos-generales-estado\/","title":{"rendered":"T\u00e9cnicos de Hacienda ven \u00ablimitados\u00bb los Presupuestos Generales del Estado"},"content":{"rendered":"<p>El presidente de los T\u00e9cnicos del Ministerio de Hacienda, Carlos Cruzado, <strong>ha valorado como una \u00abopci\u00f3n limitada\u00bb el anteproyecto de los <a href=\"https:\/\/www.fotocasa.es\/fotocasa-life\/hipotecas-finanzas\/hoy-se-presentan-presupuestos-generales-del-estado\/\">Presupuestos Generales del Estado<\/a><\/strong> aprobado esta ma\u00f1ana por el Gobierno de coalici\u00f3n.<\/p>\n<p>En materia fiscal, los Presupuestos contemplan un <a href=\"https:\/\/www.fotocasa.es\/fotocasa-life\/hipotecas-finanzas\/subida-irpf-a-rentas-altas\/\">aumento de dos puntos del IRPF<\/a> para las rentas del trabajo a m\u00e1s de 35.000 personas de 300.000 euros y tres puntos para las rentas de capital de m\u00e1s de 200.000 euros, y un 1% sobre el impuesto para patrimonios de m\u00e1s de 10 millones de euros. Cruzado ha explicado que <strong>con las ayudas europeas el gobierno plantea una \u00absoluci\u00f3n expansiva\u00bb<\/strong> muy distinta a la que est\u00e1bamos acostumbrados con las anteriores crisis como la del 2008 y esa \u00abpol\u00edtica de recortes\u00bb.<\/p>\n<p>Adem\u00e1s, las nuevas cuentas p\u00fablicas limitar\u00e1n las deducciones en el Impuesto de Sociedades, fijar\u00e1n una tributaci\u00f3n m\u00ednima del 15% para &#8216;socimis&#8217; y reducir\u00e1n desgravaciones de planes de pensiones privados. Las pensiones subir\u00e1n un 0,9%, las pensiones no contributivas un 1,8%, el IPREM un 5%, y elevar\u00e1 las partidas de Educaci\u00f3n, Sanidad infraestructuras y aumentan las ayudas al comercio, turismo y pymes, con 1.338 millones.<\/p>\n<p>\u00ab<strong>Es una reducci\u00f3n regresiva que, desde nuestro punto de vista, se deber\u00eda reconvertir en una deducci\u00f3n en la cuota y en todo caso reducirla<\/strong>. En el impuesto de sociedades tambi\u00e9n se limitan estas modificaciones, por tanto veremos si la recaudaci\u00f3n casa con los datos que el gobierno mand\u00f3 hace unos d\u00edas a Bruselas\u00bb, ha declarado.<\/p>\n<p>Unos presupuestos que remarcan desde el Gobierno como \u00abnecesarios e imprescindibles\u00bb para la recuperaci\u00f3n de la econom\u00eda espa\u00f1ola; sin embargo, desde el punto de vista fiscal y tributario, Cruzado ha confesado que \u00abcon la crisis econ\u00f3mica en la que estamos inmersos por la pandemia y la dificultad para prever el desenlace, es muy dif\u00edcil hacer un pronunciamiento a d\u00eda de hoy\u00bb.<\/p>\n","protected":false},"excerpt":{"rendered":"<p>El presidente de los T\u00e9cnicos del Ministerio de Hacienda, Carlos Cruzado, ha valorado como una \u00abopci\u00f3n limitada\u00bb el anteproyecto de los Presupuestos Generales del Estado aprobado esta ma\u00f1ana por el Gobierno de coalici\u00f3n. En materia fiscal, los Presupuestos contemplan un aumento de dos puntos del IRPF para las rentas del trabajo a m\u00e1s de 35.000&#8230;<\/p>\n","protected":false},"author":78,"featured_media":53342,"comment_status":"open","ping_status":"closed","sticky":false,"template":"","format":"standard","meta":{"_lmt_disableupdate":"yes","_lmt_disable":"","footnotes":""},"categories":[6],"tags":[2669,288,4235,722,4236],"class_list":["post-53341","post","type-post","status-publish","format-standard","has-post-thumbnail","hentry","category-hipotecas-finanzas","tag-hacienda","tag-impuestos","tag-impuestos-de-sociedades","tag-irpf","tag-presupuestos-generales-del"],"modified_by":"Agustina Battioli","_links":{"self":[{"href":"https:\/\/www.fotocasa.es\/fotocasa-life\/wp-json\/wp\/v2\/posts\/53341","targetHints":{"allow":["GET"]}}],"collection":[{"href":"https:\/\/www.fotocasa.es\/fotocasa-life\/wp-json\/wp\/v2\/posts"}],"about":[{"href":"https:\/\/www.fotocasa.es\/fotocasa-life\/wp-json\/wp\/v2\/types\/post"}],"author":[{"embeddable":true,"href":"https:\/\/www.fotocasa.es\/fotocasa-life\/wp-json\/wp\/v2\/users\/78"}],"replies":[{"embeddable":true,"href":"https:\/\/www.fotocasa.es\/fotocasa-life\/wp-json\/wp\/v2\/comments?post=53341"}],"version-history":[{"count":0,"href":"https:\/\/www.fotocasa.es\/fotocasa-life\/wp-json\/wp\/v2\/posts\/53341\/revisions"}],"wp:featuredmedia":[{"embeddable":true,"href":"https:\/\/www.fotocasa.es\/fotocasa-life\/wp-json\/wp\/v2\/media\/53342"}],"wp:attachment":[{"href":"https:\/\/www.fotocasa.es\/fotocasa-life\/wp-json\/wp\/v2\/media?parent=53341"}],"wp:term":[{"taxonomy":"category","embeddable":true,"href":"https:\/\/www.fotocasa.es\/fotocasa-life\/wp-json\/wp\/v2\/categories?post=53341"},{"taxonomy":"post_tag","embeddable":true,"href":"https:\/\/www.fotocasa.es\/fotocasa-life\/wp-json\/wp\/v2\/tags?post=53341"}],"curies":[{"name":"wp","href":"https:\/\/api.w.org\/{rel}","templated":true}]}}