{"id":53160,"date":"2020-10-22T16:46:25","date_gmt":"2020-10-22T14:46:25","guid":{"rendered":"https:\/\/www.fotocasa.es\/fotocasa-life\/?p=53160"},"modified":"2020-10-22T16:46:25","modified_gmt":"2020-10-22T14:46:25","slug":"la-construccion-recupera-los-empleos","status":"publish","type":"post","link":"https:\/\/www.fotocasa.es\/fotocasa-life\/hipotecas-finanzas\/la-construccion-recupera-los-empleos\/","title":{"rendered":"La construcci\u00f3n recupera casi todos los empleos perdidos durante la covid-19, seg\u00fan Habitissimo"},"content":{"rendered":"<p>El sector de la construcci\u00f3n ha recuperado a finales del tercer trimestre casi el total de los empleos perdidos durante la pandemia y <strong>se ha consolidado como uno de los motores de recuperaci\u00f3n de empleo e impulso de la econom\u00eda del pa\u00eds,<\/strong> seg\u00fan un informe trimestral sobre el sector de la reforma realizado por la plataforma para la mejora del hogar Habitissimo.<\/p>\n<p>En concreto, a finales del mes de septiembre, el sector hab\u00eda rescatado un 9,23% del 10,19% de afiliados perdidos durante el confinamiento. Durante la primera etapa del confinamiento, hasta el 30 de abril, un total 129.954 trabajadores perdieron su empleo.<\/p>\n<p>Sin embargo, con el inicio de la desescalada, a finales de mayo, este sector ha sido \u00abel que mejores s\u00edntomas de recuperaci\u00f3n ha mostrado\u00bb, seg\u00fan Habitissimo, ya que <strong>se han rescatando hasta finales de septiembre a 106.754 afiliados<\/strong> del total de los perdidos con la paralizaci\u00f3n de la actividad.<\/p>\n<p>El Consejo Superior de los Colegios de Arquitectos de Espa\u00f1a (Cscae) ha incidido en el papel de la construcci\u00f3n como motor de la reconstrucci\u00f3n y mejora del contexto econ\u00f3mico y, en concreto, ha subrayado la rehabilitaci\u00f3n como \u00abun eje estrat\u00e9gico que Espa\u00f1a debe impulsar, convirtiendo al sector en locomotora de recuperaci\u00f3n econ\u00f3mica, generador de empleo y actor fundamental de la transici\u00f3n ecol\u00f3gica\u00bb.<\/p>\n<p>Adem\u00e1s, Habitissimo ha remarcado que <strong>ha habido un aumento del 23% del n\u00famero de solicitudes para realizar intervenciones de mejora y reforma de los hogares durante el tercer trimestre del a\u00f1o<\/strong>.<\/p>\n","protected":false},"excerpt":{"rendered":"<p>El sector de la construcci\u00f3n ha recuperado a finales del tercer trimestre casi el total de los empleos perdidos durante la pandemia y se ha consolidado como uno de los motores de recuperaci\u00f3n de empleo e impulso de la econom\u00eda del pa\u00eds, seg\u00fan un informe trimestral sobre el sector de la reforma realizado por la&#8230;<\/p>\n","protected":false},"author":78,"featured_media":53161,"comment_status":"open","ping_status":"closed","sticky":false,"template":"","format":"standard","meta":{"_lmt_disableupdate":"yes","_lmt_disable":"","footnotes":""},"categories":[6],"tags":[2298,118,4183],"class_list":["post-53160","post","type-post","status-publish","format-standard","has-post-thumbnail","hentry","category-hipotecas-finanzas","tag-construccion","tag-economia","tag-sector-inmmobiliario"],"modified_by":"Alba Gonz\u00e1lez","_links":{"self":[{"href":"https:\/\/www.fotocasa.es\/fotocasa-life\/wp-json\/wp\/v2\/posts\/53160","targetHints":{"allow":["GET"]}}],"collection":[{"href":"https:\/\/www.fotocasa.es\/fotocasa-life\/wp-json\/wp\/v2\/posts"}],"about":[{"href":"https:\/\/www.fotocasa.es\/fotocasa-life\/wp-json\/wp\/v2\/types\/post"}],"author":[{"embeddable":true,"href":"https:\/\/www.fotocasa.es\/fotocasa-life\/wp-json\/wp\/v2\/users\/78"}],"replies":[{"embeddable":true,"href":"https:\/\/www.fotocasa.es\/fotocasa-life\/wp-json\/wp\/v2\/comments?post=53160"}],"version-history":[{"count":0,"href":"https:\/\/www.fotocasa.es\/fotocasa-life\/wp-json\/wp\/v2\/posts\/53160\/revisions"}],"wp:featuredmedia":[{"embeddable":true,"href":"https:\/\/www.fotocasa.es\/fotocasa-life\/wp-json\/wp\/v2\/media\/53161"}],"wp:attachment":[{"href":"https:\/\/www.fotocasa.es\/fotocasa-life\/wp-json\/wp\/v2\/media?parent=53160"}],"wp:term":[{"taxonomy":"category","embeddable":true,"href":"https:\/\/www.fotocasa.es\/fotocasa-life\/wp-json\/wp\/v2\/categories?post=53160"},{"taxonomy":"post_tag","embeddable":true,"href":"https:\/\/www.fotocasa.es\/fotocasa-life\/wp-json\/wp\/v2\/tags?post=53160"}],"curies":[{"name":"wp","href":"https:\/\/api.w.org\/{rel}","templated":true}]}}