{"id":53127,"date":"2020-10-22T10:45:54","date_gmt":"2020-10-22T08:45:54","guid":{"rendered":"https:\/\/www.fotocasa.es\/fotocasa-life\/?p=53127"},"modified":"2020-11-27T13:00:31","modified_gmt":"2020-11-27T12:00:31","slug":"fallo-del-supremo-confirm-validez-irph","status":"publish","type":"post","link":"https:\/\/www.fotocasa.es\/fotocasa-life\/hipotecas-finanzas\/fallo-del-supremo-confirm-validez-irph\/","title":{"rendered":"El fallo del Supremo confirma la validez del IRPH, seg\u00fan la banca"},"content":{"rendered":"<p>Las patronales bancarias consideran que el Tribunal Supremo ha zanjado el asunto del <a href=\"https:\/\/www.fotocasa.es\/fotocasa-life\/hipotecas-finanzas\/todas-las-preguntas-y-respuestas-sobre-el-irph\/\">\u00cdndice de Referencia de los Pr\u00e9stamos Hipotecarios (IRPH)<\/a> y <strong>ha confirmado su validez, al no haber declarado abusiva la cl\u00e1usula.<\/strong><\/p>\n<p>El portavoz de la Asociaci\u00f3n Espa\u00f1ola de Banca (AEB), Jos\u00e9 Luis Mart\u00ednez Campuzano, ha se\u00f1alado que, con la informaci\u00f3n disponible, \u00abel Tribunal Supremo ha zanjado el asunto no declarando abusiva la cl\u00e1usula del IRPH, confirmando el criterio anterior del propio tribunal y del TJUE sobre la validez de la utilizaci\u00f3n del \u00edndice y que no es abusivo\u00bb.<\/p>\n<p>De su lado, el portavoz de la Confederaci\u00f3n Espa\u00f1ola de Cajas de Ahorro (CECA), Alberto Aza, ha destacado que <strong>el IRPH es \u00abun \u00edndice oficial\u00bb elaborado por el Banco de Espa\u00f1a y publicado en el Bolet\u00edn Oficial del Estado (BOE).<\/strong><\/p>\n<p>\u00abEl Tribunal Supremo reafirma la validez del IRPH al declararlo no abusivo, en l\u00ednea con la jurisprudencia vigente del TJUE y del propio Tribunal Supremo\u00bb, ha apuntado.<\/p>\n<p>La Sala Primera del Tribunal Supremo ha determinado este mi\u00e9rcoles que los cuatro recursos analizados sobre <a href=\"https:\/\/www.fotocasa.es\/fotocasa-life\/hipotecas-finanzas\/el-supremo-senala-falta-de-transparencia-en-hipotecas-ligadas-irph\/\">hipotecas ligadas al \u00cdndice de Referencia de los Pr\u00e9stamos Hipotecarios (IRPH) presentan falta de transparencia,<\/a> por no haberse informado de la evoluci\u00f3n del mismo en los dos a\u00f1os anteriores, pero no abusividad.<\/p>\n<p>La decisi\u00f3n no ha sido un\u00e1nime, ya que el fallo ha recibido el voto particular del magistrado Francisco Javier Arroyo Fiestas, quien cuenta con una opini\u00f3n divergente respecto a la decisi\u00f3n mayoritaria. <strong>El \u00f3rgano judicial dar\u00e1 a conocer el texto \u00edntegro de la sentencia en los pr\u00f3ximos d\u00edas.<\/strong><\/p>\n","protected":false},"excerpt":{"rendered":"<p>Las patronales bancarias consideran que el Tribunal Supremo ha zanjado el asunto del \u00cdndice de Referencia de los Pr\u00e9stamos Hipotecarios (IRPH) y ha confirmado su validez, al no haber declarado abusiva la cl\u00e1usula. El portavoz de la Asociaci\u00f3n Espa\u00f1ola de Banca (AEB), Jos\u00e9 Luis Mart\u00ednez Campuzano, ha se\u00f1alado que, con la informaci\u00f3n disponible, \u00abel Tribunal&#8230;<\/p>\n","protected":false},"author":78,"featured_media":53131,"comment_status":"open","ping_status":"closed","sticky":false,"template":"","format":"standard","meta":{"_lmt_disableupdate":"yes","_lmt_disable":"","footnotes":""},"categories":[6],"tags":[46,1862,1772,3134,1416],"class_list":["post-53127","post","type-post","status-publish","format-standard","has-post-thumbnail","hentry","category-hipotecas-finanzas","tag-clausulas-abusivas","tag-hipotecas","tag-hipotecas-referenciadas-a-irph","tag-irph","tag-tribunal-supremo"],"modified_by":"Alba Gonz\u00e1lez","_links":{"self":[{"href":"https:\/\/www.fotocasa.es\/fotocasa-life\/wp-json\/wp\/v2\/posts\/53127","targetHints":{"allow":["GET"]}}],"collection":[{"href":"https:\/\/www.fotocasa.es\/fotocasa-life\/wp-json\/wp\/v2\/posts"}],"about":[{"href":"https:\/\/www.fotocasa.es\/fotocasa-life\/wp-json\/wp\/v2\/types\/post"}],"author":[{"embeddable":true,"href":"https:\/\/www.fotocasa.es\/fotocasa-life\/wp-json\/wp\/v2\/users\/78"}],"replies":[{"embeddable":true,"href":"https:\/\/www.fotocasa.es\/fotocasa-life\/wp-json\/wp\/v2\/comments?post=53127"}],"version-history":[{"count":0,"href":"https:\/\/www.fotocasa.es\/fotocasa-life\/wp-json\/wp\/v2\/posts\/53127\/revisions"}],"wp:featuredmedia":[{"embeddable":true,"href":"https:\/\/www.fotocasa.es\/fotocasa-life\/wp-json\/wp\/v2\/media\/53131"}],"wp:attachment":[{"href":"https:\/\/www.fotocasa.es\/fotocasa-life\/wp-json\/wp\/v2\/media?parent=53127"}],"wp:term":[{"taxonomy":"category","embeddable":true,"href":"https:\/\/www.fotocasa.es\/fotocasa-life\/wp-json\/wp\/v2\/categories?post=53127"},{"taxonomy":"post_tag","embeddable":true,"href":"https:\/\/www.fotocasa.es\/fotocasa-life\/wp-json\/wp\/v2\/tags?post=53127"}],"curies":[{"name":"wp","href":"https:\/\/api.w.org\/{rel}","templated":true}]}}