{"id":53124,"date":"2020-10-22T10:17:33","date_gmt":"2020-10-22T08:17:33","guid":{"rendered":"https:\/\/www.fotocasa.es\/fotocasa-life\/?p=53124"},"modified":"2020-11-27T13:00:31","modified_gmt":"2020-11-27T12:00:31","slug":"santander-destaca-papel-banca-pide-medidas-para-pymes","status":"publish","type":"post","link":"https:\/\/www.fotocasa.es\/fotocasa-life\/hipotecas-finanzas\/santander-destaca-papel-banca-pide-medidas-para-pymes\/","title":{"rendered":"Banco Santander destaca la fortaleza de la banca y pide medidas \u00abdirigidas\u00bb a las pymes"},"content":{"rendered":"<p>El presidente no ejecutivo de Banco Santander en Espa\u00f1a, Luis Isasi, <strong>ha destacado el papel de la banca durante la presente crisis<\/strong>, a la que ha llegado con una posici\u00f3n m\u00e1s s\u00f3lida, al tiempo que <strong>ha solicitado medidas especialmente \u00abdirigidas\u00bb a las peque\u00f1as y medianas empresas<\/strong>.<\/p>\n<p>Isasi ha intervenido en el acto de entrega del Premio Germ\u00e1n Bern\u00e1cer de Econom\u00eda, que en la edici\u00f3n de este a\u00f1o ha sido concedido a Loukas Karabarbounis, profesor de Econom\u00eda de la Universidad de Minnesota.<\/p>\n<p>Durante su discurso, ha destacado que <strong>la banca espa\u00f1ola ha llegado a la presente crisis con un balance \u00abm\u00e1s s\u00f3lido y resiliente\u00bb<\/strong>. Adem\u00e1s, ha destacado que durante el confinamiento, Banco Santander lleg\u00f3 a conceder 1.600 millones de euros al d\u00eda en pr\u00e9stamos a particulares.<\/p>\n<p>\u00abNo podemos ser complacientes, nos enfrentamos a una situaci\u00f3n muy desafiante. <strong>La econom\u00eda solo se recuperar\u00e1 cuando el virus est\u00e9 bajo control<\/strong>\u00ab, ha alertado Isasi, que ha hecho un llamamiento a empresas y gobiernos para que compartan \u00abbuenas pr\u00e1cticas\u00bb, as\u00ed como que se aprueben \u00abmedidas dirigidas\u00bb a las pymes.<\/p>\n<p>\u00ab<strong>El objetivo tiene que ser reconstruir mejor y m\u00e1s r\u00e1pido<\/strong>\u00ab, ha apostillado, argumentando que en esta situaci\u00f3n los bancos \u00abtienen un gran papel\u00bb que jugar. \u00abSi todos contribuimos, podemos superar los desaf\u00edos\u00bb, ha apostillado.<\/p>\n<p>En el acto tambi\u00e9n ha participado el vicepresidente del Banco Central Europeo (BCE), Luis de Guindos, quien ha destacado las \u00abimportantes contribuciones\u00bb que ha realizado el profesor Karabarbounis en ciertas \u00e1reas de la macroecon\u00f3mica con la disminuci\u00f3n de la participaci\u00f3n de las rentas del trabajo en la econom\u00eda.<\/p>\n","protected":false},"excerpt":{"rendered":"<p>El presidente no ejecutivo de Banco Santander en Espa\u00f1a, Luis Isasi, ha destacado el papel de la banca durante la presente crisis, a la que ha llegado con una posici\u00f3n m\u00e1s s\u00f3lida, al tiempo que ha solicitado medidas especialmente \u00abdirigidas\u00bb a las peque\u00f1as y medianas empresas. Isasi ha intervenido en el acto de entrega del&#8230;<\/p>\n","protected":false},"author":78,"featured_media":53125,"comment_status":"open","ping_status":"closed","sticky":false,"template":"","format":"standard","meta":{"_lmt_disableupdate":"yes","_lmt_disable":"","footnotes":""},"categories":[6],"tags":[3919,3814,118,4223],"class_list":["post-53124","post","type-post","status-publish","format-standard","has-post-thumbnail","hentry","category-hipotecas-finanzas","tag-ayudas","tag-coronavirus","tag-economia","tag-pymes"],"modified_by":"Alba Gonz\u00e1lez","_links":{"self":[{"href":"https:\/\/www.fotocasa.es\/fotocasa-life\/wp-json\/wp\/v2\/posts\/53124","targetHints":{"allow":["GET"]}}],"collection":[{"href":"https:\/\/www.fotocasa.es\/fotocasa-life\/wp-json\/wp\/v2\/posts"}],"about":[{"href":"https:\/\/www.fotocasa.es\/fotocasa-life\/wp-json\/wp\/v2\/types\/post"}],"author":[{"embeddable":true,"href":"https:\/\/www.fotocasa.es\/fotocasa-life\/wp-json\/wp\/v2\/users\/78"}],"replies":[{"embeddable":true,"href":"https:\/\/www.fotocasa.es\/fotocasa-life\/wp-json\/wp\/v2\/comments?post=53124"}],"version-history":[{"count":0,"href":"https:\/\/www.fotocasa.es\/fotocasa-life\/wp-json\/wp\/v2\/posts\/53124\/revisions"}],"wp:featuredmedia":[{"embeddable":true,"href":"https:\/\/www.fotocasa.es\/fotocasa-life\/wp-json\/wp\/v2\/media\/53125"}],"wp:attachment":[{"href":"https:\/\/www.fotocasa.es\/fotocasa-life\/wp-json\/wp\/v2\/media?parent=53124"}],"wp:term":[{"taxonomy":"category","embeddable":true,"href":"https:\/\/www.fotocasa.es\/fotocasa-life\/wp-json\/wp\/v2\/categories?post=53124"},{"taxonomy":"post_tag","embeddable":true,"href":"https:\/\/www.fotocasa.es\/fotocasa-life\/wp-json\/wp\/v2\/tags?post=53124"}],"curies":[{"name":"wp","href":"https:\/\/api.w.org\/{rel}","templated":true}]}}