{"id":5263,"date":"2015-02-12T11:42:56","date_gmt":"2015-02-12T10:42:56","guid":{"rendered":"https:\/\/www.fotocasa.es\/fotocasa-life\/?p=5263"},"modified":"2020-11-27T11:31:43","modified_gmt":"2020-11-27T10:31:43","slug":"la-sareb-quiere-hacer-una-consulta-al-banco-de-espana-para-cerrar-las-cuentas-de-2014","status":"publish","type":"post","link":"https:\/\/www.fotocasa.es\/fotocasa-life\/hipotecas-finanzas\/la-sareb-quiere-hacer-una-consulta-al-banco-de-espana-para-cerrar-las-cuentas-de-2014\/","title":{"rendered":"La Sareb quiere hacer una consulta al Banco de Espa\u00f1a para cerrar las cuentas de 2014"},"content":{"rendered":"<p>El presidente de la Sociedad gestora de activos procedentes de la reestructuraci\u00f3n bancaria (Sareb), <a title=\"El presidente de la Sareb conf\u00eda en dar salida a los activos menos atractivos\" href=\"https:\/\/www.fotocasa.es\/fotocasa-life\/compraventa\/el-presidente-de-la-sareb-confia-en-dar-salida-los-activos-menos-atractivos\/\"><strong>Jaime Echegoyen<\/strong><\/a>, ha avanzado que prev\u00e9 realizar una consulta al Banco de Espa\u00f1a para poder cerrar las cuentas de 2014.<\/p>\n<p>La raz\u00f3n es que el banco emisor a\u00fan no ha determinado la normativa contable que el &#8216;banco malo&#8217; debe aplicar, puesto que el borrador a\u00fan est\u00e1 siendo valorado por el Consejo de Estado.<\/p>\n<p><a title=\"\u00bfQu\u00e9 es la Sareb? Un v\u00eddeo lo explica en dos minutos\" href=\"https:\/\/www.fotocasa.es\/fotocasa-life\/compraventa\/que-es-la-sareb-un-video-lo-explica-en-dos-minutos\/\"><strong>La Sareb<\/strong><\/a> ya tiene hechas las cuentas del pasado ejercicio, pero sigue pendiente de que el Banco de Espa\u00f1a informe de c\u00f3mo presentarlas para, entre otras cosas, conocer las provisiones que tendr\u00e1 que guardar para cubrir futuras p\u00e9rdidas, a las puertas de la retasaci\u00f3n de los activos a la que oblig\u00f3 precisamente el banco que preside Luis Mar\u00eda Linde el pasado mes de mayo.<\/p>\n<p>La sociedad calcula que cerr\u00f3 2014 con unos ingresos totales de 5.000 millones de euros y un beneficio bruto de explotaci\u00f3n (Ebitda) de 1.000 millones de euros. Los ingresos previstos para 2014 superan en casi un tercio a la cifra alcanzada en 2013.<\/p>\n<p>La Sareb ya se vio obligada a seguir este procedimiento de consulta en 2014 para poder cuadrar las cuentas del ejercicio 2013. En aquella ocasi\u00f3n la Sareb tuvo que <strong><a title=\"La Sareb deber\u00e1 provisionar la p\u00e9rdida de valor de sus activos\" href=\"https:\/\/www.fotocasa.es\/fotocasa-life\/compraventa\/la-sareb-debera-provisionar-la-perdida-de-valor-de-sus-activos\/\">Sareb tuvo que provisionar<\/a>\u00a0<\/strong>269 millones de euros e incurri\u00f3 en unas p\u00e9rdidas de 261 millones de euros.<\/p>\n<p>&nbsp;<\/p>\n","protected":false},"excerpt":{"rendered":"<p>El presidente de la Sociedad gestora de activos procedentes de la reestructuraci\u00f3n bancaria (Sareb), Jaime Echegoyen, ha avanzado que prev\u00e9 realizar una consulta al Banco de Espa\u00f1a para poder cerrar las cuentas de 2014. La raz\u00f3n es que el banco emisor a\u00fan no ha determinado la normativa contable que el &#8216;banco malo&#8217; debe aplicar, puesto&#8230;<\/p>\n","protected":false},"author":3,"featured_media":5264,"comment_status":"open","ping_status":"open","sticky":false,"template":"","format":"standard","meta":{"_lmt_disableupdate":"yes","_lmt_disable":"","footnotes":""},"categories":[6],"tags":[29,30,1368,974,1169,243],"class_list":["post-5263","post","type-post","status-publish","format-standard","has-post-thumbnail","hentry","category-hipotecas-finanzas","tag-banco-de-espana","tag-banco-malo","tag-jaime-echegoyen","tag-objetivo-anual-sareb","tag-resumen-2014","tag-sareb"],"modified_by":"Albert PC","_links":{"self":[{"href":"https:\/\/www.fotocasa.es\/fotocasa-life\/wp-json\/wp\/v2\/posts\/5263","targetHints":{"allow":["GET"]}}],"collection":[{"href":"https:\/\/www.fotocasa.es\/fotocasa-life\/wp-json\/wp\/v2\/posts"}],"about":[{"href":"https:\/\/www.fotocasa.es\/fotocasa-life\/wp-json\/wp\/v2\/types\/post"}],"author":[{"embeddable":true,"href":"https:\/\/www.fotocasa.es\/fotocasa-life\/wp-json\/wp\/v2\/users\/3"}],"replies":[{"embeddable":true,"href":"https:\/\/www.fotocasa.es\/fotocasa-life\/wp-json\/wp\/v2\/comments?post=5263"}],"version-history":[{"count":0,"href":"https:\/\/www.fotocasa.es\/fotocasa-life\/wp-json\/wp\/v2\/posts\/5263\/revisions"}],"wp:featuredmedia":[{"embeddable":true,"href":"https:\/\/www.fotocasa.es\/fotocasa-life\/wp-json\/wp\/v2\/media\/5264"}],"wp:attachment":[{"href":"https:\/\/www.fotocasa.es\/fotocasa-life\/wp-json\/wp\/v2\/media?parent=5263"}],"wp:term":[{"taxonomy":"category","embeddable":true,"href":"https:\/\/www.fotocasa.es\/fotocasa-life\/wp-json\/wp\/v2\/categories?post=5263"},{"taxonomy":"post_tag","embeddable":true,"href":"https:\/\/www.fotocasa.es\/fotocasa-life\/wp-json\/wp\/v2\/tags?post=5263"}],"curies":[{"name":"wp","href":"https:\/\/api.w.org\/{rel}","templated":true}]}}