{"id":51979,"date":"2020-09-17T13:17:13","date_gmt":"2020-09-17T11:17:13","guid":{"rendered":"https:\/\/www.fotocasa.es\/fotocasa-life\/?p=51979"},"modified":"2020-11-27T13:01:32","modified_gmt":"2020-11-27T12:01:32","slug":"los-ratings-de-bankia-y-caixabank-se-mantienen-sin-tener-en-cuenta-la-fusion","status":"publish","type":"post","link":"https:\/\/www.fotocasa.es\/fotocasa-life\/hipotecas-finanzas\/los-ratings-de-bankia-y-caixabank-se-mantienen-sin-tener-en-cuenta-la-fusion\/","title":{"rendered":"Los ratings de Bankia y CaixaBank se mantienen sin tener en cuenta la fusi\u00f3n"},"content":{"rendered":"<p><strong>La agencia de calificaci\u00f3n crediticia Fitch Ratings ha decidido mantener sin cambios las notas como emisores a largo plazo tanto de Bankia como de CaixaBank<\/strong>, aunque ha alertado de que sus revisiones no tienen en cuenta el potencial efecto crediticio de la fusi\u00f3n entre ambos, ya que esta todav\u00eda no se ha formalizado ni se han definido los t\u00e9rminos, seg\u00fan ha informado este mi\u00e9rcoles.<\/p>\n<p>As\u00ed, Fitch <strong>ha decidido mantener el rating de Bankia en &#8216;BBB&#8217;<\/strong>, al tiempo que ha sacado a la entidad de su lista de revisi\u00f3n especial negativa y le ha asignado una perspectiva negativa. En lo que respecta a CaixaBank, Fitch<strong> ha dejado sin cambios tanto la nota &#8216;BBB+&#8217; como la perspectiva, tambi\u00e9n negativa.<\/strong><\/p>\n<p>La calificadora ha decidido mantener la nota de Bankia ya que, en su opini\u00f3n, <strong>la nota no est\u00e1 \u00abinmediatamente en riesgo\u00bb<\/strong> por el impacto de la ralentizaci\u00f3n econ\u00f3mica provocada por la pandemia gracias a sus colchones de capital, que le han proporcionado \u00abespacio de maniobra\u00bb para absorber la \u00abposible\u00bb reducci\u00f3n de la rentabilidad y el mayor riesgo crediticio.<\/p>\n<p>No obstante, Fitch ha decidido asignar al banco presidido por Jos\u00e9 Ignacio Goirigolzarri una perspectiva negativa porque los riesgos \u00absiguen alineados a la baja a medio plazo, especialmente si la recesi\u00f3n demuestra ser m\u00e1s profunda o si la recuperaci\u00f3n es m\u00e1s d\u00e9bil que en nuestras previsiones\u00bb. Esto podr\u00eda provocar un <strong>alza de los pr\u00e9stamos dudosos, una generaci\u00f3n de ingresos m\u00e1s d\u00e9bil o mayores p\u00e9rdidas crediticias<\/strong>, lo que acabar\u00eda provocando una erosi\u00f3n de capital mayor de lo esperado.<\/p>\n<p>De su lado, Fitch ha explicado que <strong>el rating de CaixaBank, situado un pelda\u00f1o por encima del de Bankia, refleja su \u00abs\u00f3lida\u00bb posici\u00f3n en los segmentos de banca minorista, seguros y gesti\u00f3n de activos en Espa\u00f1a<\/strong>, lo que le ha proporcionado \u00abestabilidad de ingresos\u00bb pese a los cambios de signo de la econom\u00eda. La calificadora de riesgos tambi\u00e9n considera que la entidad cuenta con una \u00abadecuada capitalizaci\u00f3n\u00bb para absorber una ca\u00edda \u00abmoderada\u00bb de la calidad de los activos o de las ganancias, pese al riesgo de mercado procedente de su cartera de inversiones.<\/p>\n<p>Sin embargo, la perspectiva negativa se corresponde con la opini\u00f3n de Fitch de que <strong>el impacto econ\u00f3mico en Espa\u00f1a por la pandemia supone un \u00abriesgo\u00bb para el entorno operativo bancario<\/strong>, as\u00ed como una \u00abamenaza\u00bb para la implementaci\u00f3n de los objetivos estrat\u00e9gicos y de negocio de la entidad. La perspectiva tambi\u00e9n refleja las \u00abpresiones\u00bb sobre el beneficio y la calidad de los activos a medio plazo.<\/p>\n<p>\u00abSi se alcanza un acuerdo de fusi\u00f3n entre Bankia y CaixaBank, tras la publicaci\u00f3n de los detalles del acuerdo y tras nuestra valoraci\u00f3n de los riesgos de ejecuci\u00f3n, incluyendo la recepci\u00f3n de las aprobaciones regulatorias, <strong>realizaremos una revisi\u00f3n de los ratings bas\u00e1ndonos en las m\u00e9tricas financieras y las expectativas de Fitch para el medio plazo<\/strong>\u00ab, ha indicado la firma de calificaci\u00f3n.<\/p>\n<h2>Reuni\u00f3n de los consejos<\/h2>\n<p><strong>Los consejos de ambas entidades bancarias se reunir\u00e1n finalmente este jueves, 17 de septiembre<\/strong>, una vez dispongan de todos los datos de la &#8216;due diligence&#8217;, para dar &#8216;luz verde&#8217; a la fusi\u00f3n y definir el precio de la operaci\u00f3n.<\/p>\n<p>La reuni\u00f3n de ma\u00f1ana dar\u00e1 el pistoletazo de salida a una <strong>operaci\u00f3n que crear\u00e1 un grupo con activos por importe de 650.000 millones de euros<\/strong>, unas 6.600 sucursales (4.400 la entidad de origen catal\u00e1n y m\u00e1s de 2.200 la entidad nacionalizada) y una plantilla conjunta superior a los 51.000 empleados (casi 35.600 CaixaBank y unos 16.000 Bankia), lo que propiciar\u00eda significativas sinergias.<\/p>\n","protected":false},"excerpt":{"rendered":"<p>La agencia de calificaci\u00f3n crediticia Fitch Ratings ha decidido mantener sin cambios las notas como emisores a largo plazo tanto de Bankia como de CaixaBank, aunque ha alertado de que sus revisiones no tienen en cuenta el potencial efecto crediticio de la fusi\u00f3n entre ambos, ya que esta todav\u00eda no se ha formalizado ni se&#8230;<\/p>\n","protected":false},"author":78,"featured_media":51980,"comment_status":"open","ping_status":"closed","sticky":false,"template":"","format":"standard","meta":{"_lmt_disableupdate":"yes","_lmt_disable":"","footnotes":""},"categories":[6],"tags":[1257,31,118,1020,140],"class_list":["post-51979","post","type-post","status-publish","format-standard","has-post-thumbnail","hentry","category-hipotecas-finanzas","tag-banca-espanola","tag-bancos","tag-economia","tag-economia-espanola","tag-fitch"],"modified_by":null,"_links":{"self":[{"href":"https:\/\/www.fotocasa.es\/fotocasa-life\/wp-json\/wp\/v2\/posts\/51979","targetHints":{"allow":["GET"]}}],"collection":[{"href":"https:\/\/www.fotocasa.es\/fotocasa-life\/wp-json\/wp\/v2\/posts"}],"about":[{"href":"https:\/\/www.fotocasa.es\/fotocasa-life\/wp-json\/wp\/v2\/types\/post"}],"author":[{"embeddable":true,"href":"https:\/\/www.fotocasa.es\/fotocasa-life\/wp-json\/wp\/v2\/users\/78"}],"replies":[{"embeddable":true,"href":"https:\/\/www.fotocasa.es\/fotocasa-life\/wp-json\/wp\/v2\/comments?post=51979"}],"version-history":[{"count":0,"href":"https:\/\/www.fotocasa.es\/fotocasa-life\/wp-json\/wp\/v2\/posts\/51979\/revisions"}],"wp:featuredmedia":[{"embeddable":true,"href":"https:\/\/www.fotocasa.es\/fotocasa-life\/wp-json\/wp\/v2\/media\/51980"}],"wp:attachment":[{"href":"https:\/\/www.fotocasa.es\/fotocasa-life\/wp-json\/wp\/v2\/media?parent=51979"}],"wp:term":[{"taxonomy":"category","embeddable":true,"href":"https:\/\/www.fotocasa.es\/fotocasa-life\/wp-json\/wp\/v2\/categories?post=51979"},{"taxonomy":"post_tag","embeddable":true,"href":"https:\/\/www.fotocasa.es\/fotocasa-life\/wp-json\/wp\/v2\/tags?post=51979"}],"curies":[{"name":"wp","href":"https:\/\/api.w.org\/{rel}","templated":true}]}}