{"id":51556,"date":"2020-09-02T12:20:40","date_gmt":"2020-09-02T10:20:40","guid":{"rendered":"https:\/\/blog-fotocasa-admin.wpsites-scmspain.com\/blog\/?p=51556"},"modified":"2020-11-27T13:04:17","modified_gmt":"2020-11-27T12:04:17","slug":"el-precio-del-alquiler-sube-mas-del-50-en-cinco-anos","status":"publish","type":"post","link":"https:\/\/www.fotocasa.es\/fotocasa-life\/alquiler\/el-precio-del-alquiler-sube-mas-del-50-en-cinco-anos\/","title":{"rendered":"El precio del alquiler sube m\u00e1s del 50% en cinco a\u00f1os"},"content":{"rendered":"<p>El precio acumulativo de la vivienda en alquiler en la primera mitad de 2020 (junio 2020) ha subido en Espa\u00f1a un 52% desde junio de 2015, seg\u00fan el estudio <em><strong>\u201cVariaci\u00f3n acumulativa de la vivienda en Espa\u00f1a\u201d<\/strong><\/em> \u00a0basado en los datos de junio de 2020 del \u00cdndice Inmobiliario <a href=\"https:\/\/www.fotocasa.es\/es\/\">Fotocasa.<\/a><\/p>\n<h2>Variaci\u00f3n acumulativa (%) por a\u00f1os (junio 2015 &#8211; junio 2020)<\/h2>\n<p><img loading=\"lazy\" decoding=\"async\" class=\"aligncenter wp-image-51570 size-full\" title=\"variacion acumulativa\" src=\"https:\/\/www.fotocasa.es\/fotocasa-life\/wp-content\/uploads\/2020\/09\/Variacion-acumulativa-anos.png\" alt=\"- - - -\" width=\"659\" height=\"273\" srcset=\"https:\/\/www.fotocasa.es\/fotocasa-life\/wp-content\/uploads\/2020\/09\/Variacion-acumulativa-anos.png 659w, https:\/\/www.fotocasa.es\/fotocasa-life\/wp-content\/uploads\/2020\/09\/Variacion-acumulativa-anos-300x124.png 300w, https:\/\/www.fotocasa.es\/fotocasa-life\/wp-content\/uploads\/2020\/09\/Variacion-acumulativa-anos-150x62.png 150w\" sizes=\"auto, (max-width: 659px) 100vw, 659px\" \/><\/p>\n<p>Analizando los incrementos porcentuales acumulados desde 2015, <strong>el precio medio del metro cuadrado de la vivienda en alquiler ha aumentado un 52% en Espa\u00f1a<\/strong> (de 7,13 euros\/m2 al mes en junio de 2015, a 10,82 euros\/m2 al mes en junio de 2020).<\/p>\n<p><em>\u201cLa demanda de vivienda en alquiler ha despegado con fuerza en nuestro pa\u00eds en los \u00faltimos a\u00f1os y ha empujado a que los precios crezcan mucho en poco tiempo. Este hecho sumado a la <strong>escasez de oferta de vivienda en alquiler<\/strong> en nuestro pa\u00eds explica los grandes incrementos que estamos registrando. De hecho, en nueve comunidades aut\u00f3nomas se han superado durante los \u00faltimos meses los precios m\u00e1ximos que se hab\u00edan alcanzado en los a\u00f1os de la burbuja inmobiliaria\u201d<\/em>, explica Ana\u00efs L\u00f3pez, directora de Comunicaci\u00f3n de <a href=\"https:\/\/www.fotocasa.es\/es\/\">Fotocasa<\/a>.<\/p>\n<p>As\u00ed, los espa\u00f1oles en 2015 deb\u00edan pagar por el <strong>alquiler de una vivienda de 80 m2<\/strong> una media de 570 euros\/mes (junio de 2015, 7,13 \u20ac\/m2 al mes) frente a los <strong>866 euros<\/strong> (junio de 2020, 10,82 \u20ac\/m2 al mes) que se paga como <strong>media en Espa\u00f1a en 2020<\/strong>.<\/p>\n<h2>CCAA con porcentajes (%) acumulativo (comparativa 2020 &#8211; 2015)<\/h2>\n<p><img loading=\"lazy\" decoding=\"async\" class=\"size-full wp-image-51604 aligncenter\" src=\"https:\/\/www.fotocasa.es\/fotocasa-life\/wp-content\/uploads\/2020\/09\/variacion-comunidades-autonomas.jpg\" alt=\"- - - -\" width=\"629\" height=\"426\" title=\"-\" srcset=\"https:\/\/www.fotocasa.es\/fotocasa-life\/wp-content\/uploads\/2020\/09\/variacion-comunidades-autonomas.jpg 629w, https:\/\/www.fotocasa.es\/fotocasa-life\/wp-content\/uploads\/2020\/09\/variacion-comunidades-autonomas-300x203.jpg 300w, https:\/\/www.fotocasa.es\/fotocasa-life\/wp-content\/uploads\/2020\/09\/variacion-comunidades-autonomas-150x102.jpg 150w\" sizes=\"auto, (max-width: 629px) 100vw, 629px\" \/><\/p>\n<h2>Los valencianos, catalanes, madrile\u00f1os y canarios son los m\u00e1s afectados por el incremento del alquiler<\/h2>\n<p>De las comunidades aut\u00f3nomas que m\u00e1s se han visto afectadas por el incremento del alquiler estos \u00faltimos cinco a\u00f1os, <strong>cuatro de ellas superan el 50%<\/strong> de incrementos desde 2015, seg\u00fan el estudio de <a href=\"https:\/\/www.fotocasa.es\/es\/\">Fotocasa<\/a>. El <a href=\"https:\/\/www.fotocasa.es\/fotocasa-life\/alquiler\/conoce-el-precio-de-la-vivienda-en-alquiler-en-tu-zona\/\">precio de la vivienda de alquiler<\/a> en <strong>Comunitat Valenciana<\/strong> ha pasado de 5,16 \u20ac\/m2 al mes en junio de 2015 a 8,67 \u20ac\/m2 al mes en junio de 2020 (68% de incremento); en <strong>Catalu\u00f1a<\/strong> de 9,17 \u20ac\/m2 al mes a 14,63 \u20ac\/m2 al mes (60%), <strong>Madrid<\/strong> de 9,77 \u20ac\/m2 al mes a 15,30 \u20ac\/m2 al mes (57 %) y <strong>Canarias<\/strong> de 6,15 \u20ac\/m2 al mes a 9,61 \u20ac\/m2 al mes (56%), en los \u00faltimos cinco a\u00f1os.<\/p>\n<p>El orden de las CCAA con incremento acumulativo de los alquileres en Espa\u00f1a es: Comunitat Valenciana (68%), Catalu\u00f1a (60%), Madrid (57%), Canarias (56%), Baleares (49%), Navarra\u00a0 (44%), Regi\u00f3n de Murcia (43%), Andaluc\u00eda (43%), Cantabria (33%), Arag\u00f3n (32%), Pa\u00eds Vasco (31%), Galicia (29%), Castilla-La Mancha (26%), La Rioja (26%), Castilla y Le\u00f3n (26%), Asturias (21%) y Extremadura (17%).<\/p>\n<p><img loading=\"lazy\" decoding=\"async\" class=\"wp-image-51605 size-full aligncenter\" title=\"incremento del precio de la vivienda\" src=\"https:\/\/www.fotocasa.es\/fotocasa-life\/wp-content\/uploads\/2020\/09\/incremento-precio-alquiler.jpg\" alt=\"- - - -\" width=\"586\" height=\"476\" srcset=\"https:\/\/www.fotocasa.es\/fotocasa-life\/wp-content\/uploads\/2020\/09\/incremento-precio-alquiler.jpg 586w, https:\/\/www.fotocasa.es\/fotocasa-life\/wp-content\/uploads\/2020\/09\/incremento-precio-alquiler-300x244.jpg 300w, https:\/\/www.fotocasa.es\/fotocasa-life\/wp-content\/uploads\/2020\/09\/incremento-precio-alquiler-150x122.jpg 150w\" sizes=\"auto, (max-width: 586px) 100vw, 586px\" \/><\/p>\n<h2>Por ciudades<\/h2>\n<p><strong>Valencia capital, Murcia capital y Santa Cruz de Tenerife capital son las ciudades cuyo incremento supera el 50% desde 2015,<\/strong> seg\u00fan el estudio de <a href=\"http:\/\/www.fotocasa.es\">Fotocasa.<\/a><\/p>\n<p>Las diez ciudades con mayor incremento acumulativo de los alquileres en Espa\u00f1a son: Valencia capital (77%), Murcia capital (58%), Santa Cruz de Tenerife capital (52%), M\u00e1laga capital (48%), Madrid capital (47%), Palma de Mallorca (44%), Alicante \/ Alacant (41%), Pontevedra capital (41%), Las Palmas de Gran Canaria (40%) y Castell\u00f3n de la Plana \/ Castell\u00f3 de la Plana (40%).<\/p>\n<p>Por otro lado, las diez ciudades menos afectadas por el incremento del alquiler desde 2015 son: Ciudad Real capital (9%), Badajoz capital (12%), C\u00e1ceres capital (15%), C\u00f3rdoba capital (15%), Zamora capital (17%), Salamanca capital (17%), Burgos capital (17%), Ja\u00e9n capital (19%), Oviedo (19%) y Palencia capital (21%).<\/p>\n","protected":false},"excerpt":{"rendered":"<p>El precio acumulativo de la vivienda en alquiler en la primera mitad de 2020 (junio 2020) ha subido en Espa\u00f1a un 52% desde junio de 2015, seg\u00fan el estudio \u201cVariaci\u00f3n acumulativa de la vivienda en Espa\u00f1a\u201d \u00a0basado en los datos de junio de 2020 del \u00cdndice Inmobiliario Fotocasa. Variaci\u00f3n acumulativa (%) por a\u00f1os (junio 2015&#8230;<\/p>\n","protected":false},"author":3,"featured_media":51606,"comment_status":"open","ping_status":"closed","sticky":false,"template":"","format":"standard","meta":{"_lmt_disableupdate":"yes","_lmt_disable":"","footnotes":""},"categories":[2],"tags":[1859,764,846],"class_list":["post-51556","post","type-post","status-publish","format-standard","has-post-thumbnail","hentry","category-alquiler","tag-alquiler","tag-indice-de-precios-de-vivienda","tag-indice-inmobiliario-fotocasa"],"modified_by":null,"_links":{"self":[{"href":"https:\/\/www.fotocasa.es\/fotocasa-life\/wp-json\/wp\/v2\/posts\/51556","targetHints":{"allow":["GET"]}}],"collection":[{"href":"https:\/\/www.fotocasa.es\/fotocasa-life\/wp-json\/wp\/v2\/posts"}],"about":[{"href":"https:\/\/www.fotocasa.es\/fotocasa-life\/wp-json\/wp\/v2\/types\/post"}],"author":[{"embeddable":true,"href":"https:\/\/www.fotocasa.es\/fotocasa-life\/wp-json\/wp\/v2\/users\/3"}],"replies":[{"embeddable":true,"href":"https:\/\/www.fotocasa.es\/fotocasa-life\/wp-json\/wp\/v2\/comments?post=51556"}],"version-history":[{"count":0,"href":"https:\/\/www.fotocasa.es\/fotocasa-life\/wp-json\/wp\/v2\/posts\/51556\/revisions"}],"wp:featuredmedia":[{"embeddable":true,"href":"https:\/\/www.fotocasa.es\/fotocasa-life\/wp-json\/wp\/v2\/media\/51606"}],"wp:attachment":[{"href":"https:\/\/www.fotocasa.es\/fotocasa-life\/wp-json\/wp\/v2\/media?parent=51556"}],"wp:term":[{"taxonomy":"category","embeddable":true,"href":"https:\/\/www.fotocasa.es\/fotocasa-life\/wp-json\/wp\/v2\/categories?post=51556"},{"taxonomy":"post_tag","embeddable":true,"href":"https:\/\/www.fotocasa.es\/fotocasa-life\/wp-json\/wp\/v2\/tags?post=51556"}],"curies":[{"name":"wp","href":"https:\/\/api.w.org\/{rel}","templated":true}]}}