{"id":49976,"date":"2020-07-06T09:33:10","date_gmt":"2020-07-06T07:33:10","guid":{"rendered":"https:\/\/www.fotocasa.es\/fotocasa-life\/?p=49976"},"modified":"2020-12-16T13:50:53","modified_gmt":"2020-12-16T12:50:53","slug":"como-afectara-el-erte-en-la-proxima-declaracion-de-la-renta","status":"publish","type":"post","link":"https:\/\/www.fotocasa.es\/fotocasa-life\/hipotecas-finanzas\/como-afectara-el-erte-en-la-proxima-declaracion-de-la-renta\/","title":{"rendered":"\u00bfC\u00f3mo afectar\u00e1 el ERTE en la pr\u00f3xima declaraci\u00f3n de la Renta?"},"content":{"rendered":"<p>Aunque el plazo para presentar la <a href=\"https:\/\/www.fotocasa.es\/fotocasa-life\/hipotecas-finanzas\/asi-sera-la-declaracion-de-la-renta-2019\/\"><strong>declaraci\u00f3n de la Renta 2019<\/strong><\/a> acaba de terminar, la situaci\u00f3n actual generada por la <strong>covid-19<\/strong>, que ha provocado numerosos ERTE, invita a poner la vista en la campa\u00f1a de 2020. \u00bfPor qu\u00e9 muchos de los espa\u00f1oles que se han visto afectados por un <strong>ERTE<\/strong> tendr\u00e1n que pagar en la <strong>pr\u00f3xima declaraci\u00f3n de la Renta<\/strong>?<\/p>\n<p>Los <a href=\"https:\/\/www.legalitas.com\/pymes-autonomos\/actualidad\/consultas-frecuentes\/contenidos\/Que-es-un-ERTE\" target=\"_blank\" rel=\"noopener noreferrer\"><strong>Expedientes de Regulaci\u00f3n Temporal de Empleo (ERTE)<\/strong><\/a> se han convertido en algunas de las palabras m\u00e1s mencionadas en los \u00faltimos meses a ra\u00edz de la crisis sanitaria y el cese temporal de la actividad en muchas empresas. Precisamente, un <strong>ERTE<\/strong>, siempre que est\u00e9 debidamente justificado, permite a las empresas <strong>suspender temporalmente los contratos de trabajo o reducir la jornada laboral<\/strong> de los empleados.<\/p>\n<h2>\u00bfTendr\u00e1n que hacer la declaraci\u00f3n de la Renta las personas afectadas por un ERTE?<\/h2>\n<p>Este cambio en la situaci\u00f3n laboral de una persona, aunque sea temporal, puede tener su reflejo posteriormente en la declaraci\u00f3n de la Renta. Pero lo primero que hay que saber es si esa persona est\u00e1 obligada a hacer la declaraci\u00f3n.<\/p>\n<p>La <a href=\"https:\/\/www.agenciatributaria.es\/AEAT.internet\/Inicio\/Ayuda\/Manuales__Folletos_y_Videos\/Manuales_de_ayuda_a_la_presentacion\/Ejercicio_2019\/_Ayuda_Modelo_100\/2__Obligacion_de_declarar\/2__Obligacion_de_declarar.html\" target=\"_blank\" rel=\"noopener noreferrer\"><strong>Agencia Tributaria<\/strong><\/a> define aquellos casos en los que s\u00ed que hay que hacerla. En este sentido, no hay ninguna excepci\u00f3n vinculada espec\u00edficamente a los ERTE. Lo que s\u00ed se\u00f1alan es que,<strong> hasta un importe de 22.000 euros brutos<\/strong> no es obligatorio declarar a Hacienda, siempre y cuando s\u00f3lo haya habido <strong>un pagador<\/strong>. Sin embargo, esta cantidad se reduce a<strong> 14.000 euros cuando se tiene dos o m\u00e1s pagadores. <\/strong><\/p>\n<p>Por lo tanto, teniendo en cuenta que el <strong>SEPE<\/strong> (Servicio P\u00fablico de Empleo Estatal), entidad p\u00fablica encargada de gestionar los ERTE, cuenta como<strong> segundo pagador<\/strong>, previsiblemente en 2021 habr\u00e1 m\u00e1s personas obligadas a presentar la Declaraci\u00f3n de la Renta.<\/p>\n<p><img loading=\"lazy\" decoding=\"async\" class=\"alignnone wp-image-49980 size-full\" title=\"dos pagadores en la declaracion de la renta\" src=\"https:\/\/www.fotocasa.es\/fotocasa-life\/wp-content\/uploads\/2020\/07\/Dos-pagadores-Renta.jpg\" alt=\"dos pagadores en la renta\" width=\"980\" height=\"550\" srcset=\"https:\/\/www.fotocasa.es\/fotocasa-life\/wp-content\/uploads\/2020\/07\/Dos-pagadores-Renta.jpg 980w, https:\/\/www.fotocasa.es\/fotocasa-life\/wp-content\/uploads\/2020\/07\/Dos-pagadores-Renta-300x168.jpg 300w, https:\/\/www.fotocasa.es\/fotocasa-life\/wp-content\/uploads\/2020\/07\/Dos-pagadores-Renta-150x84.jpg 150w, https:\/\/www.fotocasa.es\/fotocasa-life\/wp-content\/uploads\/2020\/07\/Dos-pagadores-Renta-768x431.jpg 768w\" sizes=\"auto, (max-width: 980px) 100vw, 980px\" \/><\/p>\n<h2>\u00bfC\u00f3mo se paga el IRPF en un Expediente de Regulaci\u00f3n Temporal de Empleo?<\/h2>\n<p>Siendo conscientes del hecho de que el SEPE cuenta como pagador, el siguiente paso es saber c\u00f3mo funciona la <strong>retenci\u00f3n del IRPF en un ERTE.<\/strong> Seg\u00fan <a href=\"https:\/\/www.sepe.es\/HomeSepe\/Personas\/distributiva-prestaciones\/FAQS\/expedientes-regulacion-empleo\/retencion-irpf-paro-ere.html\" target=\"_blank\" rel=\"noopener\">se se\u00f1ala desde el propio SEPE<\/a>, las prestaciones por desempleo contemplan la retenci\u00f3n del Impuesto sobre la Renta de las Personas F\u00edsicas (IRPF). Pese a esto, no es habitual que estas prestaciones incluyan retenciones puesto que no alcanzan el m\u00ednimo obligatorio para aplicarla.<\/p>\n<p>Con esto lo que sucede es que, debido a la reducida (o inexistente) cantidad retenida durante el ejercicio a causa del ERTE, en la siguiente declaraci\u00f3n de la Renta haya que compensarla. Esto supondr\u00eda que una persona que ha estado en situaci\u00f3n de ERTE tendr\u00eda que <strong>pagar en la declaraci\u00f3n las retenciones correspondientes.<\/strong><\/p>\n<p>Por lo tanto, un trabajador en ERTE tambi\u00e9n tiene la posibilidad de<strong> solicitar que se le retenga<\/strong> (o que se incremente el porcentaje de retenci\u00f3n) en su prestaci\u00f3n por desempleo y, de esta manera, evitar que el pago del IRPF se acumule para el momento de la declaraci\u00f3n.<\/p>\n<p>Aunque a\u00fan falten muchos meses para la <strong>Declaraci\u00f3n de la Renta 2020<\/strong> y existan entidades como la <a href=\"https:\/\/www.eleconomista.es\/economia\/noticias\/10608425\/06\/20\/La-USO-solicita-a-Hacienda-que-los-ERTEs-no-cuenten-como-segundo-pagador-en-la-Renta-2020.html\" target=\"_blank\" rel=\"noopener noreferrer\">Uni\u00f3n Sindical Obrera que han solicitado que los ERTE<\/a> no se contabilicen como segundo pagador, lo recomendable es que, cuando llegue el momento de <a href=\"https:\/\/www.fotocasa.es\/fotocasa-life\/hipotecas-finanzas\/como-consultar-borrador-renta-2019\/\"><strong>presentar el borrador<\/strong><\/a>, se consulte con un profesional como un gestor. De esta manera, se pueden evitar problemas futuros y conocer con detalle qu\u00e9 es <a href=\"https:\/\/www.fotocasa.es\/fotocasa-life\/hipotecas-finanzas\/como-declarar-inmueble-renta-2019\/\">lo que hay que declarar y c\u00f3mo<\/a>.<\/p>\n","protected":false},"excerpt":{"rendered":"<p>Aunque el plazo para presentar la declaraci\u00f3n de la Renta 2019 acaba de terminar, la situaci\u00f3n actual generada por la covid-19, que ha provocado numerosos ERTE, invita a poner la vista en la campa\u00f1a de 2020. \u00bfPor qu\u00e9 muchos de los espa\u00f1oles que se han visto afectados por un ERTE tendr\u00e1n que pagar en la&#8230;<\/p>\n","protected":false},"author":3,"featured_media":49981,"comment_status":"open","ping_status":"closed","sticky":false,"template":"","format":"standard","meta":{"_lmt_disableupdate":"yes","_lmt_disable":"","footnotes":""},"categories":[6,4280],"tags":[2671,350,2669,722],"class_list":["post-49976","post","type-post","status-publish","format-standard","has-post-thumbnail","hentry","category-hipotecas-finanzas","category-fiscalidad","tag-campana-de-la-renta","tag-declaracion-de-la-renta","tag-hacienda","tag-irpf"],"modified_by":null,"_links":{"self":[{"href":"https:\/\/www.fotocasa.es\/fotocasa-life\/wp-json\/wp\/v2\/posts\/49976","targetHints":{"allow":["GET"]}}],"collection":[{"href":"https:\/\/www.fotocasa.es\/fotocasa-life\/wp-json\/wp\/v2\/posts"}],"about":[{"href":"https:\/\/www.fotocasa.es\/fotocasa-life\/wp-json\/wp\/v2\/types\/post"}],"author":[{"embeddable":true,"href":"https:\/\/www.fotocasa.es\/fotocasa-life\/wp-json\/wp\/v2\/users\/3"}],"replies":[{"embeddable":true,"href":"https:\/\/www.fotocasa.es\/fotocasa-life\/wp-json\/wp\/v2\/comments?post=49976"}],"version-history":[{"count":0,"href":"https:\/\/www.fotocasa.es\/fotocasa-life\/wp-json\/wp\/v2\/posts\/49976\/revisions"}],"wp:featuredmedia":[{"embeddable":true,"href":"https:\/\/www.fotocasa.es\/fotocasa-life\/wp-json\/wp\/v2\/media\/49981"}],"wp:attachment":[{"href":"https:\/\/www.fotocasa.es\/fotocasa-life\/wp-json\/wp\/v2\/media?parent=49976"}],"wp:term":[{"taxonomy":"category","embeddable":true,"href":"https:\/\/www.fotocasa.es\/fotocasa-life\/wp-json\/wp\/v2\/categories?post=49976"},{"taxonomy":"post_tag","embeddable":true,"href":"https:\/\/www.fotocasa.es\/fotocasa-life\/wp-json\/wp\/v2\/tags?post=49976"}],"curies":[{"name":"wp","href":"https:\/\/api.w.org\/{rel}","templated":true}]}}