{"id":4972,"date":"2015-01-22T14:10:25","date_gmt":"2015-01-22T13:10:25","guid":{"rendered":"https:\/\/www.fotocasa.es\/fotocasa-life\/?p=4972"},"modified":"2020-11-27T11:32:05","modified_gmt":"2020-11-27T10:32:05","slug":"moodys-asegura-que-la-morosidad-de-la-banca-espanola-ha-tocado-techo","status":"publish","type":"post","link":"https:\/\/www.fotocasa.es\/fotocasa-life\/hipotecas-finanzas\/moodys-asegura-que-la-morosidad-de-la-banca-espanola-ha-tocado-techo\/","title":{"rendered":"Moody\u2019s asegura que la morosidad de la banca espa\u00f1ola ha tocado techo"},"content":{"rendered":"<p>La vuelta al crecimiento econ\u00f3mico, la reducci\u00f3n de los niveles de desempleo, la desaceleraci\u00f3n de la ca\u00edda de los precios de la vivienda y la mejora de la confianza de los consumidores sugieren que la morosidad de los bancos espa\u00f1oles puede haber tocado techo, seg\u00fan la agencia de calificaci\u00f3n <a title=\"Moody&#039;s\" href=\"https:\/\/www.moodys.com\/pages\/default_es.aspx\" target=\"_blank\" rel=\"noopener noreferrer\"><strong>Moody&#8217;s<\/strong><\/a>.<\/p>\n<p>\u00abLos indicadores l\u00edderes que observamos para valorar el estado de la banca espa\u00f1ola apuntan a una estabilizaci\u00f3n de los pr\u00e9stamos en riesgo de mora en el balance de las entidades, el problema m\u00e1s acuciante para las entidades financieras del pa\u00eds desde el <a title=\"Cronolog\u00eda: la crisis econ\u00f3mica en titulares\" href=\"https:\/\/www.fotocasa.es\/fotocasa-life\/compraventa\/cronologia-la-crisis-economica-en-titulares\/\"><strong>inicio de la crisis econ\u00f3mica<\/strong><\/a>\u00ab, se\u00f1ala la calificadora de riesgos. Y subraya que, aunque no prev\u00e9 un cambio significativo en la situaci\u00f3n, cree que la mora de los bancos \u00abha tocado m\u00e1ximos\u00bb.<\/p>\n<p>La empresa sostiene que el retorno a la senda del crecimiento de la econom\u00eda espa\u00f1ola ha permitido reducir los niveles de desempleo e impulsar la confianza de empresas y consumidores, mejorando as\u00ed las perspectivas para los bancos.<\/p>\n<p>\u00abTambi\u00e9n observamos una ralentizaci\u00f3n en el ritmo de <a title=\"El precio de la vivienda registra el menor descenso de los \u00faltimos cuatro a\u00f1os\" href=\"https:\/\/www.fotocasa.es\/fotocasa-life\/compraventa\/el-precio-de-la-vivienda-registra-el-menor-descenso-desde-2010\/\"><strong>bajada de los precios de la vivienda<\/strong><\/a>, mientras que mejora el endeudamiento de los hogares\u00bb, se\u00f1ala Moody&#8217;s, que cree que esto sugiere los problemas para las entidades relacionados con el sector inmobiliario crecer\u00e1n a un ritmo mucho menor en el futuro.<\/p>\n<p>&nbsp;<\/p>\n","protected":false},"excerpt":{"rendered":"<p>La vuelta al crecimiento econ\u00f3mico, la reducci\u00f3n de los niveles de desempleo, la desaceleraci\u00f3n de la ca\u00edda de los precios de la vivienda y la mejora de la confianza de los consumidores sugieren que la morosidad de los bancos espa\u00f1oles puede haber tocado techo, seg\u00fan la agencia de calificaci\u00f3n Moody&#8217;s. \u00abLos indicadores l\u00edderes que observamos&#8230;<\/p>\n","protected":false},"author":3,"featured_media":1888,"comment_status":"open","ping_status":"open","sticky":false,"template":"","format":"standard","meta":{"_lmt_disableupdate":"yes","_lmt_disable":"","footnotes":""},"categories":[6],"tags":[911,1257,31,118,879,777,177,1256],"class_list":["post-4972","post","type-post","status-publish","format-standard","has-post-thumbnail","hentry","category-hipotecas-finanzas","tag-agentes-inmobiliarios","tag-banca-espanola","tag-bancos","tag-economia","tag-mejora-previsiones","tag-moodys","tag-morosidad","tag-morosidad-de-la-banca"],"modified_by":"Albert PC","_links":{"self":[{"href":"https:\/\/www.fotocasa.es\/fotocasa-life\/wp-json\/wp\/v2\/posts\/4972","targetHints":{"allow":["GET"]}}],"collection":[{"href":"https:\/\/www.fotocasa.es\/fotocasa-life\/wp-json\/wp\/v2\/posts"}],"about":[{"href":"https:\/\/www.fotocasa.es\/fotocasa-life\/wp-json\/wp\/v2\/types\/post"}],"author":[{"embeddable":true,"href":"https:\/\/www.fotocasa.es\/fotocasa-life\/wp-json\/wp\/v2\/users\/3"}],"replies":[{"embeddable":true,"href":"https:\/\/www.fotocasa.es\/fotocasa-life\/wp-json\/wp\/v2\/comments?post=4972"}],"version-history":[{"count":0,"href":"https:\/\/www.fotocasa.es\/fotocasa-life\/wp-json\/wp\/v2\/posts\/4972\/revisions"}],"wp:featuredmedia":[{"embeddable":true,"href":"https:\/\/www.fotocasa.es\/fotocasa-life\/wp-json\/wp\/v2\/media\/1888"}],"wp:attachment":[{"href":"https:\/\/www.fotocasa.es\/fotocasa-life\/wp-json\/wp\/v2\/media?parent=4972"}],"wp:term":[{"taxonomy":"category","embeddable":true,"href":"https:\/\/www.fotocasa.es\/fotocasa-life\/wp-json\/wp\/v2\/categories?post=4972"},{"taxonomy":"post_tag","embeddable":true,"href":"https:\/\/www.fotocasa.es\/fotocasa-life\/wp-json\/wp\/v2\/tags?post=4972"}],"curies":[{"name":"wp","href":"https:\/\/api.w.org\/{rel}","templated":true}]}}