{"id":49489,"date":"2023-12-12T11:00:11","date_gmt":"2023-12-12T10:00:11","guid":{"rendered":"https:\/\/www.fotocasa.es\/fotocasa-life\/?p=49489"},"modified":"2023-12-12T11:14:10","modified_gmt":"2023-12-12T10:14:10","slug":"que-es-la-ley-de-propiedad-horizontal-y-para-que-sirve","status":"publish","type":"post","link":"https:\/\/www.fotocasa.es\/fotocasa-life\/compraventa\/que-es-la-ley-de-propiedad-horizontal-y-para-que-sirve\/","title":{"rendered":"\u00bfQu\u00e9 es la Ley de Propiedad Horizontal y para qu\u00e9 sirve?"},"content":{"rendered":"<p>\u00bfAlguna vez te han citado la Ley de Propiedad Horizontal y desconoc\u00edas a qu\u00e9 se refer\u00edan? Tanto si vas a convertirte en propietario de una <strong>vivienda en una comunidad de vecinos<\/strong> como si ya lo eres, necesitas saber qu\u00e9 es, para qu\u00e9 sirve y qu\u00e9 regula <a href=\"https:\/\/www.fotocasa.es\/fotocasa-life\/compraventa\/los-puntos-clave-de-la-ley-de-propiedad-horizontal\/\"><strong>la Ley de Propiedad Horizontal (LPH)<\/strong><\/a>.<\/p>\n<p>Desde Fotocasa, te revelamos los detalles m\u00e1s relevantes sobre<strong>\u00a0esta ley, recogida en la Ley 49\/1960,<\/strong> de 21 de julio, que regula los derechos y las obligaciones de los propietarios de un inmueble de un edificio colectivo.<\/p>\n<p><span data-sheets-root=\"1\" data-sheets-value=\"{&quot;1&quot;:2,&quot;2&quot;:&quot;&lt;section class=&quot;mini-posts&quot;&gt;&lt;div class=&quot;row align-items-center&quot;&gt;&lt;div class=&quot;col-4 col-md-3 pt-2 pb-2&quot;&gt;&lt;div class=&quot;mini-posts__image&quot;&gt;&lt;a href=&quot;https:\/\/www.fotocasa.es\/fotocasa-life\/compraventa\/que-es-la-ley-de-propiedad-horizontal-y-para-que-sirve\/&quot;&gt;&lt;img src=&quot;https:\/\/www.fotocasa.es\/fotocasa-life\/wp-content\/uploads\/2020\/06\/shutterstock_481059994-355x230.jpg&quot; alt=&quot;&quot; \/&gt;&lt;\/a&gt;&lt;\/div&gt;&lt;\/div&gt;&lt;div class=&quot;col-8 col-md-9 pt-2 pb-2&quot;&gt;&lt;h3 class=&quot;mini-posts__title&quot;&gt;&lt;a href=&quot;https:\/\/www.fotocasa.es\/fotocasa-life\/compraventa\/que-es-la-ley-de-propiedad-horizontal-y-para-que-sirve\/&quot;&gt;&lt;\/a&gt;&lt;\/h3&gt;&lt;\/div&gt;&lt;\/div&gt;&lt;\/section&gt;&quot;}\" data-sheets-userformat=\"{&quot;2&quot;:33569281,&quot;3&quot;:{&quot;1&quot;:0},&quot;12&quot;:0,&quot;14&quot;:{&quot;1&quot;:2,&quot;2&quot;:0},&quot;15&quot;:&quot;\\&quot;Open Sans\\&quot;, sans-serif&quot;,&quot;16&quot;:11,&quot;28&quot;:1}\"><section class=\"mini-posts\"><div class=\"row align-items-center\"><div class=\"col-4 col-md-3 pt-2 pb-2\"><div class=\"mini-posts__image\"><a href=\"https:\/\/www.fotocasa.es\/fotocasa-life\/compartir-piso\/por-que-algunos-vecinos-pagan-mas-gastos-de-comunidad-que-otros\/\"><img decoding=\"async\" src=\"https:\/\/www.fotocasa.es\/fotocasa-life\/wp-content\/uploads\/2022\/01\/Gastos-comunidad.jpg\" alt=\"Por qu\u00e9 algunos vecinos pagan m\u00e1s gastos de comunidad que otros\" title=\"-\"><\/a><\/div><\/div><div class=\"col-8 col-md-9 pt-2 pb-2\"><h3 class=\"mini-posts__title\"><a href=\"https:\/\/www.fotocasa.es\/fotocasa-life\/compartir-piso\/por-que-algunos-vecinos-pagan-mas-gastos-de-comunidad-que-otros\/\">Por qu\u00e9 algunos vecinos pagan m\u00e1s gastos de comunidad que otros<\/a><\/h3><\/div><\/div><\/section><\/span><\/p>\n<h2><b>La Ley de Propiedad Horizontal (LPH) actualizada: \u00bfqu\u00e9 es y para qu\u00e9 sirve?<\/b><\/h2>\n<p>La <a href=\"https:\/\/www.boe.es\/buscar\/act.php?id=BOE-A-1960-10906\" target=\"_blank\" rel=\"noopener\"><strong>Ley 49\/1960 sobre la propiedad horizontal<\/strong><\/a> es la legislaci\u00f3n que sirve para regular todo lo relativo a la convivencia vecinal, las comunidades de propietarios y los conflictos que puedan surgir en este entorno. La LPH es, por tanto, un instrumento muy \u00fatil que conviene conocer para poder resolver cualquier problema que pueda surgir como fruto de la convivencia entre vecinos y la toma de decisiones en la comunidad.<\/p>\n<p>Esta ley tiene el objetivo de <strong>facilitar el entendimiento en las comunidades de propietarios<\/strong>, ya sean viviendas, locales u otro tipo de comunidad que comparta espacios. Entre otros aspectos, en esta ley se definen cu\u00e1les son las obligaciones de los propietarios, cu\u00e1les son los \u00f3rganos de gobierno de la comunidad y c\u00f3mo es su funcionamiento o cu\u00e1l es el papel del administrador.<\/p>\n","protected":false},"excerpt":{"rendered":"<p>Si eres o vas a ser propietario de una vivienda en un edificio colectivo, te interesa saber qu\u00e9 es la LPH<\/p>\n","protected":false},"author":3,"featured_media":49491,"comment_status":"open","ping_status":"closed","sticky":false,"template":"","format":"standard","meta":{"_lmt_disableupdate":"yes","_lmt_disable":"","footnotes":""},"categories":[3],"tags":[72,2008,73,311,226],"class_list":["post-49489","post","type-post","status-publish","format-standard","has-post-thumbnail","hentry","category-compraventa","tag-compraventa-de-vivienda","tag-comunidad-de-propietarios","tag-comunidades-de-vecinos","tag-ley-de-propiedad-horizontal","tag-propietarios"],"modified_by":"Jessica Llavero","_links":{"self":[{"href":"https:\/\/www.fotocasa.es\/fotocasa-life\/wp-json\/wp\/v2\/posts\/49489","targetHints":{"allow":["GET"]}}],"collection":[{"href":"https:\/\/www.fotocasa.es\/fotocasa-life\/wp-json\/wp\/v2\/posts"}],"about":[{"href":"https:\/\/www.fotocasa.es\/fotocasa-life\/wp-json\/wp\/v2\/types\/post"}],"author":[{"embeddable":true,"href":"https:\/\/www.fotocasa.es\/fotocasa-life\/wp-json\/wp\/v2\/users\/3"}],"replies":[{"embeddable":true,"href":"https:\/\/www.fotocasa.es\/fotocasa-life\/wp-json\/wp\/v2\/comments?post=49489"}],"version-history":[{"count":0,"href":"https:\/\/www.fotocasa.es\/fotocasa-life\/wp-json\/wp\/v2\/posts\/49489\/revisions"}],"wp:featuredmedia":[{"embeddable":true,"href":"https:\/\/www.fotocasa.es\/fotocasa-life\/wp-json\/wp\/v2\/media\/49491"}],"wp:attachment":[{"href":"https:\/\/www.fotocasa.es\/fotocasa-life\/wp-json\/wp\/v2\/media?parent=49489"}],"wp:term":[{"taxonomy":"category","embeddable":true,"href":"https:\/\/www.fotocasa.es\/fotocasa-life\/wp-json\/wp\/v2\/categories?post=49489"},{"taxonomy":"post_tag","embeddable":true,"href":"https:\/\/www.fotocasa.es\/fotocasa-life\/wp-json\/wp\/v2\/tags?post=49489"}],"curies":[{"name":"wp","href":"https:\/\/api.w.org\/{rel}","templated":true}]}}