{"id":4948,"date":"2015-01-21T15:22:46","date_gmt":"2015-01-21T14:22:46","guid":{"rendered":"https:\/\/www.fotocasa.es\/fotocasa-life\/?p=4948"},"modified":"2020-11-27T11:32:06","modified_gmt":"2020-11-27T10:32:06","slug":"el-precio-de-la-vivienda-en-la-eurozona-aumento-seis-decimas-en-el-tercer-trimestre","status":"publish","type":"post","link":"https:\/\/www.fotocasa.es\/fotocasa-life\/compraventa\/el-precio-de-la-vivienda-en-la-eurozona-aumento-seis-decimas-en-el-tercer-trimestre\/","title":{"rendered":"El precio de la vivienda en la eurozona aument\u00f3 seis d\u00e9cimas en el tercer trimestre"},"content":{"rendered":"<p>El precio de la vivienda en la zona euro en el tercer trimestre de 2014 experiment\u00f3 un avance del 0,6% respecto al trimestre anterior, cuando aument\u00f3 nueve d\u00e9cimas, mientras que en relaci\u00f3n con el mismo periodo de 2013 subi\u00f3 un 0,5%, tras mantenerse estable en el trimestre precedente, seg\u00fan <a title=\"Eurostat\" href=\"https:\/\/ec.europa.eu\/eurostat\" target=\"_blank\" rel=\"noopener\"><strong>Eurostat<\/strong><\/a>.<\/p>\n<p>En el conjunto de la Uni\u00f3n Europea (UE), el precio de la vivienda aument\u00f3 un 1,1% trimestral entre julio y septiembre, en comparaci\u00f3n con la subida del 1,4% del segundo trimestre, mientras en tasa intertrimestral subieron un 2,3%, seis d\u00e9cimas que el <a title=\"El precio de la vivienda en la eurozona crece nueve d\u00e9cimas en el segundo trimestre\" href=\"https:\/\/www.fotocasa.es\/fotocasa-life\/compraventa\/el-precio-de-la-vivienda-en-la-eurozona-crece-nueve-decimas-en-el-segundo-trimestre\/\"><strong>trimestre anterior<\/strong><\/a>.<\/p>\n<p>Entre los pa\u00edses cuyos datos estaban disponibles, las mayores ca\u00eddas trimestrales correspondieron a Eslovenia (1,1%), y Ruman\u00eda y Malta (0,9% en ambos), mientras que las mayores subidas se observaron en Irlanda (6,2%), Letonia (4,9%) y Croacia (4,7%).<\/p>\n<p>En cuanto a la evoluci\u00f3n interanual, las mayores ca\u00eddas correspondieron a Eslovenia (5,4%), Italia (3,8%) y Ruman\u00eda (2,3%), frente a Irlanda (15%), Estonia (13,2%) y Letonia y Reino Unido (11,7%), que registraron los mayores incrementos.<\/p>\n<p>En el caso de Espa\u00f1a, <a title=\"El precio de la vivienda sube un 0,3% en el tercer trimestre y suma dos trimestres al alza\" href=\"https:\/\/www.fotocasa.es\/fotocasa-life\/compraventa\/el-precio-de-la-vivienda-sube-un-03-en-el-tercer-trimestre-y-suma-dos-trimestres-al-alza\/\"><strong>el precio de la vivienda<\/strong><\/a> en el tercer trimestre del a\u00f1o registr\u00f3 un aumento intertrimestral del 0,2%, tras la subida del 1,7% del segundo, mientras que en relaci\u00f3n con el mismo periodo de 2013 aumentaron tres d\u00e9cimas, cinco menos que en el trimestre precedente.<\/p>\n<p>&nbsp;<\/p>\n","protected":false},"excerpt":{"rendered":"<p>El precio de la vivienda en la zona euro en el tercer trimestre de 2014 experiment\u00f3 un avance del 0,6% respecto al trimestre anterior, cuando aument\u00f3 nueve d\u00e9cimas, mientras que en relaci\u00f3n con el mismo periodo de 2013 subi\u00f3 un 0,5%, tras mantenerse estable en el trimestre precedente, seg\u00fan Eurostat. En el conjunto de la&#8230;<\/p>\n","protected":false},"author":3,"featured_media":4949,"comment_status":"open","ping_status":"open","sticky":false,"template":"","format":"standard","meta":{"_lmt_disableupdate":"yes","_lmt_disable":"","footnotes":""},"categories":[3],"tags":[285,318,207,213,445,286],"class_list":["post-4948","post","type-post","status-publish","format-standard","has-post-thumbnail","hentry","category-compraventa","tag-eurostat","tag-eurozona","tag-precio-de-la-vivienda","tag-precio-medio-vivienda","tag-ue","tag-union-europea"],"modified_by":"Albert PC","_links":{"self":[{"href":"https:\/\/www.fotocasa.es\/fotocasa-life\/wp-json\/wp\/v2\/posts\/4948","targetHints":{"allow":["GET"]}}],"collection":[{"href":"https:\/\/www.fotocasa.es\/fotocasa-life\/wp-json\/wp\/v2\/posts"}],"about":[{"href":"https:\/\/www.fotocasa.es\/fotocasa-life\/wp-json\/wp\/v2\/types\/post"}],"author":[{"embeddable":true,"href":"https:\/\/www.fotocasa.es\/fotocasa-life\/wp-json\/wp\/v2\/users\/3"}],"replies":[{"embeddable":true,"href":"https:\/\/www.fotocasa.es\/fotocasa-life\/wp-json\/wp\/v2\/comments?post=4948"}],"version-history":[{"count":0,"href":"https:\/\/www.fotocasa.es\/fotocasa-life\/wp-json\/wp\/v2\/posts\/4948\/revisions"}],"wp:featuredmedia":[{"embeddable":true,"href":"https:\/\/www.fotocasa.es\/fotocasa-life\/wp-json\/wp\/v2\/media\/4949"}],"wp:attachment":[{"href":"https:\/\/www.fotocasa.es\/fotocasa-life\/wp-json\/wp\/v2\/media?parent=4948"}],"wp:term":[{"taxonomy":"category","embeddable":true,"href":"https:\/\/www.fotocasa.es\/fotocasa-life\/wp-json\/wp\/v2\/categories?post=4948"},{"taxonomy":"post_tag","embeddable":true,"href":"https:\/\/www.fotocasa.es\/fotocasa-life\/wp-json\/wp\/v2\/tags?post=4948"}],"curies":[{"name":"wp","href":"https:\/\/api.w.org\/{rel}","templated":true}]}}