{"id":48836,"date":"2020-05-22T08:49:03","date_gmt":"2020-05-22T06:49:03","guid":{"rendered":"https:\/\/www.fotocasa.es\/fotocasa-life\/?p=48836"},"modified":"2020-11-27T13:06:08","modified_gmt":"2020-11-27T12:06:08","slug":"expertos-inmobiliarios-recuperacion-final-verano","status":"publish","type":"post","link":"https:\/\/www.fotocasa.es\/fotocasa-life\/compraventa\/expertos-inmobiliarios-recuperacion-final-verano\/","title":{"rendered":"Los expertos inmobiliarios prev\u00e9n la recuperaci\u00f3n a final de verano si los bancos conceden hipotecas"},"content":{"rendered":"<p>La Asociaci\u00f3n Profesional de Expertos Inmobiliarios (APEI) constata que <strong>los precios de la vivienda en Espa\u00f1a se est\u00e1n manteniendo y prev\u00e9 la recuperaci\u00f3n del sector inmobiliario para finales del verano<\/strong> si los bancos mantienen la concesi\u00f3n de hipotecas.<\/p>\n<p>En una nota, la asociaci\u00f3n, que cuenta con una red de 1.300 agencias en toda Espa\u00f1a, valora el retorno a la actividad \u00abcon prudencia\u00bb y explica que en los primeros d\u00edas se ha observado que <a href=\"https:\/\/www.fotocasa.es\/fotocasa-life\/compraventa\/analisis-percepcion-precio-vivienda-previa-coronavirus\/\">los precios de la vivienda<\/a> se mantienen, ya que \u00ab<strong>el mercado no esta saturado de producto<\/strong> <strong>y el vendedor, en general, no ha subido el precio<\/strong>, incluso se dan algunos descensos razonables para ajustarse a los precios de mercado\u00bb.<\/p>\n<p>Por su parte, el comprador \u00abmuestra curiosidad e inter\u00e9s, pero necesita mayor seguridad sobre lo qu\u00e9 va a ocurrir en el trabajo y la econom\u00eda\u00bb, explica APEI, que insiste en la necesidad de que tanto profesionales como clientes <strong>cumplan todas las medidas de protecci\u00f3n y seguridad exigidas en el momento de las visitas<\/strong>.<\/p>\n<p>Los expertos inmobiliarios estiman que la <strong>recuperaci\u00f3n del sector no llegar\u00e1 antes de fin del verano<\/strong> y muestran su preocupaci\u00f3n sobre la reacci\u00f3n de las entidades financieras ante el impacto econ\u00f3mico generado por la crisis sanitaria del Covid-19.<\/p>\n<p>\u00abTememos que los bancos limiten la concesi\u00f3n de hipotecas y que incrementen los requisitos para los pr\u00e9stamos\u00bb. El presidente de APEI, \u00d3scar Mart\u00ednez, alerta de que \u00abesta situaci\u00f3n provocar\u00eda un par\u00f3n definitivo en las ventas y en la recuperaci\u00f3n del sector\u00bb.<\/p>\n<p>Otra de las reacciones observadas desde APEI a trav\u00e9s de su red de agencias es que \u00abhay mucha curiosidad por los <a href=\"https:\/\/www.fotocasa.es\/fotocasa-life\/compraventa\/cambios-busqueda-vivienda-durante-coronavirus\/\">pisos con terraza, los \u00e1ticos y las fincas r\u00fasticas<\/a>. En cualquier caso, Mart\u00ednez explica que las operaciones van \u00abmuy despacio\u00bb y cree que \u00abla recuperaci\u00f3n va a llegar a final del verano.<\/p>\n<p>\u00abEl que quiere comprar necesita confianza, saber lo qu\u00e9 va a pasar con las empresas y los puestos de trabajo. Para hacer movimientos el comprador necesita perder el miedo\u00bb, ha se\u00f1alado<\/p>\n<h2>Aumenta la demanda del alquiler<\/h2>\n<p>De igual forma, Mart\u00ednez indica que el impacto del Covid-19 en el alquiler se ha traducido \u00aben una <strong>demanda que sigue aumentando y unos precios que no bajan porque la demanda es muy superior a la oferta<\/strong>\u00ab, un alza ya previsto anteriormente.<\/p>\n<p>Otro de los aspectos que ha favorecido la crisis sanitaria es que <strong>alquileres vacaciones se hayan derivado hacia los alquileres ordinarios<\/strong>.<\/p>\n<p>\u00abLa rentabilidad del alquiler residencial es mas baja que la del vacacional. Sin embargo, es una tendencia que observamos\u00bb, ha apuntado.<\/p>\n","protected":false},"excerpt":{"rendered":"<p>La Asociaci\u00f3n Profesional de Expertos Inmobiliarios (APEI) constata que los precios de la vivienda en Espa\u00f1a se est\u00e1n manteniendo y prev\u00e9 la recuperaci\u00f3n del sector inmobiliario para finales del verano si los bancos mantienen la concesi\u00f3n de hipotecas. En una nota, la asociaci\u00f3n, que cuenta con una red de 1.300 agencias en toda Espa\u00f1a, valora&#8230;<\/p>\n","protected":false},"author":78,"featured_media":48842,"comment_status":"open","ping_status":"closed","sticky":false,"template":"","format":"standard","meta":{"_lmt_disableupdate":"yes","_lmt_disable":"","footnotes":""},"categories":[3],"tags":[2747,2746,1860,4019,1862,207,2296],"class_list":["post-48836","post","type-post","status-publish","format-standard","has-post-thumbnail","hentry","category-compraventa","tag-alquiler-vivienda","tag-comprar-vivienda","tag-compraventa","tag-desescalada","tag-hipotecas","tag-precio-de-la-vivienda","tag-recuperacion-sector-inmobiliario"],"modified_by":"Agustina Battioli","_links":{"self":[{"href":"https:\/\/www.fotocasa.es\/fotocasa-life\/wp-json\/wp\/v2\/posts\/48836","targetHints":{"allow":["GET"]}}],"collection":[{"href":"https:\/\/www.fotocasa.es\/fotocasa-life\/wp-json\/wp\/v2\/posts"}],"about":[{"href":"https:\/\/www.fotocasa.es\/fotocasa-life\/wp-json\/wp\/v2\/types\/post"}],"author":[{"embeddable":true,"href":"https:\/\/www.fotocasa.es\/fotocasa-life\/wp-json\/wp\/v2\/users\/78"}],"replies":[{"embeddable":true,"href":"https:\/\/www.fotocasa.es\/fotocasa-life\/wp-json\/wp\/v2\/comments?post=48836"}],"version-history":[{"count":0,"href":"https:\/\/www.fotocasa.es\/fotocasa-life\/wp-json\/wp\/v2\/posts\/48836\/revisions"}],"wp:featuredmedia":[{"embeddable":true,"href":"https:\/\/www.fotocasa.es\/fotocasa-life\/wp-json\/wp\/v2\/media\/48842"}],"wp:attachment":[{"href":"https:\/\/www.fotocasa.es\/fotocasa-life\/wp-json\/wp\/v2\/media?parent=48836"}],"wp:term":[{"taxonomy":"category","embeddable":true,"href":"https:\/\/www.fotocasa.es\/fotocasa-life\/wp-json\/wp\/v2\/categories?post=48836"},{"taxonomy":"post_tag","embeddable":true,"href":"https:\/\/www.fotocasa.es\/fotocasa-life\/wp-json\/wp\/v2\/tags?post=48836"}],"curies":[{"name":"wp","href":"https:\/\/api.w.org\/{rel}","templated":true}]}}