{"id":4797,"date":"2015-01-01T13:44:06","date_gmt":"2015-01-01T12:44:06","guid":{"rendered":"https:\/\/www.fotocasa.es\/fotocasa-life\/?p=4797"},"modified":"2020-11-27T11:32:21","modified_gmt":"2020-11-27T10:32:21","slug":"el-euribor-cierra-el-ano-en-el-minimo-historico-del-0329","status":"publish","type":"post","link":"https:\/\/www.fotocasa.es\/fotocasa-life\/hipotecas-finanzas\/el-euribor-cierra-el-ano-en-el-minimo-historico-del-0329\/","title":{"rendered":"El Eur\u00edbor cierra el a\u00f1o en el m\u00ednimo hist\u00f3rico del 0,329%"},"content":{"rendered":"<p>El Eur\u00edbor, \u00edndice al que est\u00e1n referenciadas la mayor\u00eda de las hipotecas espa\u00f1olas, ha cerrado el a\u00f1o 2014 en el <a title=\"El Eur\u00edbor cierra noviembre en el m\u00ednimo del 0,335% y abaratar\u00e1 las hipotecas en 120 euros anuales\" href=\"https:\/\/www.fotocasa.es\/fotocasa-life\/hipotecas-finanzas\/el-euribor-cierra-noviembre-en-el-minimo-del-0335-y-abaratara-las-hipotecas-en-120-euros-anuales\/\"><strong>m\u00ednimo hist\u00f3rico<\/strong><\/a> del 0,329%, y abaratar\u00e1 las hipotecas a las que les toque revisi\u00f3n en unos 140 euros al a\u00f1o.<\/p>\n<p>El \u00edndice, que comenz\u00f3 hace meses su tendencia bajista, ha llegado a cierre de diciembre con una tasa diaria del 0,325%. As\u00ed, ha concluido el a\u00f1o en el m\u00ednimo hist\u00f3rico del 0,329%, lo que supone 0,214 puntos menos respecto al Eur\u00edbor de diciembre del a\u00f1o pasado.<\/p>\n<p>El analista de XTB Miguel Antonio Marcos ha se\u00f1alado que 2014 ha sido un a\u00f1o \u00abhist\u00f3rico\u00bb para el Eur\u00edbor, ya que ha marcado un m\u00ednimo tras otro desde el comienzo del ejercicio. \u00abLa ca\u00edda de la inflaci\u00f3n y la ralentizaci\u00f3n de la econom\u00eda europea han terminado provocando una actuaci\u00f3n sin precedentes en Europa: la aplicaci\u00f3n de pol\u00edticas monetarias no convencionales por parte <a title=\"Draghi pide tiempo para evaluar el efecto de las medidas adoptadas por el BCE\" href=\"https:\/\/www.fotocasa.es\/fotocasa-life\/hipotecas-finanzas\/draghi-pide-tiempo-para-evaluar-el-efecto-de-las-medidas-adoptadas-por-el-bce\/\"><strong>del Banco Central Europeo<\/strong><\/a> (BCE)\u00bb, explica Marcos.<\/p>\n<p>Adem\u00e1s, ha indicado que estas medidas se han visto reflejadas en los mercados de renta fija y en la cotizaci\u00f3n del Eur\u00edbor, que comenz\u00f3 el a\u00f1o en las inmediaciones del 0,55% y que lo terminar\u00e1 por debajo del 0,33%, registrando una ca\u00edda del 40%. \u00abUn a\u00f1o realmente positivo para los hipotecados espa\u00f1oles\u00bb, ha a\u00f1adido.<\/p>\n<p>De este modo, el experto calcula que la rebaja que ha vivido el \u00edndice en el \u00faltimo mes supondr\u00e1 \u00abun ligero alivio\u00bb para los hipotecados que tengan que revisar su hipoteca durante enero. \u00abEn principio, podemos pensar que la situaci\u00f3n no cambia en exceso, pero no podemos olvidar que el indicador cotizaba por encima del 5% en los a\u00f1os previos a la crisis\u00bb, ha indicado.<\/p>\n<p>&nbsp;<\/p>\n<p><strong>Buenas perspectivas para 2015<\/strong><\/p>\n<p>De cara al pr\u00f3ximo a\u00f1o, el analista de XTB ha augurado que todo invita a pensar que la pol\u00edtica monetaria llevada a cabo por el Banco Central Europeo (BCE) tendr\u00e1 continuaci\u00f3n.<\/p>\n<p>\u00abCon una situaci\u00f3n econ\u00f3mica en Europa que no termina de dar <a title=\"2015, el a\u00f1o clave para la recuperaci\u00f3n\" href=\"https:\/\/www.fotocasa.es\/fotocasa-life\/compraventa\/2015-clave-para-la-recuperacion\/\"><strong>se\u00f1ales definitivas de recuperaci\u00f3n<\/strong><\/a> y con una inflaci\u00f3n que cada vez se acerca m\u00e1s a cero, todo indica que el Eur\u00edbor no supondr\u00e1 un problema para los hipotecados\u00bb, ha avanzado.<\/p>\n<p>En este sentido, ha manifestado que el escenario m\u00e1s probable que se presenta es que el Eur\u00edbor 12 meses se establezca en la zona del 0,30%, \u00abcomo causa y consecuencia de un nuevo intento de los organismos europeos por hacer circular el cr\u00e9dito, reducir el desempleo y hacer crecer a la econom\u00eda del Viejo Continente a tasas razonables\u00bb.<\/p>\n<p>&nbsp;<\/p>\n","protected":false},"excerpt":{"rendered":"<p>El Eur\u00edbor, \u00edndice al que est\u00e1n referenciadas la mayor\u00eda de las hipotecas espa\u00f1olas, ha cerrado el a\u00f1o 2014 en el m\u00ednimo hist\u00f3rico del 0,329%, y abaratar\u00e1 las hipotecas a las que les toque revisi\u00f3n en unos 140 euros al a\u00f1o. El \u00edndice, que comenz\u00f3 hace meses su tendencia bajista, ha llegado a cierre de diciembre&#8230;<\/p>\n","protected":false},"author":3,"featured_media":566,"comment_status":"open","ping_status":"open","sticky":false,"template":"","format":"standard","meta":{"_lmt_disableupdate":"yes","_lmt_disable":"","footnotes":""},"categories":[6],"tags":[323,136,1862,1112,466,445],"class_list":["post-4797","post","type-post","status-publish","format-standard","has-post-thumbnail","hentry","category-hipotecas-finanzas","tag-bce","tag-euribor","tag-hipotecas","tag-politica-monetaria-bce","tag-tipos-de-interes","tag-ue"],"modified_by":"Albert PC","_links":{"self":[{"href":"https:\/\/www.fotocasa.es\/fotocasa-life\/wp-json\/wp\/v2\/posts\/4797","targetHints":{"allow":["GET"]}}],"collection":[{"href":"https:\/\/www.fotocasa.es\/fotocasa-life\/wp-json\/wp\/v2\/posts"}],"about":[{"href":"https:\/\/www.fotocasa.es\/fotocasa-life\/wp-json\/wp\/v2\/types\/post"}],"author":[{"embeddable":true,"href":"https:\/\/www.fotocasa.es\/fotocasa-life\/wp-json\/wp\/v2\/users\/3"}],"replies":[{"embeddable":true,"href":"https:\/\/www.fotocasa.es\/fotocasa-life\/wp-json\/wp\/v2\/comments?post=4797"}],"version-history":[{"count":0,"href":"https:\/\/www.fotocasa.es\/fotocasa-life\/wp-json\/wp\/v2\/posts\/4797\/revisions"}],"wp:featuredmedia":[{"embeddable":true,"href":"https:\/\/www.fotocasa.es\/fotocasa-life\/wp-json\/wp\/v2\/media\/566"}],"wp:attachment":[{"href":"https:\/\/www.fotocasa.es\/fotocasa-life\/wp-json\/wp\/v2\/media?parent=4797"}],"wp:term":[{"taxonomy":"category","embeddable":true,"href":"https:\/\/www.fotocasa.es\/fotocasa-life\/wp-json\/wp\/v2\/categories?post=4797"},{"taxonomy":"post_tag","embeddable":true,"href":"https:\/\/www.fotocasa.es\/fotocasa-life\/wp-json\/wp\/v2\/tags?post=4797"}],"curies":[{"name":"wp","href":"https:\/\/api.w.org\/{rel}","templated":true}]}}