{"id":47742,"date":"2020-04-16T08:00:09","date_gmt":"2020-04-16T06:00:09","guid":{"rendered":"https:\/\/www.fotocasa.es\/fotocasa-life\/?p=47742"},"modified":"2020-11-27T13:06:44","modified_gmt":"2020-11-27T12:06:44","slug":"bonitos-pisos-en-cataluna","status":"publish","type":"post","link":"https:\/\/www.fotocasa.es\/fotocasa-life\/inspiracion\/bonitos-pisos-en-cataluna\/","title":{"rendered":"Bonitos pisos en Catalu\u00f1a"},"content":{"rendered":"<p>\u00bfQu\u00e9 tiene Catalu\u00f1a que a todos gusta tanto? \u00bfSus playas, sus calles, su arte\u2026? Lo mismo pasa con sus edificios y es que el estilo catal\u00e1n es incomparable y muy identificativo. Para conocer ciudades tan incre\u00edbles como Sitges, Cadaqu\u00e9s o la propia Barcelona, os traemos una selecci\u00f3n de los apartamentos m\u00e1s bonitos que hemos encontrado por toda la regi\u00f3n.<\/p>\n<h2>Loft en Sant Pere- Santa Caterina<\/h2>\n<p>Este <a href=\"https:\/\/www.fotocasa.es\/es\/comprar\/vivienda\/barcelona-capital\/aire-acondicionado-amueblado\/150997223\/d?RowGrid=1&amp;tti=1&amp;opi=300\" target=\"_blank\" rel=\"noopener noreferrer\">loft situado muy cerca del Palau de la M\u00fasica<\/a> guarda todo el encanto de la antigua vivienda, Barcelona en estado puro. Con techos muy altos de unos 3,5 metros, conserva las antiguas vigas de madera, la pared de piedra y un ba\u00f1o lavadero que se encuentra en perfecto estado. Un apartamento con mucha vida para disfrutar desde el primer momento.<\/p>\n<p><\/p>\n<div id=\"attachment_47748\" style=\"width: 990px\" class=\"wp-caption alignnone\"><img loading=\"lazy\" decoding=\"async\" aria-describedby=\"caption-attachment-47748\" class=\"size-full wp-image-47748\" src=\"https:\/\/www.fotocasa.es\/fotocasa-life\/wp-content\/uploads\/2020\/04\/Barcelona_6.png\" alt=\"Bonitos pisos en Catalu\u00f1a\" width=\"980\" height=\"550\" title=\"-\" srcset=\"https:\/\/www.fotocasa.es\/fotocasa-life\/wp-content\/uploads\/2020\/04\/Barcelona_6.png 980w, https:\/\/www.fotocasa.es\/fotocasa-life\/wp-content\/uploads\/2020\/04\/Barcelona_6-300x168.png 300w, https:\/\/www.fotocasa.es\/fotocasa-life\/wp-content\/uploads\/2020\/04\/Barcelona_6-150x84.png 150w, https:\/\/www.fotocasa.es\/fotocasa-life\/wp-content\/uploads\/2020\/04\/Barcelona_6-768x431.png 768w\" sizes=\"auto, (max-width: 980px) 100vw, 980px\" \/><p id=\"caption-attachment-47748\" class=\"wp-caption-text\">Fotocasa<\/p><\/div>\n<h2>Aires de Sitges<\/h2>\n<p>En pleno coraz\u00f3n de <a href=\"https:\/\/www.fotocasa.es\/es\/comprar\/vivienda\/sitges\/aire-acondicionado-calefaccion-terraza\/154660839\/d?RowGrid=25&amp;tti=1&amp;opi=300\" target=\"_blank\" rel=\"noopener noreferrer\">Sitges se encuentra este loft<\/a> ideal para una pareja que quiera vivir la ciudad y evadirse dentro de este sosegado piso. Con 75 m2 repartidos en un gran sal\u00f3n-dormitorio, terraza, cocina y ba\u00f1os reformados, relajarse es tarea obligada. Los colores, las texturas y el encanto de todo el edificio, lo hacen \u00fanico.<\/p>\n<p><\/p>\n<div id=\"attachment_47749\" style=\"width: 990px\" class=\"wp-caption alignnone\"><img loading=\"lazy\" decoding=\"async\" aria-describedby=\"caption-attachment-47749\" class=\"size-full wp-image-47749\" src=\"https:\/\/www.fotocasa.es\/fotocasa-life\/wp-content\/uploads\/2020\/04\/Barcelona_1.png\" alt=\"Bonitos pisos en Catalu\u00f1a\" width=\"980\" height=\"549\" title=\"-\" srcset=\"https:\/\/www.fotocasa.es\/fotocasa-life\/wp-content\/uploads\/2020\/04\/Barcelona_1.png 980w, https:\/\/www.fotocasa.es\/fotocasa-life\/wp-content\/uploads\/2020\/04\/Barcelona_1-300x168.png 300w, https:\/\/www.fotocasa.es\/fotocasa-life\/wp-content\/uploads\/2020\/04\/Barcelona_1-150x84.png 150w, https:\/\/www.fotocasa.es\/fotocasa-life\/wp-content\/uploads\/2020\/04\/Barcelona_1-768x430.png 768w\" sizes=\"auto, (max-width: 980px) 100vw, 980px\" \/><p id=\"caption-attachment-47749\" class=\"wp-caption-text\">Fotocasa<\/p><\/div>\n<h2>Lujo y tranquilidad<\/h2>\n<p>Una <a href=\"https:\/\/www.fotocasa.es\/es\/comprar\/vivienda\/sabadell\/calefaccion-patio-amueblado\/154599107\/d?RowGrid=13&amp;tti=1&amp;opi=300\" target=\"_blank\" rel=\"noopener noreferrer\">vivienda de lujo en el centro de Sabadell<\/a>. Este apartamento situado en una zona muy tranquila del centro parece reci\u00e9n sacado de una revista de decoraci\u00f3n y no es para menos. 144 m2 organizados y pensados al detalle, y es que ha sido reformada hace muy poco. Espacios abiertos en los que se aprecia el estilo antiguo del edificio unido con un dise\u00f1o m\u00e1s industrial. \u00a1Perfecto para grandes fiestas!<\/p>\n<p><\/p>\n<div id=\"attachment_47751\" style=\"width: 990px\" class=\"wp-caption alignnone\"><img loading=\"lazy\" decoding=\"async\" aria-describedby=\"caption-attachment-47751\" class=\"size-full wp-image-47751\" src=\"https:\/\/www.fotocasa.es\/fotocasa-life\/wp-content\/uploads\/2020\/04\/Barcelona_3.png\" alt=\"Bonitos pisos en Catalu\u00f1a\" width=\"980\" height=\"550\" title=\"-\" srcset=\"https:\/\/www.fotocasa.es\/fotocasa-life\/wp-content\/uploads\/2020\/04\/Barcelona_3.png 980w, https:\/\/www.fotocasa.es\/fotocasa-life\/wp-content\/uploads\/2020\/04\/Barcelona_3-300x168.png 300w, https:\/\/www.fotocasa.es\/fotocasa-life\/wp-content\/uploads\/2020\/04\/Barcelona_3-150x84.png 150w, https:\/\/www.fotocasa.es\/fotocasa-life\/wp-content\/uploads\/2020\/04\/Barcelona_3-768x431.png 768w\" sizes=\"auto, (max-width: 980px) 100vw, 980px\" \/><p id=\"caption-attachment-47751\" class=\"wp-caption-text\">Fotocasa<\/p><\/div>\n<h2>Apartamento coqueto en El Raval<\/h2>\n<p>Acogedor, especial, \u00fanico\u2026 Podr\u00edan ser algunos de los adjetivos de este bonito <a href=\"https:\/\/www.fotocasa.es\/es\/comprar\/vivienda\/barcelona-capital\/aire-acondicionado-calefaccion\/155019970\/d?RowGrid=4&amp;tti=1&amp;opi=300\" target=\"_blank\" rel=\"noopener noreferrer\">apartamento en el Raval<\/a>, en pleno casco antiguo de Barcelona. Reci\u00e9n reformado y listo para estrenar, este piso de dos habitaciones y 60 m2 guarda toda la esencia de la ciudad con sus altos techos con formas abovedadas. Adem\u00e1s la ubicaci\u00f3n es perfecta para vivir la ciudad en estado puro.<\/p>\n<p><\/p>\n<div id=\"attachment_47750\" style=\"width: 990px\" class=\"wp-caption alignnone\"><img loading=\"lazy\" decoding=\"async\" aria-describedby=\"caption-attachment-47750\" class=\"size-full wp-image-47750\" src=\"https:\/\/www.fotocasa.es\/fotocasa-life\/wp-content\/uploads\/2020\/04\/Barcelona_2.2.png\" alt=\"Bonitos pisos en Catalu\u00f1a\" width=\"980\" height=\"550\" title=\"-\" srcset=\"https:\/\/www.fotocasa.es\/fotocasa-life\/wp-content\/uploads\/2020\/04\/Barcelona_2.2.png 980w, https:\/\/www.fotocasa.es\/fotocasa-life\/wp-content\/uploads\/2020\/04\/Barcelona_2.2-300x168.png 300w, https:\/\/www.fotocasa.es\/fotocasa-life\/wp-content\/uploads\/2020\/04\/Barcelona_2.2-150x84.png 150w, https:\/\/www.fotocasa.es\/fotocasa-life\/wp-content\/uploads\/2020\/04\/Barcelona_2.2-768x431.png 768w\" sizes=\"auto, (max-width: 980px) 100vw, 980px\" \/><p id=\"caption-attachment-47750\" class=\"wp-caption-text\">Fotocasa<\/p><\/div>\n<h2>Remanso de paz en Cadaqu\u00e9s<\/h2>\n<p>Este <a href=\"https:\/\/www.fotocasa.es\/es\/comprar\/vivienda\/cadaques\/terraza\/152738696\/d?RowGrid=2&amp;tti=1&amp;opi=300\" target=\"_blank\" rel=\"noopener noreferrer\">apartamento con terraza<\/a> \u2013y unas preciosas vistas a la monta\u00f1a- est\u00e1 situado en el centro del pueblo. Sus colores claros, sus grandes ventanales por los que cruza la luz\u2026 aportan tranquilidad y paz a todos los rincones de la casa. Una vivienda dise\u00f1ada para recargarse energ\u00eda.<\/p>\n<p><\/p>\n<div id=\"attachment_47745\" style=\"width: 990px\" class=\"wp-caption alignnone\"><img loading=\"lazy\" decoding=\"async\" aria-describedby=\"caption-attachment-47745\" class=\"size-full wp-image-47745\" src=\"https:\/\/www.fotocasa.es\/fotocasa-life\/wp-content\/uploads\/2020\/04\/Barcelona_4.2.png\" alt=\"Bonitos pisos en Catalu\u00f1a\" width=\"980\" height=\"550\" title=\"-\" srcset=\"https:\/\/www.fotocasa.es\/fotocasa-life\/wp-content\/uploads\/2020\/04\/Barcelona_4.2.png 980w, https:\/\/www.fotocasa.es\/fotocasa-life\/wp-content\/uploads\/2020\/04\/Barcelona_4.2-300x168.png 300w, https:\/\/www.fotocasa.es\/fotocasa-life\/wp-content\/uploads\/2020\/04\/Barcelona_4.2-150x84.png 150w, https:\/\/www.fotocasa.es\/fotocasa-life\/wp-content\/uploads\/2020\/04\/Barcelona_4.2-768x431.png 768w\" sizes=\"auto, (max-width: 980px) 100vw, 980px\" \/><p id=\"caption-attachment-47745\" class=\"wp-caption-text\">Fotocasa<\/p><\/div>\n<h2>Temporada de esqu\u00ed en Baqueira<\/h2>\n<p>Un sue\u00f1o hecho realidad. Para los amantes del esqu\u00ed este es el <a href=\"https:\/\/www.fotocasa.es\/es\/comprar\/vivienda\/naut-aran\/calefaccion-parking-trastero-zona-comunitaria-amueblado-television-internet\/155185492\/d?RowGrid=8&amp;tti=1&amp;opi=300\" target=\"_blank\" rel=\"noopener noreferrer\">apartamento perfecto para disfrutar de la nieve<\/a> en una de las estaciones m\u00e1s famosas de Espa\u00f1a. Conservando ese estilo de caba\u00f1a, con techos recubiertos de madera, este apartamento con 190 m2 y 4 habitaciones es el alojamiento vacacional de cualquier familia esquiadora.<\/p>\n<p><\/p>\n<div id=\"attachment_47747\" style=\"width: 990px\" class=\"wp-caption alignnone\"><img loading=\"lazy\" decoding=\"async\" aria-describedby=\"caption-attachment-47747\" class=\"size-full wp-image-47747\" src=\"https:\/\/www.fotocasa.es\/fotocasa-life\/wp-content\/uploads\/2020\/04\/Barcelona_5.png\" alt=\"Bonitos pisos en Catalu\u00f1a\" width=\"980\" height=\"550\" title=\"-\" srcset=\"https:\/\/www.fotocasa.es\/fotocasa-life\/wp-content\/uploads\/2020\/04\/Barcelona_5.png 980w, https:\/\/www.fotocasa.es\/fotocasa-life\/wp-content\/uploads\/2020\/04\/Barcelona_5-300x168.png 300w, https:\/\/www.fotocasa.es\/fotocasa-life\/wp-content\/uploads\/2020\/04\/Barcelona_5-150x84.png 150w, https:\/\/www.fotocasa.es\/fotocasa-life\/wp-content\/uploads\/2020\/04\/Barcelona_5-768x431.png 768w\" sizes=\"auto, (max-width: 980px) 100vw, 980px\" \/><p id=\"caption-attachment-47747\" class=\"wp-caption-text\">Fotocasa<\/p><\/div>\n<p>&nbsp;<\/p>\n<p>&nbsp;<\/p>\n<p><\/p>\n","protected":false},"excerpt":{"rendered":"<p>\u00bfQu\u00e9 tiene Catalu\u00f1a que a todos gusta tanto? \u00bfSus playas, sus calles, su arte\u2026? Lo mismo pasa con sus edificios y es que el estilo catal\u00e1n es incomparable y muy identificativo. Para conocer ciudades tan incre\u00edbles como Sitges, Cadaqu\u00e9s o la propia Barcelona, os traemos una selecci\u00f3n de los apartamentos m\u00e1s bonitos que hemos encontrado&#8230;<\/p>\n","protected":false},"author":3,"featured_media":47750,"comment_status":"open","ping_status":"closed","sticky":false,"template":"","format":"standard","meta":{"_lmt_disableupdate":"yes","_lmt_disable":"","footnotes":""},"categories":[2697],"tags":[3012,2736,3951,3952,3251,3875,3468],"class_list":["post-47742","post","type-post","status-publish","format-standard","has-post-thumbnail","hentry","category-inspiracion","tag-apartamentos-bonitos","tag-apartamentos-en-barcelona","tag-apartamentos-en-sitges","tag-pisos-con-encanto","tag-pisos-con-estilo","tag-pisos-con-estilo-en-barcelona","tag-pisos-espaciosos"],"modified_by":null,"_links":{"self":[{"href":"https:\/\/www.fotocasa.es\/fotocasa-life\/wp-json\/wp\/v2\/posts\/47742","targetHints":{"allow":["GET"]}}],"collection":[{"href":"https:\/\/www.fotocasa.es\/fotocasa-life\/wp-json\/wp\/v2\/posts"}],"about":[{"href":"https:\/\/www.fotocasa.es\/fotocasa-life\/wp-json\/wp\/v2\/types\/post"}],"author":[{"embeddable":true,"href":"https:\/\/www.fotocasa.es\/fotocasa-life\/wp-json\/wp\/v2\/users\/3"}],"replies":[{"embeddable":true,"href":"https:\/\/www.fotocasa.es\/fotocasa-life\/wp-json\/wp\/v2\/comments?post=47742"}],"version-history":[{"count":0,"href":"https:\/\/www.fotocasa.es\/fotocasa-life\/wp-json\/wp\/v2\/posts\/47742\/revisions"}],"wp:featuredmedia":[{"embeddable":true,"href":"https:\/\/www.fotocasa.es\/fotocasa-life\/wp-json\/wp\/v2\/media\/47750"}],"wp:attachment":[{"href":"https:\/\/www.fotocasa.es\/fotocasa-life\/wp-json\/wp\/v2\/media?parent=47742"}],"wp:term":[{"taxonomy":"category","embeddable":true,"href":"https:\/\/www.fotocasa.es\/fotocasa-life\/wp-json\/wp\/v2\/categories?post=47742"},{"taxonomy":"post_tag","embeddable":true,"href":"https:\/\/www.fotocasa.es\/fotocasa-life\/wp-json\/wp\/v2\/tags?post=47742"}],"curies":[{"name":"wp","href":"https:\/\/api.w.org\/{rel}","templated":true}]}}