{"id":46918,"date":"2020-03-24T08:00:29","date_gmt":"2020-03-24T06:00:29","guid":{"rendered":"https:\/\/www.fotocasa.es\/fotocasa-life\/?p=46918"},"modified":"2020-11-27T13:10:00","modified_gmt":"2020-11-27T12:10:00","slug":"cocinas-amplias-para-disfrutar-en-familia","status":"publish","type":"post","link":"https:\/\/www.fotocasa.es\/fotocasa-life\/inspiracion\/cocinas-amplias-para-disfrutar-en-familia\/","title":{"rendered":"Cocinas amplias para disfrutar en familia"},"content":{"rendered":"<p>Son tiempos de permanecer en casa, todos juntos. Tal vez algunos momentos resulten tediosos o se hagan cuesta arriba, por eso es fundamental distraernos, y, \u00bfqu\u00e9 mejor forma de hacerlo que en la cocina? \u00a1Ya ver\u00e1s c\u00f3mo cocinar con los peques es muy divertido! Y, recuerda, por mucho que apetezca, #quedateencasa, por el bien de todos.<\/p>\n<h2>Con unos acabados incre\u00edbles<\/h2>\n<p><a href=\"https:\/\/www.fotocasa.es\/es\/comprar\/vivienda\/madrid-capital\/parking-trastero-ascensor-amueblado\/147007594\/d?RowGrid=26&amp;tti=1&amp;opi=300\" target=\"_blank\" rel=\"noopener noreferrer\">Fabuloso piso en Madrid<\/a>. Sus algo m\u00e1s de 200 metros cuadrados se reparten en cuatro dormitorios, cuatro cuartos de ba\u00f1o, un amplio sal\u00f3n comedor en dos ambientes y cocina totalmente equipada en forma de isla. \u00bfTe imaginas la cantidad de platos supervariados que pod\u00e9is cocinar ah\u00ed?<\/p>\n<p><div id=\"attachment_46922\" style=\"width: 990px\" class=\"wp-caption alignnone\"><img loading=\"lazy\" decoding=\"async\" aria-describedby=\"caption-attachment-46922\" class=\"size-full wp-image-46922\" src=\"https:\/\/www.fotocasa.es\/fotocasa-life\/wp-content\/uploads\/2020\/03\/1-Cocinas-1.jpg\" alt=\"Cocinas amplias para disfrutar en familia\" width=\"980\" height=\"550\" title=\"-\" srcset=\"https:\/\/www.fotocasa.es\/fotocasa-life\/wp-content\/uploads\/2020\/03\/1-Cocinas-1.jpg 980w, https:\/\/www.fotocasa.es\/fotocasa-life\/wp-content\/uploads\/2020\/03\/1-Cocinas-1-300x168.jpg 300w, https:\/\/www.fotocasa.es\/fotocasa-life\/wp-content\/uploads\/2020\/03\/1-Cocinas-1-150x84.jpg 150w, https:\/\/www.fotocasa.es\/fotocasa-life\/wp-content\/uploads\/2020\/03\/1-Cocinas-1-768x431.jpg 768w\" sizes=\"auto, (max-width: 980px) 100vw, 980px\" \/><p id=\"caption-attachment-46922\" class=\"wp-caption-text\">Fotocasa<\/p><\/div><\/p>\n<h2>Perfecto para estar a todo<\/h2>\n<p>Si lo que te gusta es tener un ojo sobre los peques y otro sobre las tareas, entonces <a href=\"https:\/\/www.fotocasa.es\/es\/comprar\/vivienda\/madrid-capital\/aire-acondicionado-parking-terraza-ascensor-amueblado-parking\/153656870\/d?RowGrid=10&amp;tti=1&amp;opi=300\" target=\"_blank\" rel=\"noopener noreferrer\">esta cocina en isla abierta al sal\u00f3n<\/a> comedor es perfecta para ti. Podr\u00e1s realizar los platos favoritos de ni\u00f1os y adultos sin perder de vista trastadas que te hagan re\u00edr. \u00a1Lo tiene todo!<\/p>\n<p><div id=\"attachment_46923\" style=\"width: 990px\" class=\"wp-caption alignnone\"><img loading=\"lazy\" decoding=\"async\" aria-describedby=\"caption-attachment-46923\" class=\"size-full wp-image-46923\" src=\"https:\/\/www.fotocasa.es\/fotocasa-life\/wp-content\/uploads\/2020\/03\/2-Cocinas-1.jpg\" alt=\"Cocinas amplias para disfrutar en familia\" width=\"980\" height=\"550\" title=\"-\" srcset=\"https:\/\/www.fotocasa.es\/fotocasa-life\/wp-content\/uploads\/2020\/03\/2-Cocinas-1.jpg 980w, https:\/\/www.fotocasa.es\/fotocasa-life\/wp-content\/uploads\/2020\/03\/2-Cocinas-1-300x168.jpg 300w, https:\/\/www.fotocasa.es\/fotocasa-life\/wp-content\/uploads\/2020\/03\/2-Cocinas-1-150x84.jpg 150w, https:\/\/www.fotocasa.es\/fotocasa-life\/wp-content\/uploads\/2020\/03\/2-Cocinas-1-768x431.jpg 768w\" sizes=\"auto, (max-width: 980px) 100vw, 980px\" \/><p id=\"caption-attachment-46923\" class=\"wp-caption-text\">Fotocasa<\/p><\/div><\/p>\n<h2>Perfecto para uno<\/h2>\n<p>Si no tienes peques de los que cuidar, entonces <a href=\"https:\/\/www.fotocasa.es\/es\/comprar\/vivienda\/madrid-capital\/aire-acondicionado-calefaccion-trastero-ascensor-patio-amueblado-television-internet\/150587073\/d?RowGrid=30&amp;tti=1&amp;opi=300\" target=\"_blank\" rel=\"noopener noreferrer\">este pisazo es perfecto para ti<\/a>. La cocina abierta al sal\u00f3n comedor da una sensaci\u00f3n de amplitud tremenda, y, adem\u00e1s, es una estancia de lo m\u00e1s luminosa, por lo que no echar\u00e1s casi de menos el exterior.<\/p>\n<p><div id=\"attachment_46924\" style=\"width: 990px\" class=\"wp-caption alignnone\"><img loading=\"lazy\" decoding=\"async\" aria-describedby=\"caption-attachment-46924\" class=\"size-full wp-image-46924\" src=\"https:\/\/www.fotocasa.es\/fotocasa-life\/wp-content\/uploads\/2020\/03\/3-Cocinas-1.jpg\" alt=\"Cocinas amplias para disfrutar en familia\" width=\"980\" height=\"550\" title=\"-\" srcset=\"https:\/\/www.fotocasa.es\/fotocasa-life\/wp-content\/uploads\/2020\/03\/3-Cocinas-1.jpg 980w, https:\/\/www.fotocasa.es\/fotocasa-life\/wp-content\/uploads\/2020\/03\/3-Cocinas-1-300x168.jpg 300w, https:\/\/www.fotocasa.es\/fotocasa-life\/wp-content\/uploads\/2020\/03\/3-Cocinas-1-150x84.jpg 150w, https:\/\/www.fotocasa.es\/fotocasa-life\/wp-content\/uploads\/2020\/03\/3-Cocinas-1-768x431.jpg 768w\" sizes=\"auto, (max-width: 980px) 100vw, 980px\" \/><p id=\"caption-attachment-46924\" class=\"wp-caption-text\">Fotocasa<\/p><\/div><\/p>\n<h2>Incre\u00edblemente amplia<\/h2>\n<p>Con <a href=\"https:\/\/www.fotocasa.es\/es\/comprar\/vivienda\/barcelona-capital\/aire-acondicionado-calefaccion-parking-jardin-trastero-ascensor-piscina-no-amueblado\/151778546\/d?RowGrid=15&amp;tti=1&amp;opi=300\" target=\"_blank\" rel=\"noopener noreferrer\">esta incre\u00edble casa<\/a> no echar\u00e1s de menos el exterior. Tiene una distribuci\u00f3n incre\u00edble y es muy luminosa. Adem\u00e1s, cada una de las estancias es de unas dimensiones considerables. Gracias al jard\u00edn, puedes pasar estupendas tardes al aire. Sencillamente perfecta.<\/p>\n<p><div id=\"attachment_46925\" style=\"width: 990px\" class=\"wp-caption alignnone\"><img loading=\"lazy\" decoding=\"async\" aria-describedby=\"caption-attachment-46925\" class=\"size-full wp-image-46925\" src=\"https:\/\/www.fotocasa.es\/fotocasa-life\/wp-content\/uploads\/2020\/03\/4-Cocinas-1.jpg\" alt=\"Cocinas amplias para disfrutar en familia\" width=\"980\" height=\"550\" title=\"-\" srcset=\"https:\/\/www.fotocasa.es\/fotocasa-life\/wp-content\/uploads\/2020\/03\/4-Cocinas-1.jpg 980w, https:\/\/www.fotocasa.es\/fotocasa-life\/wp-content\/uploads\/2020\/03\/4-Cocinas-1-300x168.jpg 300w, https:\/\/www.fotocasa.es\/fotocasa-life\/wp-content\/uploads\/2020\/03\/4-Cocinas-1-150x84.jpg 150w, https:\/\/www.fotocasa.es\/fotocasa-life\/wp-content\/uploads\/2020\/03\/4-Cocinas-1-768x431.jpg 768w\" sizes=\"auto, (max-width: 980px) 100vw, 980px\" \/><p id=\"caption-attachment-46925\" class=\"wp-caption-text\">Fotocasa<\/p><\/div><\/p>\n<h2>Exterior y muy luminoso<\/h2>\n<p>Alucinar\u00e1s <a href=\"https:\/\/www.fotocasa.es\/es\/comprar\/vivienda\/barcelona-capital\/aire-acondicionado-calefaccion-parking-jardin-terraza-trastero-ascensor-piscina-no-amueblado\/152344803\/d?RowGrid=17&amp;tti=1&amp;opi=300\" target=\"_blank\" rel=\"noopener noreferrer\">en cuanto veas esta incre\u00edble casa<\/a>. Sus casi 900 metros cuadrados de construcci\u00f3n tienen capacidad para varios dormitorios super amplios, espaciosos y luminosos. Adem\u00e1s, se encuentra sobre un terreno de unos mil, que permite disfrutar del sol sin necesidad de salir al exterior. \u00bfNo te parece una opci\u00f3n incre\u00edble?<\/p>\n<p><div id=\"attachment_46926\" style=\"width: 990px\" class=\"wp-caption alignnone\"><img loading=\"lazy\" decoding=\"async\" aria-describedby=\"caption-attachment-46926\" class=\"size-full wp-image-46926\" src=\"https:\/\/www.fotocasa.es\/fotocasa-life\/wp-content\/uploads\/2020\/03\/5-Cocinas-1.jpg\" alt=\"Cocinas amplias para disfrutar en familia\" width=\"980\" height=\"550\" title=\"-\" srcset=\"https:\/\/www.fotocasa.es\/fotocasa-life\/wp-content\/uploads\/2020\/03\/5-Cocinas-1.jpg 980w, https:\/\/www.fotocasa.es\/fotocasa-life\/wp-content\/uploads\/2020\/03\/5-Cocinas-1-300x168.jpg 300w, https:\/\/www.fotocasa.es\/fotocasa-life\/wp-content\/uploads\/2020\/03\/5-Cocinas-1-150x84.jpg 150w, https:\/\/www.fotocasa.es\/fotocasa-life\/wp-content\/uploads\/2020\/03\/5-Cocinas-1-768x431.jpg 768w\" sizes=\"auto, (max-width: 980px) 100vw, 980px\" \/><p id=\"caption-attachment-46926\" class=\"wp-caption-text\">Fotocasa<\/p><\/div><\/p>\n<h2>No apto para todo el mundo<\/h2>\n<p>Si lo tuyo es la exclusividad y la sofisticaci\u00f3n, entonces <a href=\"https:\/\/www.fotocasa.es\/es\/comprar\/vivienda\/barcelona-capital\/aire-acondicionado-calefaccion-parking-terraza-trastero-zona-comunitaria-ascensor-piscina\/151162388\/d?RowGrid=20&amp;tti=1&amp;opi=300\" target=\"_blank\" rel=\"noopener noreferrer\">esta incre\u00edble casa<\/a> de unos 300 metros cuadrados es la indicada para ti. Consta de cinco dormitorios, tres dormitorios, una amplia cocina y un precioso sal\u00f3n. Perfecta para sobrellevar esta cuarentena. Todo ello decorado con unas vistas de esc\u00e1ndalo.<\/p>\n<p><div id=\"attachment_46927\" style=\"width: 990px\" class=\"wp-caption alignnone\"><img loading=\"lazy\" decoding=\"async\" aria-describedby=\"caption-attachment-46927\" class=\"size-full wp-image-46927\" src=\"https:\/\/www.fotocasa.es\/fotocasa-life\/wp-content\/uploads\/2020\/03\/6-Cocinas-1.jpg\" alt=\"Cocinas amplias para disfrutar en familia\" width=\"980\" height=\"550\" title=\"-\" srcset=\"https:\/\/www.fotocasa.es\/fotocasa-life\/wp-content\/uploads\/2020\/03\/6-Cocinas-1.jpg 980w, https:\/\/www.fotocasa.es\/fotocasa-life\/wp-content\/uploads\/2020\/03\/6-Cocinas-1-300x168.jpg 300w, https:\/\/www.fotocasa.es\/fotocasa-life\/wp-content\/uploads\/2020\/03\/6-Cocinas-1-150x84.jpg 150w, https:\/\/www.fotocasa.es\/fotocasa-life\/wp-content\/uploads\/2020\/03\/6-Cocinas-1-768x431.jpg 768w\" sizes=\"auto, (max-width: 980px) 100vw, 980px\" \/><p id=\"caption-attachment-46927\" class=\"wp-caption-text\">Fotocasa<\/p><\/div><\/p>\n","protected":false},"excerpt":{"rendered":"<p>Son tiempos de permanecer en casa, todos juntos. Tal vez algunos momentos resulten tediosos o se hagan cuesta arriba, por eso es fundamental distraernos, y, \u00bfqu\u00e9 mejor forma de hacerlo que en la cocina? \u00a1Ya ver\u00e1s c\u00f3mo cocinar con los peques es muy divertido! Y, recuerda, por mucho que apetezca, #quedateencasa, por el bien de&#8230;<\/p>\n","protected":false},"author":3,"featured_media":46924,"comment_status":"open","ping_status":"closed","sticky":false,"template":"","format":"standard","meta":{"_lmt_disableupdate":"yes","_lmt_disable":"","footnotes":""},"categories":[2697],"tags":[3832,3835,3279,3833,3176,3834],"class_list":["post-46918","post","type-post","status-publish","format-standard","has-post-thumbnail","hentry","category-inspiracion","tag-casas-con-cocina-amplia","tag-cocinas-abiertas-al-salon-comedor","tag-cocinas-amplias","tag-cocinas-en-isla","tag-cocinas-increibles","tag-pisos-con-cocinas-amplias"],"modified_by":null,"_links":{"self":[{"href":"https:\/\/www.fotocasa.es\/fotocasa-life\/wp-json\/wp\/v2\/posts\/46918","targetHints":{"allow":["GET"]}}],"collection":[{"href":"https:\/\/www.fotocasa.es\/fotocasa-life\/wp-json\/wp\/v2\/posts"}],"about":[{"href":"https:\/\/www.fotocasa.es\/fotocasa-life\/wp-json\/wp\/v2\/types\/post"}],"author":[{"embeddable":true,"href":"https:\/\/www.fotocasa.es\/fotocasa-life\/wp-json\/wp\/v2\/users\/3"}],"replies":[{"embeddable":true,"href":"https:\/\/www.fotocasa.es\/fotocasa-life\/wp-json\/wp\/v2\/comments?post=46918"}],"version-history":[{"count":0,"href":"https:\/\/www.fotocasa.es\/fotocasa-life\/wp-json\/wp\/v2\/posts\/46918\/revisions"}],"wp:featuredmedia":[{"embeddable":true,"href":"https:\/\/www.fotocasa.es\/fotocasa-life\/wp-json\/wp\/v2\/media\/46924"}],"wp:attachment":[{"href":"https:\/\/www.fotocasa.es\/fotocasa-life\/wp-json\/wp\/v2\/media?parent=46918"}],"wp:term":[{"taxonomy":"category","embeddable":true,"href":"https:\/\/www.fotocasa.es\/fotocasa-life\/wp-json\/wp\/v2\/categories?post=46918"},{"taxonomy":"post_tag","embeddable":true,"href":"https:\/\/www.fotocasa.es\/fotocasa-life\/wp-json\/wp\/v2\/tags?post=46918"}],"curies":[{"name":"wp","href":"https:\/\/api.w.org\/{rel}","templated":true}]}}