{"id":46359,"date":"2020-03-09T12:31:32","date_gmt":"2020-03-09T10:31:32","guid":{"rendered":"https:\/\/blog-fotocasa-admin.wpsites-scmspain.com\/blog\/?p=46359"},"modified":"2020-11-27T13:10:34","modified_gmt":"2020-11-27T12:10:34","slug":"el-gobierno-fijara-una-moratoria-de-4-anos-para-desahucios-hipotecarios","status":"publish","type":"post","link":"https:\/\/www.fotocasa.es\/fotocasa-life\/sector\/el-gobierno-fijara-una-moratoria-de-4-anos-para-desahucios-hipotecarios\/","title":{"rendered":"El Gobierno fijar\u00e1 una moratoria de 4 a\u00f1os para desahucios hipotecarios"},"content":{"rendered":"<div class=\"\">\n<div id=\"NoticiaPrincipal\">\n<div id=\"CuerpoNoticia\" class=\"NormalTextoNoticia\">\n<p><strong>El Gobierno aprobar\u00e1 un real decreto de ley con medidas de respuesta ante desahucios por ejecuci\u00f3n hipotecaria<\/strong>, que establecer\u00e1 una moratoria de cuatro a\u00f1os de duraci\u00f3n. As\u00ed lo ha anunciado este lunes el vicepresidente segundo del Gobierno, Pablo Iglesias.<\/p>\n<p>Asimismo, ha anunciado que PSOE y Unidas Podemos han acordado i<strong>ncluir en la reforma de la Ley de Arrendamientos Urbanos<\/strong>, que ya est\u00e1 en marcha, la prohibici\u00f3n de desahucios por impago del alquiler \u00aben zonas de mercado tensionado. Y en casos que tengan relaci\u00f3n con fondos buitres que hacen negocio con un derecho b\u00e1sico\u00bb.<\/p>\n<p>Iglesias ha concretado estas medidas en un texto que ha publicado en las redes sociales, que recoge Europa Press, en el que <strong>celebra que son fruto de la \u00abeficiente coordinaci\u00f3n\u00bb<\/strong> que han tenido, a su juicio, en el Gobierno. Y da las gracias en concreto a la vicepresidenta primera, Carmen Calvo, a la vicepresidenta tercera, Nadia Calvi\u00f1o, al ministro de Transportes, Movilidad y Agenda Urbana, Jos\u00e9 Luis \u00c1balos, y al presidente del Gobierno, Pedro S\u00e1nchez.<\/p>\n<p>Estas nuevas medidas en materia de vivienda llegan precisamente <strong>tras haberse cerrado la peor semana que ha vivido el Ejecutivo de coalici\u00f3n de PSOE y Unidas Podemos<\/strong>, en t\u00e9rminos de tensiones y diferencias internas, desde su conformaci\u00f3n hace dos meses.<\/p>\n<h2 class=\"ladillo\">Prohibir desahucios en propiedades de fondos buitres<\/h2>\n<p>El vicepresidente segundo y l\u00edder de Podemos ha concretado en su texto que han acordado <strong>\u00abprohibir desahucios por impago del alquiler en zonas de mercado tensionado.<\/strong> Y en casos que tengan relaci\u00f3n con fondos buitres que hacen negocio con un derecho b\u00e1sico\u00bb.<\/p>\n<p>Iglesias ha informado de que estas medidas llegan adem\u00e1s despu\u00e9s de que \u00e9l mismo mantuviera una reuni\u00f3n el pasado 21 de febrero en la sede de la Vicepresidencia con la Plataforma de Afectados por la Hipoteca (PAH), en la que los activistas antidesahucios fueron \u00abmuy cr\u00edticos\u00bb. Y \u00abpresionaron\u00bb para que se pusieran sobre la mesa <strong>\u00abcompromisos de Gobierno que entend\u00edan que no eran s\u00f3lidos\u00bb<\/strong>. \u00abY les agradezco esa cr\u00edtica y esa presi\u00f3n que ejercieron\u00bb, a\u00f1ade.<\/p>\n<p>\u00abCuando uno tiene responsabilidades de Gobierno, lo que vale son los hechos, no las promesas. Hay que seguir trabajando en m\u00e1s medidas. Pero estos son unos primeros hechos que van a <strong>aliviar la situaci\u00f3n de miles de familias que a d\u00eda de hoy no estaban viendo garantizado su derecho constitucional a la vivienda<\/strong>\u00ab, defiende Iglesias.<\/p>\n<p>Asimismo, destaca que se trata de \u00abuna victoria de los colectivos, como la PAH y el Sindicato de Inquilinos, que <strong>han luchado durante todos estos a\u00f1os en defensa de las familias<\/strong> y contra los desahucios\u00bb. \u00abEl hecho de que el Gobierno no sea presionado solo por los poderosos sino tambi\u00e9n por la sociedad civil organizada es condici\u00f3n de posibilidad para que Espa\u00f1a avance\u00bb, concluye.<\/p>\n<p>Adem\u00e1s de la reuni\u00f3n con Iglesias, la PAH lanz\u00f3 a finales de febrero una campa\u00f1a de presi\u00f3n, culpando al Ejecutivo de coalici\u00f3n de los <strong>m\u00e1s de 8.000 desahucios producidos desde su conformaci\u00f3n<\/strong>. Entre las demandas inmediatas que la PAH exig\u00eda al Ejecutivo figuraba la ampliaci\u00f3n de moratoria de lanzamientos hipotecarios a los casos de impago de alquiler.<\/p>\n<p>Hasta la fecha, el acuerdo de Gobierno entre el PSOE y Unidas Podemos se limitaba al compromiso de asegurar el <strong>realojo inmediato en determinadas condiciones<\/strong> de los inquilinos que no pudiesen pagar la renta por falta de recursos econ\u00f3micos o situaciones de vulnerabilidad.<\/p>\n<p>Podemos y sus socios del grupo confederal no consiguieron incluir en la negociaci\u00f3n de diciembre con el PSOE la \u00abprohibici\u00f3n de los desalojos sin alternativa habitacional\u00bb que llevaban en su programa electoral de los comicios del 10 de noviembre. <strong>Y que siempre ha sido una de sus demandas prioritarias.<\/strong><\/p>\n<p>De hecho, algunos de los principales dirigentes de Unidas Podemos-En Com\u00fa-Galicia en Com\u00fa <strong>proceden de la Plataforma de Afectados por la Hipoteca (PAH)<\/strong>, como la alcaldesa de Barcelona y l\u00edder de los comunes, Ada Colau; la ministra de Igualdad y &#8216;n\u00famero dos&#8217; de Podemos, Irene Montero; o el portavoz de la formaci\u00f3n morada y diputado por Madrid, Rafa Mayoral.<\/p>\n<p><img loading=\"lazy\" decoding=\"async\" class=\"alignnone size-full wp-image-46361\" src=\"https:\/\/blog-fotocasa-admin.wpsites-scmspain.com\/blog\/wp-content\/uploads\/2020\/03\/pah.jpg\" alt=\"- - - -\" width=\"980\" height=\"550\" title=\"-\" srcset=\"https:\/\/www.fotocasa.es\/fotocasa-life\/wp-content\/uploads\/2020\/03\/pah.jpg 980w, https:\/\/www.fotocasa.es\/fotocasa-life\/wp-content\/uploads\/2020\/03\/pah-300x168.jpg 300w, https:\/\/www.fotocasa.es\/fotocasa-life\/wp-content\/uploads\/2020\/03\/pah-150x84.jpg 150w, https:\/\/www.fotocasa.es\/fotocasa-life\/wp-content\/uploads\/2020\/03\/pah-768x431.jpg 768w\" sizes=\"auto, (max-width: 980px) 100vw, 980px\" \/><\/p>\n<h2>La PAH celebra el \u00abalivio\u00bb que supone para los inquilinos<\/h2>\n<p>La Plataforma de Afectados por la Hipoteca (PAH) ha celebrado la intenci\u00f3n del Gobierno de incluir los desahucios por impago de alquiler en una nueva moratoria de desahucios durante cuatro a\u00f1os. <strong>Ya que supone un \u00abalivio\u00bb para todas las personas hipotecadas e inquilinos.<\/strong><\/p>\n<p>Seg\u00fan la plataforma, esta decisi\u00f3n del Ejecutivo es \u00abconsecuencia directa\u00bb de la campa\u00f1a de presi\u00f3n que inici\u00f3 el pasado 21 de febrero llamada &#8216;#ViviendaPorDerecho&#8217;. As\u00ed como de todos los colectivos <strong>\u00abque luchan por garantizar el derecho a una vivienda en todo el Estado\u00bb.<\/strong><\/p>\n<p>La PAH defiende que esta ampliaci\u00f3n del acuerdo de Gobierno servir\u00e1 para frenar, al menos, una parte importante de \u00abla sangr\u00eda\u00bb de <strong>198 desahucios diarios que se producen en todo el pa\u00eds.<\/strong><\/p>\n<p>\u00abSin duda, esta noticia supone un alivio para todas las personas hipotecadas que hasta la fecha no sab\u00edan si se prorrogar\u00eda la moratoria hipotecaria. <strong>Pero tambi\u00e9n para miles de inquilinos que, por primera vez, no ver\u00e1n truncados sus proyectos de vida por culpa de la especulaci\u00f3n,<\/strong> que nos ha llevado a precios inasumibles que acaban con las familias en la calle\u00bb, denuncia la plataforma.<\/p>\n<p>No obstante, la PAH insiste en que <strong>no se han aprobado otras medidas que tambi\u00e9n considera \u00aburgentes\u00bb. <\/strong>Como la paralizaci\u00f3n de los desahucios derivados de la ocupaci\u00f3n por parte de personas en situaci\u00f3n de vulnerabilidad de viviendas vac\u00edas de entidades financieras o \u00abfondos buitre\u00bb. Algo que tilda de \u00abviolaci\u00f3n de derechos humanos\u00bb.<\/p>\n<p>Por ello, avanza que seguir\u00e1 presionando hasta conseguir el cumplimiento de los compromisos internacionales en materia de derechos humanos. Ya que el pr\u00f3ximo 30 de abril vence el plazo dado a Espa\u00f1a por el comit\u00e9 de la ONU para el <strong>cumplimiento de las medidas propuestas.<\/strong><\/p>\n<p>Asimismo, propone la constituci\u00f3n de una <strong>mesa de di\u00e1logo interministerial por el derecho a la vivienda<\/strong>, en la que est\u00e9n presentes tambi\u00e9n todas las organizaciones sociales. \u00abHasta conseguir modificar elementos estructurales que a d\u00eda de hoy impiden que el derecho a la vivienda sea una realidad en el pa\u00eds\u00bb.<\/p>\n<p><img loading=\"lazy\" decoding=\"async\" class=\"alignnone size-full wp-image-46362\" src=\"https:\/\/blog-fotocasa-admin.wpsites-scmspain.com\/blog\/wp-content\/uploads\/2020\/03\/desahucios-02.jpg\" alt=\"- - - -\" width=\"980\" height=\"550\" title=\"-\" srcset=\"https:\/\/www.fotocasa.es\/fotocasa-life\/wp-content\/uploads\/2020\/03\/desahucios-02.jpg 980w, https:\/\/www.fotocasa.es\/fotocasa-life\/wp-content\/uploads\/2020\/03\/desahucios-02-300x168.jpg 300w, https:\/\/www.fotocasa.es\/fotocasa-life\/wp-content\/uploads\/2020\/03\/desahucios-02-150x84.jpg 150w, https:\/\/www.fotocasa.es\/fotocasa-life\/wp-content\/uploads\/2020\/03\/desahucios-02-768x431.jpg 768w\" sizes=\"auto, (max-width: 980px) 100vw, 980px\" \/><\/p>\n<h2>Alquiler Seguro avisa de que si se limitan los desahucios, se contraer\u00e1 la oferta y aumentar\u00e1n los precios<\/h2>\n<div class=\"\">\n<div id=\"NoticiaPrincipal\">\n<div id=\"CuerpoNoticia\" class=\"NormalTextoNoticia\">\n<p>El consejero delegado de Alquiler Seguro, Antonio Carroza, ha se\u00f1alado que si se limitan los desahucios &#8216;per se&#8217;, se <strong>evitar\u00e1 que la gente ponga viviendas en alquiler.<\/strong> Y habr\u00e1 contracciones de la oferta y aumentar\u00e1n los precios.<\/p>\n<p>Carroza ha afirmado que est\u00e1 \u00abtotalmente de acuerdo\u00bb con que <strong>se combatan los desahucios<\/strong>. Pero cree que para abordar esta lacra \u00abse debe ir contra la enfermedad y no contra el s\u00edntoma\u00bb.<\/p>\n<p>\u00abLos desahucios se producen porque la gente no puede seguir pagando la renta por el empleo. <strong>Limitar los desahucios para evitar el impago es como intentar bajar la fiebre haciendo una sangr\u00eda<\/strong>\u00ab, ha se\u00f1alado.<\/p>\n<p>Seg\u00fan Carroza, esta situaci\u00f3n puede hacer que exista un mercado en el que nadie pueda acceder a una vivienda. <strong>Porque \u00abnadie querr\u00e1 poner su vivienda en alquiler\u00bb.<\/strong><\/p>\n<p>En esta l\u00ednea, ha dejado claro que si se van contra los \u00abpocos grandes tenedores de inmuebles\u00bb, lo que se va a conseguir es que \u00ab<strong>los inversores se vayan de Espa\u00f1a<\/strong> y haya contracciones de la oferta. Por lo que pueden volver a ocasionarse problemas\u00bb.<\/p>\n<p><strong>Carroza ve imprescindible tratar la causa real por la que se producen los impagos<\/strong>. \u00abDecir que se va a hacer un moratoria en los desahucios de alquiler es tratar esto como en la crisis hipotecaria y no es lo mismo\u00bb, ha insistido.<\/p>\n<p>Sobre realizar estas actuaciones en zonas tensionadas, Carroza ha dejado claro que lo correcto ser\u00eda hacerlo en zonas \u00abdeprimidas\u00bb. <strong>Donde hay problemas de desempleo estructural y coyuntural<\/strong>. De hecho, cree que en las zonas de m\u00e1s demanda lo que hay que hacer es aumentar la oferta para que la tensi\u00f3n desaparezca.<\/p>\n<p>Carroza tambi\u00e9n ha dejado claro que los &#8216;fondos buitre&#8217; tienen vivienda no alquilable. <strong>Viviendas en zonas donde no hay demanda<\/strong>, edificios a medio construir, locales, pero no viviendas sociales. El consejero delegado de Alquiler Seguro ha se\u00f1alado que ha mandado una carta al Gobierno para ofrecer su visi\u00f3n del mercado entre particulares.<\/p>\n<\/div>\n<\/div>\n<\/div>\n<\/div>\n<\/div>\n<\/div>\n","protected":false},"excerpt":{"rendered":"<p>El Gobierno aprobar\u00e1 un real decreto de ley con medidas de respuesta ante desahucios por ejecuci\u00f3n hipotecaria, que establecer\u00e1 una moratoria de 4 a\u00f1os.<\/p>\n","protected":false},"author":37,"featured_media":46360,"comment_status":"open","ping_status":"closed","sticky":false,"template":"","format":"standard","meta":{"_lmt_disableupdate":"yes","_lmt_disable":"","footnotes":""},"categories":[2327],"tags":[1669,2589,358,618,1460,715],"class_list":["post-46359","post","type-post","status-publish","format-standard","has-post-thumbnail","hentry","category-sector","tag-convenio-antidesahucios","tag-desahucio","tag-desahucios","tag-desahucios-vivienda-alquiler","tag-ley-antidesahucios","tag-recurrir-desahucio"],"modified_by":"fotocasa","_links":{"self":[{"href":"https:\/\/www.fotocasa.es\/fotocasa-life\/wp-json\/wp\/v2\/posts\/46359","targetHints":{"allow":["GET"]}}],"collection":[{"href":"https:\/\/www.fotocasa.es\/fotocasa-life\/wp-json\/wp\/v2\/posts"}],"about":[{"href":"https:\/\/www.fotocasa.es\/fotocasa-life\/wp-json\/wp\/v2\/types\/post"}],"author":[{"embeddable":true,"href":"https:\/\/www.fotocasa.es\/fotocasa-life\/wp-json\/wp\/v2\/users\/37"}],"replies":[{"embeddable":true,"href":"https:\/\/www.fotocasa.es\/fotocasa-life\/wp-json\/wp\/v2\/comments?post=46359"}],"version-history":[{"count":0,"href":"https:\/\/www.fotocasa.es\/fotocasa-life\/wp-json\/wp\/v2\/posts\/46359\/revisions"}],"wp:featuredmedia":[{"embeddable":true,"href":"https:\/\/www.fotocasa.es\/fotocasa-life\/wp-json\/wp\/v2\/media\/46360"}],"wp:attachment":[{"href":"https:\/\/www.fotocasa.es\/fotocasa-life\/wp-json\/wp\/v2\/media?parent=46359"}],"wp:term":[{"taxonomy":"category","embeddable":true,"href":"https:\/\/www.fotocasa.es\/fotocasa-life\/wp-json\/wp\/v2\/categories?post=46359"},{"taxonomy":"post_tag","embeddable":true,"href":"https:\/\/www.fotocasa.es\/fotocasa-life\/wp-json\/wp\/v2\/tags?post=46359"}],"curies":[{"name":"wp","href":"https:\/\/api.w.org\/{rel}","templated":true}]}}