{"id":45890,"date":"2020-02-27T11:00:52","date_gmt":"2020-02-27T09:00:52","guid":{"rendered":"https:\/\/www.fotocasa.es\/fotocasa-life\/?p=45890"},"modified":"2020-11-27T13:10:55","modified_gmt":"2020-11-27T12:10:55","slug":"viviendas-de-altura","status":"publish","type":"post","link":"https:\/\/www.fotocasa.es\/fotocasa-life\/inspiracion\/viviendas-de-altura\/","title":{"rendered":"Viviendas de altura. Los mejores \u00e1ticos"},"content":{"rendered":"<p>\u00bfA qui\u00e9n no le gustar\u00eda poder disfrutar de unas incre\u00edbles vistas de altura desde su casa? Para eso est\u00e1n los \u00e1ticos, esas preciosas viviendas que a tantos gustan. Si a ti tambi\u00e9n te pierde este tipo de pisos, no te pierdas esta fabulosa selecci\u00f3n de \u00e1ticos en la Ciudad Condal. Ser\u00e1 dif\u00edcil escoger solo uno.<\/p>\n<h2>Totalmente rehabilitado<\/h2>\n<p>En el coraz\u00f3n de la ciudad, a pocos metros de la Sagrada Familia, se encuentra<a href=\"https:\/\/www.fotocasa.es\/es\/comprar\/vivienda\/barcelona-capital\/calefaccion-ascensor-amueblado\/153914273\/d?RowGrid=50&amp;tti=1&amp;opi=300\" target=\"_blank\" rel=\"noopener noreferrer\"> este incre\u00edble \u00e1tico de 51 metros cuadrados<\/a>. Consta de un solo dormitorio, un cuarto de ba\u00f1o, un sal\u00f3n comedor y una cocina americana totalmente equipada. Es c\u00f3modo y pr\u00e1ctico, perfecto para quienes no necesitan mucho.<\/p>\n<p><\/p>\n<div id=\"attachment_45893\" style=\"width: 990px\" class=\"wp-caption alignnone\"><img loading=\"lazy\" decoding=\"async\" aria-describedby=\"caption-attachment-45893\" class=\"size-full wp-image-45893\" src=\"https:\/\/www.fotocasa.es\/fotocasa-life\/wp-content\/uploads\/2020\/02\/1.-\u00c1ticos-1.jpg\" alt=\"Viviendas de altura: los mejores \u00e1ticos\" width=\"980\" height=\"550\" title=\"-\" srcset=\"https:\/\/www.fotocasa.es\/fotocasa-life\/wp-content\/uploads\/2020\/02\/1.-\u00c1ticos-1.jpg 980w, https:\/\/www.fotocasa.es\/fotocasa-life\/wp-content\/uploads\/2020\/02\/1.-\u00c1ticos-1-300x168.jpg 300w, https:\/\/www.fotocasa.es\/fotocasa-life\/wp-content\/uploads\/2020\/02\/1.-\u00c1ticos-1-150x84.jpg 150w, https:\/\/www.fotocasa.es\/fotocasa-life\/wp-content\/uploads\/2020\/02\/1.-\u00c1ticos-1-768x431.jpg 768w\" sizes=\"auto, (max-width: 980px) 100vw, 980px\" \/><p id=\"caption-attachment-45893\" class=\"wp-caption-text\">Fotocasa<\/p><\/div>\n<h2>\u00a1\u00c1tico con terraza!<\/h2>\n<p>El casco hist\u00f3rico es una de las zonas m\u00e1s emblem\u00e1ticas de Barcelona. Tambi\u00e9n una de las m\u00e1s demandadas a la hora de buscar vivienda. Si a ti tambi\u00e9n te gustar\u00eda vivir en esa zona, <a href=\"https:\/\/www.fotocasa.es\/es\/comprar\/vivienda\/barcelona-capital\/aire-acondicionado-calefaccion-terraza\/153912346\/d?RowGrid=51&amp;tti=1&amp;opi=300\" target=\"_blank\" rel=\"noopener noreferrer\">no te puedes perder este fabuloso \u00e1tico<\/a> reci\u00e9n reformado. Consta de 69 metros cuadrados repartidos en dos dormitorios, un cuarto de ba\u00f1o, cocina tipo office y sal\u00f3n. A ello hay que a\u00f1adirle una terraza privada de 25 metros y las preciosas vistas a la calle Bou de Sant Pere.<\/p>\n<p><\/p>\n<div id=\"attachment_45894\" style=\"width: 990px\" class=\"wp-caption alignnone\"><img loading=\"lazy\" decoding=\"async\" aria-describedby=\"caption-attachment-45894\" class=\"size-full wp-image-45894\" src=\"https:\/\/www.fotocasa.es\/fotocasa-life\/wp-content\/uploads\/2020\/02\/2.-\u00c1ticos-1.jpg\" alt=\"Viviendas de altura: los mejores \u00e1ticos\" width=\"980\" height=\"550\" title=\"-\" srcset=\"https:\/\/www.fotocasa.es\/fotocasa-life\/wp-content\/uploads\/2020\/02\/2.-\u00c1ticos-1.jpg 980w, https:\/\/www.fotocasa.es\/fotocasa-life\/wp-content\/uploads\/2020\/02\/2.-\u00c1ticos-1-300x168.jpg 300w, https:\/\/www.fotocasa.es\/fotocasa-life\/wp-content\/uploads\/2020\/02\/2.-\u00c1ticos-1-150x84.jpg 150w, https:\/\/www.fotocasa.es\/fotocasa-life\/wp-content\/uploads\/2020\/02\/2.-\u00c1ticos-1-768x431.jpg 768w\" sizes=\"auto, (max-width: 980px) 100vw, 980px\" \/><p id=\"caption-attachment-45894\" class=\"wp-caption-text\">Fotocasa<\/p><\/div>\n<h2>La ciudad a los pies<\/h2>\n<p><a href=\"https:\/\/www.fotocasa.es\/es\/comprar\/vivienda\/barcelona-capital\/aire-acondicionado-calefaccion-jardin-terraza-trastero-ascensor-piscina-parking\/154210803\/d?RowGrid=39&amp;tti=1&amp;opi=300\" target=\"_blank\" rel=\"noopener noreferrer\">Fabuloso \u00e1tico d\u00faplex de 501 metros cuadrados<\/a> repartidos en siete dormitorios, cinco cuartos de ba\u00f1o, un amplio sal\u00f3n comedor de m\u00e1s de 75 metros con acceso a terraza y cocina office. En la planta superior se puede disfrutar de una incre\u00edble terraza de casi 170 metros cuadrados con unas incre\u00edbles vistas a la ciudad y piscina privada. \u00bfNecesitas algo m\u00e1s?<\/p>\n<p><\/p>\n<div id=\"attachment_45895\" style=\"width: 990px\" class=\"wp-caption alignnone\"><img loading=\"lazy\" decoding=\"async\" aria-describedby=\"caption-attachment-45895\" class=\"size-full wp-image-45895\" src=\"https:\/\/www.fotocasa.es\/fotocasa-life\/wp-content\/uploads\/2020\/02\/3.-\u00c1ticos-1.jpg\" alt=\"Viviendas de altura: los mejores \u00e1ticos\" width=\"980\" height=\"550\" title=\"-\" srcset=\"https:\/\/www.fotocasa.es\/fotocasa-life\/wp-content\/uploads\/2020\/02\/3.-\u00c1ticos-1.jpg 980w, https:\/\/www.fotocasa.es\/fotocasa-life\/wp-content\/uploads\/2020\/02\/3.-\u00c1ticos-1-300x168.jpg 300w, https:\/\/www.fotocasa.es\/fotocasa-life\/wp-content\/uploads\/2020\/02\/3.-\u00c1ticos-1-150x84.jpg 150w, https:\/\/www.fotocasa.es\/fotocasa-life\/wp-content\/uploads\/2020\/02\/3.-\u00c1ticos-1-768x431.jpg 768w\" sizes=\"auto, (max-width: 980px) 100vw, 980px\" \/><p id=\"caption-attachment-45895\" class=\"wp-caption-text\">Fotocasa<\/p><\/div>\n<h2>Para disfrutar del sol<\/h2>\n<p><a href=\"https:\/\/www.fotocasa.es\/es\/comprar\/vivienda\/barcelona-capital\/aire-acondicionado-calefaccion-terraza-trastero-ascensor-no-amueblado\/154437506\/d?RowGrid=25&amp;tti=1&amp;opi=300\" target=\"_blank\" rel=\"noopener noreferrer\">Precioso \u00e1tico en una finca que data de comienzos del siglo pasado<\/a>. La superficie consta de 155 metros cuadrados construidos a los que se le a\u00f1aden 111 de una terraza privada con orientaci\u00f3n sur y este, lo cual es sin\u00f3nimo de luz y claridad todo el d\u00eda. Se distribuye en tres dormitorios, tres cuartos de ba\u00f1o y cocina abierta al sal\u00f3n comedor. En la terraza se puede disfrutar del sol y de barbacoas con familiares y amigos.<\/p>\n<p><\/p>\n<div id=\"attachment_45896\" style=\"width: 990px\" class=\"wp-caption alignnone\"><img loading=\"lazy\" decoding=\"async\" aria-describedby=\"caption-attachment-45896\" class=\"size-full wp-image-45896\" src=\"https:\/\/www.fotocasa.es\/fotocasa-life\/wp-content\/uploads\/2020\/02\/4.-\u00c1ticos-1.jpg\" alt=\"Viviendas de altura: los mejores \u00e1ticos\" width=\"980\" height=\"550\" title=\"-\" srcset=\"https:\/\/www.fotocasa.es\/fotocasa-life\/wp-content\/uploads\/2020\/02\/4.-\u00c1ticos-1.jpg 980w, https:\/\/www.fotocasa.es\/fotocasa-life\/wp-content\/uploads\/2020\/02\/4.-\u00c1ticos-1-300x168.jpg 300w, https:\/\/www.fotocasa.es\/fotocasa-life\/wp-content\/uploads\/2020\/02\/4.-\u00c1ticos-1-150x84.jpg 150w, https:\/\/www.fotocasa.es\/fotocasa-life\/wp-content\/uploads\/2020\/02\/4.-\u00c1ticos-1-768x431.jpg 768w\" sizes=\"auto, (max-width: 980px) 100vw, 980px\" \/><p id=\"caption-attachment-45896\" class=\"wp-caption-text\">Fotocasa<\/p><\/div>\n<h2>Transmite paz y tranquilidad<\/h2>\n<p>Los 72 metros cuadrados de construcci\u00f3n de <a href=\"https:\/\/www.fotocasa.es\/es\/comprar\/vivienda\/barcelona-capital\/aire-acondicionado-calefaccion-terraza-ascensor-parking\/154256483\/d?RowGrid=35&amp;tti=1&amp;opi=300\" target=\"_blank\" rel=\"noopener noreferrer\">este coqueto y luminoso \u00e1tico<\/a> son perfectos para los amantes del minimalismo, la neutralidad y la sofisticaci\u00f3n. Consta Se reparte en tres dormitorios, un cuarto de ba\u00f1o, cocina independiente con acceso a galer\u00eda y un precioso y luminoso sal\u00f3n desde el que se puede acceder a una terraza de 10 metros en la que pasar momentos agradables.<\/p>\n<p><\/p>\n<div id=\"attachment_45897\" style=\"width: 990px\" class=\"wp-caption alignnone\"><img loading=\"lazy\" decoding=\"async\" aria-describedby=\"caption-attachment-45897\" class=\"size-full wp-image-45897\" src=\"https:\/\/www.fotocasa.es\/fotocasa-life\/wp-content\/uploads\/2020\/02\/5.-\u00c1ticos-1.jpg\" alt=\"Viviendas de altura: los mejores \u00e1ticos\" width=\"980\" height=\"550\" title=\"-\" srcset=\"https:\/\/www.fotocasa.es\/fotocasa-life\/wp-content\/uploads\/2020\/02\/5.-\u00c1ticos-1.jpg 980w, https:\/\/www.fotocasa.es\/fotocasa-life\/wp-content\/uploads\/2020\/02\/5.-\u00c1ticos-1-300x168.jpg 300w, https:\/\/www.fotocasa.es\/fotocasa-life\/wp-content\/uploads\/2020\/02\/5.-\u00c1ticos-1-150x84.jpg 150w, https:\/\/www.fotocasa.es\/fotocasa-life\/wp-content\/uploads\/2020\/02\/5.-\u00c1ticos-1-768x431.jpg 768w\" sizes=\"auto, (max-width: 980px) 100vw, 980px\" \/><p id=\"caption-attachment-45897\" class=\"wp-caption-text\">Fotocasa<\/p><\/div>\n<h2>No apto para personas con v\u00e9rtigo<\/h2>\n<p><a href=\"https:\/\/www.fotocasa.es\/es\/comprar\/vivienda\/barcelona-capital\/aire-acondicionado-calefaccion-terraza-ascensor-amueblado\/153409452\/d?RowGrid=72&amp;tti=1&amp;opi=300\" target=\"_blank\" rel=\"noopener noreferrer\">Precioso \u00e1tico de 76 metros cuadrados<\/a> repartidos en un dormitorio, un cuarto de ba\u00f1o, cocina abierta al sal\u00f3n y una preciosa terraza desde la que se puede disfrutar de la ciudad de Barcelona desde las alturas, ya que se trata de una quinta planta. \u00bfTe atreves a probarlo?<\/p>\n<p><\/p>\n<div id=\"attachment_45898\" style=\"width: 990px\" class=\"wp-caption alignnone\"><img loading=\"lazy\" decoding=\"async\" aria-describedby=\"caption-attachment-45898\" class=\"size-full wp-image-45898\" src=\"https:\/\/www.fotocasa.es\/fotocasa-life\/wp-content\/uploads\/2020\/02\/6.-\u00c1ticos-1.jpg\" alt=\"Viviendas de altura: los mejores \u00e1ticos\" width=\"980\" height=\"550\" title=\"-\" srcset=\"https:\/\/www.fotocasa.es\/fotocasa-life\/wp-content\/uploads\/2020\/02\/6.-\u00c1ticos-1.jpg 980w, https:\/\/www.fotocasa.es\/fotocasa-life\/wp-content\/uploads\/2020\/02\/6.-\u00c1ticos-1-300x168.jpg 300w, https:\/\/www.fotocasa.es\/fotocasa-life\/wp-content\/uploads\/2020\/02\/6.-\u00c1ticos-1-150x84.jpg 150w, https:\/\/www.fotocasa.es\/fotocasa-life\/wp-content\/uploads\/2020\/02\/6.-\u00c1ticos-1-768x431.jpg 768w\" sizes=\"auto, (max-width: 980px) 100vw, 980px\" \/><p id=\"caption-attachment-45898\" class=\"wp-caption-text\">Fotocasa<\/p><\/div>\n<p><\/p>\n","protected":false},"excerpt":{"rendered":"<p>\u00bfA qui\u00e9n no le gustar\u00eda poder disfrutar de unas incre\u00edbles vistas de altura desde su casa? Para eso est\u00e1n los \u00e1ticos, esas preciosas viviendas que a tantos gustan. Si a ti tambi\u00e9n te pierde este tipo de pisos, no te pierdas esta fabulosa selecci\u00f3n de \u00e1ticos en la Ciudad Condal. Ser\u00e1 dif\u00edcil escoger solo uno&#8230;.<\/p>\n","protected":false},"author":3,"featured_media":45894,"comment_status":"open","ping_status":"closed","sticky":false,"template":"","format":"standard","meta":{"_lmt_disableupdate":"yes","_lmt_disable":"","footnotes":""},"categories":[2697],"tags":[2541,3715,3573,3714,3572],"class_list":["post-45890","post","type-post","status-publish","format-standard","has-post-thumbnail","hentry","category-inspiracion","tag-aticos-con-terraza","tag-aticos-decorados-con-buen-gusto","tag-aticos-en-barcelona","tag-aticos-increibles","tag-preciosos-aticos"],"modified_by":null,"_links":{"self":[{"href":"https:\/\/www.fotocasa.es\/fotocasa-life\/wp-json\/wp\/v2\/posts\/45890","targetHints":{"allow":["GET"]}}],"collection":[{"href":"https:\/\/www.fotocasa.es\/fotocasa-life\/wp-json\/wp\/v2\/posts"}],"about":[{"href":"https:\/\/www.fotocasa.es\/fotocasa-life\/wp-json\/wp\/v2\/types\/post"}],"author":[{"embeddable":true,"href":"https:\/\/www.fotocasa.es\/fotocasa-life\/wp-json\/wp\/v2\/users\/3"}],"replies":[{"embeddable":true,"href":"https:\/\/www.fotocasa.es\/fotocasa-life\/wp-json\/wp\/v2\/comments?post=45890"}],"version-history":[{"count":0,"href":"https:\/\/www.fotocasa.es\/fotocasa-life\/wp-json\/wp\/v2\/posts\/45890\/revisions"}],"wp:featuredmedia":[{"embeddable":true,"href":"https:\/\/www.fotocasa.es\/fotocasa-life\/wp-json\/wp\/v2\/media\/45894"}],"wp:attachment":[{"href":"https:\/\/www.fotocasa.es\/fotocasa-life\/wp-json\/wp\/v2\/media?parent=45890"}],"wp:term":[{"taxonomy":"category","embeddable":true,"href":"https:\/\/www.fotocasa.es\/fotocasa-life\/wp-json\/wp\/v2\/categories?post=45890"},{"taxonomy":"post_tag","embeddable":true,"href":"https:\/\/www.fotocasa.es\/fotocasa-life\/wp-json\/wp\/v2\/tags?post=45890"}],"curies":[{"name":"wp","href":"https:\/\/api.w.org\/{rel}","templated":true}]}}