{"id":45327,"date":"2020-02-07T13:00:04","date_gmt":"2020-02-07T11:00:04","guid":{"rendered":"https:\/\/www.fotocasa.es\/fotocasa-life\/?p=45327"},"modified":"2020-11-27T13:11:21","modified_gmt":"2020-11-27T12:11:21","slug":"pisos-de-mas-de-cuatro-habitaciones","status":"publish","type":"post","link":"https:\/\/www.fotocasa.es\/fotocasa-life\/inspiracion\/pisos-de-mas-de-cuatro-habitaciones\/","title":{"rendered":"Pisos de m\u00e1s de cuatro habitaciones"},"content":{"rendered":"<p>No hay nada como una casa amplia, con muchas habitaciones, cada una de ellas con una funci\u00f3n diferente. O tal vez quieras un piso con cuatro o m\u00e1s dormitorios para toda la familia. Sea como fuere, si buscas pisos con muchas habitaciones, no te pierdas el post de hoy.<\/p>\n<h2>Se\u00f1orial inmueble en Madrid<\/h2>\n<p><a href=\"https:\/\/www.fotocasa.es\/es\/comprar\/vivienda\/madrid-capital\/aire-acondicionado-calefaccion-parking-trastero-ascensor\/152974529\/d?RowGrid=1&amp;tti=1&amp;opi=300\" target=\"_blank\" rel=\"noopener noreferrer\">En Madrid se encuentra este se\u00f1orial inmueble<\/a> de casi 300 metros cuadrados repartidos en cuatro dormitorios, tres cuartos de ba\u00f1o, cocina y un ampl\u00edsimo sal\u00f3n comedor con chimenea. Se encuentra, adem\u00e1s, en una de las mejores zonas de Madrid, por sus servicios y n\u00facleos empresariales.<\/p>\n<p><\/p>\n<div id=\"attachment_45331\" style=\"width: 990px\" class=\"wp-caption alignnone\"><img loading=\"lazy\" decoding=\"async\" aria-describedby=\"caption-attachment-45331\" class=\"size-full wp-image-45331\" src=\"https:\/\/www.fotocasa.es\/fotocasa-life\/wp-content\/uploads\/2020\/02\/1.-Cuatro.jpg\" alt=\"Pisos de m\u00e1s de cuatro habitaciones\" width=\"980\" height=\"550\" title=\"-\" srcset=\"https:\/\/www.fotocasa.es\/fotocasa-life\/wp-content\/uploads\/2020\/02\/1.-Cuatro.jpg 980w, https:\/\/www.fotocasa.es\/fotocasa-life\/wp-content\/uploads\/2020\/02\/1.-Cuatro-300x168.jpg 300w, https:\/\/www.fotocasa.es\/fotocasa-life\/wp-content\/uploads\/2020\/02\/1.-Cuatro-150x84.jpg 150w, https:\/\/www.fotocasa.es\/fotocasa-life\/wp-content\/uploads\/2020\/02\/1.-Cuatro-768x431.jpg 768w\" sizes=\"auto, (max-width: 980px) 100vw, 980px\" \/><p id=\"caption-attachment-45331\" class=\"wp-caption-text\">Fotocasa<\/p><\/div>\n<h2>Un apartamento de lo m\u00e1s moderno<\/h2>\n<p>A pocos metros del casco hist\u00f3rico de Bilbao <a href=\"https:\/\/www.fotocasa.es\/es\/comprar\/vivienda\/bilbao\/calefaccion-ascensor\/152735265\/d?RowGrid=13&amp;tti=1&amp;opi=300\" target=\"_blank\" rel=\"noopener noreferrer\">se puede disfrutar de esta exclusiva vivienda<\/a> que ha sido totalmente reformada. Consta de 156 metros cuadrados distribuidos acorde a nuestra forma de vida actual. Adem\u00e1s, combina materiales como el hormig\u00f3n y la madera, que combinan a la perfecci\u00f3n.<\/p>\n<p><\/p>\n<div id=\"attachment_45332\" style=\"width: 990px\" class=\"wp-caption alignnone\"><img loading=\"lazy\" decoding=\"async\" aria-describedby=\"caption-attachment-45332\" class=\"size-full wp-image-45332\" src=\"https:\/\/www.fotocasa.es\/fotocasa-life\/wp-content\/uploads\/2020\/02\/2.-Cuatro.jpg\" alt=\"Pisos de m\u00e1s de cuatro habitaciones\" width=\"980\" height=\"550\" title=\"-\" srcset=\"https:\/\/www.fotocasa.es\/fotocasa-life\/wp-content\/uploads\/2020\/02\/2.-Cuatro.jpg 980w, https:\/\/www.fotocasa.es\/fotocasa-life\/wp-content\/uploads\/2020\/02\/2.-Cuatro-300x168.jpg 300w, https:\/\/www.fotocasa.es\/fotocasa-life\/wp-content\/uploads\/2020\/02\/2.-Cuatro-150x84.jpg 150w, https:\/\/www.fotocasa.es\/fotocasa-life\/wp-content\/uploads\/2020\/02\/2.-Cuatro-768x431.jpg 768w\" sizes=\"auto, (max-width: 980px) 100vw, 980px\" \/><p id=\"caption-attachment-45332\" class=\"wp-caption-text\">Fotocasa<\/p><\/div>\n<h2>Ampl\u00edsima y luminosa<\/h2>\n<p><a href=\"https:\/\/www.fotocasa.es\/es\/comprar\/vivienda\/valencia-capital\/aire-acondicionado-calefaccion-parking-trastero-ascensor\/153988817\/d?RowGrid=19&amp;tti=1&amp;opi=300\" target=\"_blank\" rel=\"noopener noreferrer\">En Valencia se localiza esta tranquila vivienda<\/a> de algo menos de 140 metros cuadrados. Consta de cuatro dormitorios, dos cuartos de ba\u00f1o, un amplio sal\u00f3n comedor desde el que se puede acceder a un balc\u00f3n que aporta mucha luminosidad y una espectacular cocina totalmente equipada.<\/p>\n<p><\/p>\n<div id=\"attachment_45333\" style=\"width: 990px\" class=\"wp-caption alignnone\"><img loading=\"lazy\" decoding=\"async\" aria-describedby=\"caption-attachment-45333\" class=\"size-full wp-image-45333\" src=\"https:\/\/www.fotocasa.es\/fotocasa-life\/wp-content\/uploads\/2020\/02\/3.-Cuatro.jpg\" alt=\"Pisos de m\u00e1s de cuatro habitaciones\" width=\"980\" height=\"550\" title=\"-\" srcset=\"https:\/\/www.fotocasa.es\/fotocasa-life\/wp-content\/uploads\/2020\/02\/3.-Cuatro.jpg 980w, https:\/\/www.fotocasa.es\/fotocasa-life\/wp-content\/uploads\/2020\/02\/3.-Cuatro-300x168.jpg 300w, https:\/\/www.fotocasa.es\/fotocasa-life\/wp-content\/uploads\/2020\/02\/3.-Cuatro-150x84.jpg 150w, https:\/\/www.fotocasa.es\/fotocasa-life\/wp-content\/uploads\/2020\/02\/3.-Cuatro-768x431.jpg 768w\" sizes=\"auto, (max-width: 980px) 100vw, 980px\" \/><p id=\"caption-attachment-45333\" class=\"wp-caption-text\">Fotocasa<\/p><\/div>\n<h2>Lujosa y con mucha presencia<\/h2>\n<p>Nos desplazamos <a href=\"https:\/\/www.fotocasa.es\/es\/comprar\/vivienda\/barcelona-capital\/aire-acondicionado-calefaccion-parking-ascensor\/151502236\/d?RowGrid=30&amp;tti=1&amp;opi=300\" target=\"_blank\" rel=\"noopener noreferrer\">a Barcelona para visitar esta fabulosa vivienda<\/a> en una de las mejores zonas de la ciudad, en el coraz\u00f3n del Eixample. Sus casi 200 metros cuadrados de construcci\u00f3n se reparten en cuatro dormitorios, dos cuartos de ba\u00f1o, un enorme sal\u00f3n comedor con chimenea y cocina.<\/p>\n<p><\/p>\n<div id=\"attachment_45334\" style=\"width: 990px\" class=\"wp-caption alignnone\"><img loading=\"lazy\" decoding=\"async\" aria-describedby=\"caption-attachment-45334\" class=\"size-full wp-image-45334\" src=\"https:\/\/www.fotocasa.es\/fotocasa-life\/wp-content\/uploads\/2020\/02\/4.-Cuatro.jpg\" alt=\"Pisos de m\u00e1s de cuatro habitaciones\" width=\"980\" height=\"550\" title=\"-\" srcset=\"https:\/\/www.fotocasa.es\/fotocasa-life\/wp-content\/uploads\/2020\/02\/4.-Cuatro.jpg 980w, https:\/\/www.fotocasa.es\/fotocasa-life\/wp-content\/uploads\/2020\/02\/4.-Cuatro-300x168.jpg 300w, https:\/\/www.fotocasa.es\/fotocasa-life\/wp-content\/uploads\/2020\/02\/4.-Cuatro-150x84.jpg 150w, https:\/\/www.fotocasa.es\/fotocasa-life\/wp-content\/uploads\/2020\/02\/4.-Cuatro-768x431.jpg 768w\" sizes=\"auto, (max-width: 980px) 100vw, 980px\" \/><p id=\"caption-attachment-45334\" class=\"wp-caption-text\">Fotocasa<\/p><\/div>\n<h2>Con piscina y pista de tenis<\/h2>\n<p>Majadahonda es un municipio madrile\u00f1o que se encuentra muy cerca de la capital. <a href=\"https:\/\/www.fotocasa.es\/es\/comprar\/vivienda\/majadahonda\/aire-acondicionado-calefaccion-terraza-trastero-zona-comunitaria-ascensor-piscina-parking-internet-piscina-no-amueblado\/154334279\/d?RowGrid=28&amp;tti=1&amp;opi=300\" target=\"_blank\" rel=\"noopener noreferrer\">Ah\u00ed se encuentra esta fabulosa vivienda<\/a>. Sus casi 150 metros cuadrados se reparten en cuatro dormitorios, dos cuartos de ba\u00f1o, un amplio sal\u00f3n comedor con vistas a la sierra de Madrid y acceso a terraza, cocina equipada y comedor diario. Se encuentra en una urbanizaci\u00f3n, por lo que se puede disfrutar de piscina y pista de tenis.<\/p>\n<p><\/p>\n<div id=\"attachment_45335\" style=\"width: 990px\" class=\"wp-caption alignnone\"><img loading=\"lazy\" decoding=\"async\" aria-describedby=\"caption-attachment-45335\" class=\"size-full wp-image-45335\" src=\"https:\/\/www.fotocasa.es\/fotocasa-life\/wp-content\/uploads\/2020\/02\/5.-Cuatro.jpg\" alt=\"Pisos de m\u00e1s de cuatro habitaciones\" width=\"980\" height=\"550\" title=\"-\" srcset=\"https:\/\/www.fotocasa.es\/fotocasa-life\/wp-content\/uploads\/2020\/02\/5.-Cuatro.jpg 980w, https:\/\/www.fotocasa.es\/fotocasa-life\/wp-content\/uploads\/2020\/02\/5.-Cuatro-300x168.jpg 300w, https:\/\/www.fotocasa.es\/fotocasa-life\/wp-content\/uploads\/2020\/02\/5.-Cuatro-150x84.jpg 150w, https:\/\/www.fotocasa.es\/fotocasa-life\/wp-content\/uploads\/2020\/02\/5.-Cuatro-768x431.jpg 768w\" sizes=\"auto, (max-width: 980px) 100vw, 980px\" \/><p id=\"caption-attachment-45335\" class=\"wp-caption-text\">Fotocasa<\/p><\/div>\n<h2>Con mucha personalidad<\/h2>\n<p>Terminamos este tour en Alicante, donde <a href=\"https:\/\/www.fotocasa.es\/es\/comprar\/vivienda\/alicante-alacant\/aire-acondicionado-terraza-ascensor-parking\/145241046\/d?RowGrid=24&amp;tti=1&amp;opi=300\" target=\"_blank\" rel=\"noopener noreferrer\">se encuentra este estupendo \u00e1tico de casi 300 metros<\/a> cuadrados con nada m\u00e1s y nada menos que siete dormitorios y tres cuartos de ba\u00f1o. Los suelos de m\u00e1rmol le dan mucha personalidad a la vivienda.<\/p>\n<p><\/p>\n<div id=\"attachment_45336\" style=\"width: 990px\" class=\"wp-caption alignnone\"><img loading=\"lazy\" decoding=\"async\" aria-describedby=\"caption-attachment-45336\" class=\"size-full wp-image-45336\" src=\"https:\/\/www.fotocasa.es\/fotocasa-life\/wp-content\/uploads\/2020\/02\/6.-Cuatro.jpg\" alt=\"Pisos de m\u00e1s de cuatro habitaciones\" width=\"980\" height=\"550\" title=\"-\" srcset=\"https:\/\/www.fotocasa.es\/fotocasa-life\/wp-content\/uploads\/2020\/02\/6.-Cuatro.jpg 980w, https:\/\/www.fotocasa.es\/fotocasa-life\/wp-content\/uploads\/2020\/02\/6.-Cuatro-300x168.jpg 300w, https:\/\/www.fotocasa.es\/fotocasa-life\/wp-content\/uploads\/2020\/02\/6.-Cuatro-150x84.jpg 150w, https:\/\/www.fotocasa.es\/fotocasa-life\/wp-content\/uploads\/2020\/02\/6.-Cuatro-768x431.jpg 768w\" sizes=\"auto, (max-width: 980px) 100vw, 980px\" \/><p id=\"caption-attachment-45336\" class=\"wp-caption-text\">Fotocasa<\/p><\/div>\n<p><\/p>\n","protected":false},"excerpt":{"rendered":"<p>No hay nada como una casa amplia, con muchas habitaciones, cada una de ellas con una funci\u00f3n diferente. O tal vez quieras un piso con cuatro o m\u00e1s dormitorios para toda la familia. Sea como fuere, si buscas pisos con muchas habitaciones, no te pierdas el post de hoy. Se\u00f1orial inmueble en Madrid En Madrid&#8230;<\/p>\n","protected":false},"author":3,"featured_media":45331,"comment_status":"open","ping_status":"closed","sticky":false,"template":"","format":"standard","meta":{"_lmt_disableupdate":"yes","_lmt_disable":"","footnotes":""},"categories":[2697],"tags":[3650,3652,3469,3160,3649,3651],"class_list":["post-45327","post","type-post","status-publish","format-standard","has-post-thumbnail","hentry","category-inspiracion","tag-pisos-con-mas-de-cuatro-habitaciones","tag-pisos-con-muchas-habitaciones","tag-pisos-con-mucho-espacio","tag-pisos-con-muchos-dormitorios","tag-pisos-de-cuatro-habitaciones","tag-pisos-de-varios-dormitorios"],"modified_by":null,"_links":{"self":[{"href":"https:\/\/www.fotocasa.es\/fotocasa-life\/wp-json\/wp\/v2\/posts\/45327","targetHints":{"allow":["GET"]}}],"collection":[{"href":"https:\/\/www.fotocasa.es\/fotocasa-life\/wp-json\/wp\/v2\/posts"}],"about":[{"href":"https:\/\/www.fotocasa.es\/fotocasa-life\/wp-json\/wp\/v2\/types\/post"}],"author":[{"embeddable":true,"href":"https:\/\/www.fotocasa.es\/fotocasa-life\/wp-json\/wp\/v2\/users\/3"}],"replies":[{"embeddable":true,"href":"https:\/\/www.fotocasa.es\/fotocasa-life\/wp-json\/wp\/v2\/comments?post=45327"}],"version-history":[{"count":0,"href":"https:\/\/www.fotocasa.es\/fotocasa-life\/wp-json\/wp\/v2\/posts\/45327\/revisions"}],"wp:featuredmedia":[{"embeddable":true,"href":"https:\/\/www.fotocasa.es\/fotocasa-life\/wp-json\/wp\/v2\/media\/45331"}],"wp:attachment":[{"href":"https:\/\/www.fotocasa.es\/fotocasa-life\/wp-json\/wp\/v2\/media?parent=45327"}],"wp:term":[{"taxonomy":"category","embeddable":true,"href":"https:\/\/www.fotocasa.es\/fotocasa-life\/wp-json\/wp\/v2\/categories?post=45327"},{"taxonomy":"post_tag","embeddable":true,"href":"https:\/\/www.fotocasa.es\/fotocasa-life\/wp-json\/wp\/v2\/tags?post=45327"}],"curies":[{"name":"wp","href":"https:\/\/api.w.org\/{rel}","templated":true}]}}