{"id":43878,"date":"2019-12-16T12:58:22","date_gmt":"2019-12-16T11:58:22","guid":{"rendered":"https:\/\/www.fotocasa.es\/fotocasa-life\/?p=43878"},"modified":"2022-10-07T12:32:55","modified_gmt":"2022-10-07T10:32:55","slug":"casa-de-proteccion-oficial-puedes-venderla-o-alquilarla","status":"publish","type":"post","link":"https:\/\/www.fotocasa.es\/fotocasa-life\/compraventa\/casa-de-proteccion-oficial-puedes-venderla-o-alquilarla\/","title":{"rendered":"Casa de protecci\u00f3n oficial: \u00bfpuedes venderla o alquilarla?"},"content":{"rendered":"<p><span style=\"font-weight: 400;\"><strong>Las casas de protecci\u00f3n oficial tienen muchas ventajas<\/strong>, ya que cuentan con precios m\u00e1s reducidos y ayudas econ\u00f3micas. Sin embargo, tambi\u00e9n tiene sus inconvenientes, especialmente a la hora de alquilarlas o venderlas a terceros.\u00a0<\/span><\/p>\n<h2>\u00a0\u00bfQu\u00e9 son las viviendas de protecci\u00f3n oficial o VPO?<\/h2>\n<p><span style=\"font-weight: 400;\">Las <strong><a href=\"https:\/\/www.fotocasa.es\/es\/comprar\/viviendas\/espana\/todas-las-zonas\/l?text=vivienda-de-proteccion-oficial\">viviendas de protecci\u00f3n oficial<\/a><\/strong> nacieron con objeto de <\/span><b>facilitar el acceso a la vivienda<\/b><span style=\"font-weight: 400;\"> a sectores m\u00e1s desfavorecidos y con menos recursos. Por ello, su precio es inferior al de la vivienda libre y cuenta con ayudas econ\u00f3micas, pero a cambio tienen una serie de limitaciones y su uso est\u00e1 regulado. Existen tanto viviendas protegidas de <\/span><b>promoci\u00f3n p\u00fablica como privada<\/b><span style=\"font-weight: 400;\">, y en funci\u00f3n de esta calificaci\u00f3n estar\u00e1n sujetas a una normativa diferente.<\/span><\/p>\n<p><span style=\"font-weight: 400;\">La legislaci\u00f3n en materia de <strong><a href=\"https:\/\/www.fotocasa.es\/fotocasa-life\/compraventa\/vpo-o-viviendas-protegidas-guia-con-todo-lo-que-debes-saber\/\">VPO corresponde a cada Comunidad Aut\u00f3noma<\/a><\/strong><\/span><span style=\"font-weight: 400;\">, que ser\u00e1 la encarga de establecer los requisitos que tiene que cumplir la vivienda para ser considerada de protecci\u00f3n oficial. Por lo general, suelen tener una <\/span><b>superficie \u00fatil m\u00e1xima de 90 m<\/b><b>2<\/b><b>,<\/b><span style=\"font-weight: 400;\"> pudiendo alcanzar los 108m<\/span><span style=\"font-weight: 400;\">2<\/span><span style=\"font-weight: 400;\"> aquellas viviendas adaptadas a personas con discapacidad y los 120m<\/span><span style=\"font-weight: 400;\">2<\/span><span style=\"font-weight: 400;\"> las destinadas a familias numerosas.<\/span><\/p>\n<p><span style=\"font-weight: 400;\">Como norma general, para que una persona pueda acceder a estas viviendas deber\u00e1 destinarla a <\/span><b>domicilio habitual y permanente <\/b><span style=\"font-weight: 400;\">y no superar unos <\/span><b>ingresos anuales <\/b><span style=\"font-weight: 400;\">concretos, determinados por la Comunidad Aut\u00f3noma.\u00a0<\/span><\/p>\n<h3>C\u00e9dula de calificaci\u00f3n definitiva<\/h3>\n<p><span style=\"font-weight: 400;\">Toda <strong><a href=\"https:\/\/www.fotocasa.es\/fotocasa-life\/compraventa\/como-optar-a-una-vivienda-vpo\/\">VPO<\/a><\/strong> tiene una <\/span><b>c\u00e9dula de calificaci\u00f3n definitiva<\/b><span style=\"font-weight: 400;\"> en la que se especifican las caracter\u00edsticas de la vivienda, la duraci\u00f3n de su r\u00e9gimen de protecci\u00f3n y los precios m\u00e1ximos legales de venta o alquiler.\u00a0<\/span><\/p>\n<h2>\u00bfSe puede vender o alquilar una VPO?<\/h2>\n<p><span style=\"font-weight: 400;\">Por norma general, una vivienda protegida <\/span><b>no puede venderse ni alquilarse<\/b><span style=\"font-weight: 400;\"> mientras mantenga su r\u00e9gimen de protecci\u00f3n, a no ser que se pida una autorizaci\u00f3n expresa a la Comunidad Aut\u00f3noma y se cumplan determinados requisitos. Si no, solo ser\u00e1 posible cuando se produzca la descalificaci\u00f3n de la vivienda, lo que significa que deja de estar sujeta al r\u00e9gimen de protecci\u00f3n.<\/span><\/p>\n<p><span style=\"font-weight: 400;\">Sin embargo, hay que tener en cuenta que, una vez concedido el permiso para realizar estos tr\u00e1mites, la legislaci\u00f3n establece unos <\/span><b>precios m\u00e1ximos<\/b><span style=\"font-weight: 400;\"> para la venta y el arrendamiento.\u00a0\u00a0<\/span><\/p>\n<p><img loading=\"lazy\" decoding=\"async\" class=\"aligncenter wp-image-59468 size-full\" title=\"Casa de protecci\u00f3n oficial\" src=\"https:\/\/www.fotocasa.es\/fotocasa-life\/wp-content\/uploads\/2021\/03\/dato-hipotecas-FC.jpg\" alt=\"Casas de protecci\u00f3n oficial\" width=\"980\" height=\"550\" srcset=\"https:\/\/www.fotocasa.es\/fotocasa-life\/wp-content\/uploads\/2021\/03\/dato-hipotecas-FC.jpg 980w, https:\/\/www.fotocasa.es\/fotocasa-life\/wp-content\/uploads\/2021\/03\/dato-hipotecas-FC-300x168.jpg 300w, https:\/\/www.fotocasa.es\/fotocasa-life\/wp-content\/uploads\/2021\/03\/dato-hipotecas-FC-150x84.jpg 150w, https:\/\/www.fotocasa.es\/fotocasa-life\/wp-content\/uploads\/2021\/03\/dato-hipotecas-FC-768x431.jpg 768w\" sizes=\"auto, (max-width: 980px) 100vw, 980px\" \/><\/p>\n<h2>Descalificaci\u00f3n de la vivienda<\/h2>\n<p><span style=\"font-weight: 400;\">Existen distintos <\/span><b>tipos de descalificaci\u00f3n<\/b><span style=\"font-weight: 400;\"> de una vivienda protegida:\u00a0<\/span><\/p>\n<ul>\n<li style=\"font-weight: 400;\"><a href=\"https:\/\/www.fotocasa.es\/fotocasa-life\/compraventa\/infracciones-que-hacen-perder-una-vpo\/\"><b>Descalificaci\u00f3n autom\u00e1tica<\/b><\/a><span style=\"font-weight: 400;\">, cuando finaliza el r\u00e9gimen de protecci\u00f3n.\u00a0<\/span><\/li>\n<li style=\"font-weight: 400;\"><b>Descalificaci\u00f3n voluntaria<\/b><span style=\"font-weight: 400;\">, a solicitud del propietario.<\/span><\/li>\n<li style=\"font-weight: 400;\"><span style=\"font-weight: 400;\">Por <\/span><b>sanci\u00f3n<\/b><span style=\"font-weight: 400;\"> impuesta por la Administraci\u00f3n cuando la casa no cumple los requisitos para ser considerada protegida.\u00a0<\/span><\/li>\n<\/ul>\n<p><span style=\"font-weight: 400;\">Para proceder a la descalificaci\u00f3n voluntaria debes acudir a la legislaci\u00f3n de tu Comunidad Aut\u00f3noma y comprobar los requisitos. Por ejemplo, dependiendo del <\/span><b>tipo de vivienda protegida<\/b><span style=\"font-weight: 400;\"> que tengas y de la Comunidad Aut\u00f3noma en la que se encuentre, tendr\u00e1s que esperar m\u00e1s o menos a\u00f1os desde la expedici\u00f3n de la calificaci\u00f3n definitiva para poder solicitar la descalificaci\u00f3n, e incluso es posible que no se contemple la posibilidad.\u00a0\u00a0\u00a0<\/span><\/p>\n<p><span style=\"font-weight: 400;\">Adem\u00e1s, en caso de solicitar la descalificaci\u00f3n voluntaria, deber\u00e1s <\/span><b>devolver todas las ayudas recibidas<\/b><span style=\"font-weight: 400;\"> hasta el momento junto con los intereses correspondientes.\u00a0<\/span><\/p>\n<p><span style=\"font-weight: 400;\">Por otro lado, tendr\u00e1s que pedir una <\/span><b>autorizaci\u00f3n<\/b><span style=\"font-weight: 400;\"> espec\u00edfica a tu Comunidad Aut\u00f3noma para la venta o el arrendamiento. Esta autorizaci\u00f3n tambi\u00e9n se puede pedir aunque la casa todav\u00eda se encuentre protegida, ya que bajo algunos supuestos, pueden conceder permiso para su alquiler o venta. Por ejemplo, en caso de que la vivienda hubiese sido adquirida por una sociedad conyugal y esta se haya disuelto (divorcio, separaci\u00f3n\u2026), por motivos laborales de fuerza mayor (como tener que cambiar de ciudad de residencia) o por aumento en el n\u00famero de integrantes de la familia.\u00a0\u00a0<\/span><\/p>\n<p><span style=\"font-weight: 400;\">Una vez realizados todos los tr\u00e1mites y con luz verde para vender o alquilar tu VPO, tendr\u00e1s que asegurarte de <\/span><b>entregar<\/b><span style=\"font-weight: 400;\"> a los nuevos inquilinos la <\/span><b>c\u00e9dula de calificaci\u00f3n definitiva.<\/b> <span style=\"font-weight: 400;\">Adem\u00e1s, ser\u00e1 necesario disponer del <\/span><a href=\"https:\/\/www.certicalia.com\/que-es-un-certificado-energetico\" target=\"_blank\" rel=\"noopener\"><b>certificado energ\u00e9tico<\/b><\/a><span style=\"font-weight: 400;\">, ya que, desde 2013, este documento es obligatorio para este tipo de transacciones.\u00a0<\/span><\/p>\n<h2>Multas por vender o alquilar una vivienda de protecci\u00f3n oficial<\/h2>\n<p><span style=\"font-weight: 400;\">Las infracciones por vender o alquilar viviendas protegidas pueden clasificarse en leves, graves y muy graves. Cada Comunidad Aut\u00f3noma tendr\u00e1 su propio <\/span><b>r\u00e9gimen sancionador<\/b><span style=\"font-weight: 400;\">, pero, por ejemplo, la Comunidad de Madrid castiga las infracciones de la siguiente manera:\u00a0<\/span><\/p>\n<ul>\n<li style=\"font-weight: 400;\"><b>Infracciones leves<\/b><span style=\"font-weight: 400;\">: de 150 a 1.500 euros.\u00a0<\/span><\/li>\n<li style=\"font-weight: 400;\"><b>Infracciones graves<\/b><span style=\"font-weight: 400;\">: de 1.501 a 6.000 euros.\u00a0<\/span><\/li>\n<li style=\"font-weight: 400;\"><b>Infracciones muy graves<\/b><span style=\"font-weight: 400;\">: de 6.001 a 60.000 euros.\u00a0<\/span><\/li>\n<\/ul>\n<p><span style=\"font-weight: 400;\">Cabe destacar que dentro de estas infracciones no solo se encuentran la venta y alquiler sin autorizaci\u00f3n, sino tambi\u00e9n el hecho de superar los precios m\u00e1ximos establecidos por la legislaci\u00f3n vigente.\u00a0<\/span><\/p>\n","protected":false},"excerpt":{"rendered":"<p>Las viviendas protegidas tienen muchas ventajas, ya que cuentan con precios m\u00e1s reducidos y ayudas econ\u00f3micas. Te contamos todo lo que debes saber.<\/p>\n","protected":false},"author":32,"featured_media":3607,"comment_status":"open","ping_status":"closed","sticky":false,"template":"","format":"standard","meta":{"_lmt_disableupdate":"yes","_lmt_disable":"","footnotes":""},"categories":[3,2,4277],"tags":[5197,6745,6749,918],"class_list":["post-43878","post","type-post","status-publish","format-standard","has-post-thumbnail","hentry","category-compraventa","category-alquiler","category-vender-piso","tag-publicadores","tag-quiero-vender-mi-piso","tag-vender-vpo","tag-vpo"],"modified_by":"Agustina Battioli","_links":{"self":[{"href":"https:\/\/www.fotocasa.es\/fotocasa-life\/wp-json\/wp\/v2\/posts\/43878","targetHints":{"allow":["GET"]}}],"collection":[{"href":"https:\/\/www.fotocasa.es\/fotocasa-life\/wp-json\/wp\/v2\/posts"}],"about":[{"href":"https:\/\/www.fotocasa.es\/fotocasa-life\/wp-json\/wp\/v2\/types\/post"}],"author":[{"embeddable":true,"href":"https:\/\/www.fotocasa.es\/fotocasa-life\/wp-json\/wp\/v2\/users\/32"}],"replies":[{"embeddable":true,"href":"https:\/\/www.fotocasa.es\/fotocasa-life\/wp-json\/wp\/v2\/comments?post=43878"}],"version-history":[{"count":0,"href":"https:\/\/www.fotocasa.es\/fotocasa-life\/wp-json\/wp\/v2\/posts\/43878\/revisions"}],"wp:featuredmedia":[{"embeddable":true,"href":"https:\/\/www.fotocasa.es\/fotocasa-life\/wp-json\/wp\/v2\/media\/3607"}],"wp:attachment":[{"href":"https:\/\/www.fotocasa.es\/fotocasa-life\/wp-json\/wp\/v2\/media?parent=43878"}],"wp:term":[{"taxonomy":"category","embeddable":true,"href":"https:\/\/www.fotocasa.es\/fotocasa-life\/wp-json\/wp\/v2\/categories?post=43878"},{"taxonomy":"post_tag","embeddable":true,"href":"https:\/\/www.fotocasa.es\/fotocasa-life\/wp-json\/wp\/v2\/tags?post=43878"}],"curies":[{"name":"wp","href":"https:\/\/api.w.org\/{rel}","templated":true}]}}