{"id":43486,"date":"2019-12-03T16:00:40","date_gmt":"2019-12-03T14:00:40","guid":{"rendered":"https:\/\/www.fotocasa.es\/fotocasa-life\/?p=43486"},"modified":"2020-11-27T13:12:49","modified_gmt":"2020-11-27T12:12:49","slug":"pisos-pequenos-y-equipados","status":"publish","type":"post","link":"https:\/\/www.fotocasa.es\/fotocasa-life\/inspiracion\/pisos-pequenos-y-equipados\/","title":{"rendered":"Pisos peque\u00f1os y equipados"},"content":{"rendered":"<p>\u00a1Cu\u00e1nta raz\u00f3n tiene el famoso dicho de \u00abmenos es m\u00e1s\u00bb! Y es que muchas veces tener pocos metros cuadrados es sin\u00f3nimo de \u00e9xito. Por ejemplo, menos casa que limpiar. Si eres de los que se conforma con poco, siempre y cuando ese poco tenga todo lo imprescindible, sigue leyendo porque estos seis peque\u00f1os pisos que te traemos est\u00e1n hechos para ti.<\/p>\n<h2>Reci\u00e9n reformado<\/h2>\n<p><a href=\"https:\/\/www.fotocasa.es\/es\/comprar\/vivienda\/madrid-capital\/aire-acondicionado-calefaccion-terraza-amueblado\/153672725\/d?RowGrid=9&amp;tti=1&amp;opi=300\" target=\"_blank\" rel=\"noopener noreferrer\">Este piso ha sido reformado hace poco<\/a> y busca quien la ocupe. Los 70 m2 se reparten en tres dormitorios, un cuarto de ba\u00f1o, cocina totalmente equipada y sal\u00f3n, adem\u00e1s de un bonito balc\u00f3n. \u00a1Listo para mudarse ya!<\/p>\n<p><\/p>\n<div id=\"attachment_43491\" style=\"width: 990px\" class=\"wp-caption alignnone\"><img loading=\"lazy\" decoding=\"async\" aria-describedby=\"caption-attachment-43491\" class=\"size-full wp-image-43491\" src=\"https:\/\/www.fotocasa.es\/fotocasa-life\/wp-content\/uploads\/2019\/12\/1.-Peque\u00f1os.jpg\" alt=\"Pisos peque\u00f1os y equipados\" width=\"980\" height=\"550\" title=\"-\" srcset=\"https:\/\/www.fotocasa.es\/fotocasa-life\/wp-content\/uploads\/2019\/12\/1.-Peque\u00f1os.jpg 980w, https:\/\/www.fotocasa.es\/fotocasa-life\/wp-content\/uploads\/2019\/12\/1.-Peque\u00f1os-300x168.jpg 300w, https:\/\/www.fotocasa.es\/fotocasa-life\/wp-content\/uploads\/2019\/12\/1.-Peque\u00f1os-150x84.jpg 150w, https:\/\/www.fotocasa.es\/fotocasa-life\/wp-content\/uploads\/2019\/12\/1.-Peque\u00f1os-768x431.jpg 768w\" sizes=\"auto, (max-width: 980px) 100vw, 980px\" \/><p id=\"caption-attachment-43491\" class=\"wp-caption-text\">Fotocasa<\/p><\/div>\n<h2>Con todo lo necesario<\/h2>\n<p>En el distrito de <a href=\"https:\/\/www.fotocasa.es\/es\/comprar\/vivienda\/barcelona-capital\/amueblado\/152491172\/d?RowGrid=5&amp;tti=1&amp;opi=300\" target=\"_blank\" rel=\"noopener noreferrer\">Ciutat Vella se encuentra este apartamento<\/a> que ha sido reformado hace poco. Los 35 metros cuadrados est\u00e1n muy amortizados: \u00bfte has fijado en que la parte baja de la mesa de la cocina es tambi\u00e9n una estanter\u00eda? \u00a1Una oportunidad \u00fanica!<\/p>\n<p><\/p>\n<div id=\"attachment_43492\" style=\"width: 990px\" class=\"wp-caption alignnone\"><img loading=\"lazy\" decoding=\"async\" aria-describedby=\"caption-attachment-43492\" class=\"size-full wp-image-43492\" src=\"https:\/\/www.fotocasa.es\/fotocasa-life\/wp-content\/uploads\/2019\/12\/2.-Peque\u00f1os.jpg\" alt=\"Pisos peque\u00f1os y equipados\" width=\"980\" height=\"550\" title=\"-\" srcset=\"https:\/\/www.fotocasa.es\/fotocasa-life\/wp-content\/uploads\/2019\/12\/2.-Peque\u00f1os.jpg 980w, https:\/\/www.fotocasa.es\/fotocasa-life\/wp-content\/uploads\/2019\/12\/2.-Peque\u00f1os-300x168.jpg 300w, https:\/\/www.fotocasa.es\/fotocasa-life\/wp-content\/uploads\/2019\/12\/2.-Peque\u00f1os-150x84.jpg 150w, https:\/\/www.fotocasa.es\/fotocasa-life\/wp-content\/uploads\/2019\/12\/2.-Peque\u00f1os-768x431.jpg 768w\" sizes=\"auto, (max-width: 980px) 100vw, 980px\" \/><p id=\"caption-attachment-43492\" class=\"wp-caption-text\">Fotocasa<\/p><\/div>\n<h2>Un espacio totalmente di\u00e1fano<\/h2>\n<p>Pese a no tener puertas, en <a href=\"https:\/\/www.fotocasa.es\/es\/comprar\/vivienda\/castro-urdiales\/amueblado\/153176469\/d?RowGrid=10&amp;tti=1&amp;opi=300\" target=\"_blank\" rel=\"noopener noreferrer\">este precioso apartamento<\/a> los espacios quedan bien delimitados gracias a los juegos de alturas, las columnas o l\u00e1minas de cristal. Todos los materiales son de la mejor calidad y est\u00e1 decorado con un gusto exquisito. \u00bfSe necesita algo m\u00e1s?<\/p>\n<p><\/p>\n<div id=\"attachment_43494\" style=\"width: 990px\" class=\"wp-caption alignnone\"><img loading=\"lazy\" decoding=\"async\" aria-describedby=\"caption-attachment-43494\" class=\"size-full wp-image-43494\" src=\"https:\/\/www.fotocasa.es\/fotocasa-life\/wp-content\/uploads\/2019\/12\/3.-Peque\u00f1os.jpg\" alt=\"Pisos peque\u00f1os y equipados\" width=\"980\" height=\"550\" title=\"-\" srcset=\"https:\/\/www.fotocasa.es\/fotocasa-life\/wp-content\/uploads\/2019\/12\/3.-Peque\u00f1os.jpg 980w, https:\/\/www.fotocasa.es\/fotocasa-life\/wp-content\/uploads\/2019\/12\/3.-Peque\u00f1os-300x168.jpg 300w, https:\/\/www.fotocasa.es\/fotocasa-life\/wp-content\/uploads\/2019\/12\/3.-Peque\u00f1os-150x84.jpg 150w, https:\/\/www.fotocasa.es\/fotocasa-life\/wp-content\/uploads\/2019\/12\/3.-Peque\u00f1os-768x431.jpg 768w\" sizes=\"auto, (max-width: 980px) 100vw, 980px\" \/><p id=\"caption-attachment-43494\" class=\"wp-caption-text\">Fotocasa<\/p><\/div>\n<h2>Sorprendente y luminoso<\/h2>\n<p>Este piso de 36 m2 est\u00e1 ubicado <a href=\"https:\/\/www.fotocasa.es\/es\/comprar\/vivienda\/madrid-capital\/aire-acondicionado-calefaccion-ascensor-amueblado-no-amueblado\/153485939\/d?RowGrid=13&amp;tti=1&amp;opi=300\" target=\"_blank\" rel=\"noopener noreferrer\">en una zona inmejorable de Madrid<\/a>, con estaci\u00f3n de tren a escasos metros, parada de taxis y diferentes l\u00edneas de autob\u00fas.<\/p>\n<p><\/p>\n<div id=\"attachment_43495\" style=\"width: 990px\" class=\"wp-caption alignnone\"><img loading=\"lazy\" decoding=\"async\" aria-describedby=\"caption-attachment-43495\" class=\"size-full wp-image-43495\" src=\"https:\/\/www.fotocasa.es\/fotocasa-life\/wp-content\/uploads\/2019\/12\/4.-Peque\u00f1os.jpg\" alt=\"Pisos peque\u00f1os y equipados\" width=\"980\" height=\"550\" title=\"-\" srcset=\"https:\/\/www.fotocasa.es\/fotocasa-life\/wp-content\/uploads\/2019\/12\/4.-Peque\u00f1os.jpg 980w, https:\/\/www.fotocasa.es\/fotocasa-life\/wp-content\/uploads\/2019\/12\/4.-Peque\u00f1os-300x168.jpg 300w, https:\/\/www.fotocasa.es\/fotocasa-life\/wp-content\/uploads\/2019\/12\/4.-Peque\u00f1os-150x84.jpg 150w, https:\/\/www.fotocasa.es\/fotocasa-life\/wp-content\/uploads\/2019\/12\/4.-Peque\u00f1os-768x431.jpg 768w\" sizes=\"auto, (max-width: 980px) 100vw, 980px\" \/><p id=\"caption-attachment-43495\" class=\"wp-caption-text\">Fotocasa<\/p><\/div>\n<h2>\u00a1Con escondite!<\/h2>\n<p><a href=\"https:\/\/www.fotocasa.es\/es\/comprar\/vivienda\/madrid-capital\/aire-acondicionado-calefaccion-ascensor-amueblado\/152918857\/d?RowGrid=30&amp;tti=1&amp;opi=300\" target=\"_blank\" rel=\"noopener noreferrer\">Este piso se ubica en la zona m\u00e1s moderna de la capital<\/a>, en Chueca. Con 38 metros cuadrados, este piso guarda un secreto: en el dormitorio hay un altillo en el que cabe otra cama de matrimonio. \u00a1Una muy buena forma de aprovechar el espacio!<\/p>\n<p><\/p>\n<div id=\"attachment_43496\" style=\"width: 990px\" class=\"wp-caption alignnone\"><img loading=\"lazy\" decoding=\"async\" aria-describedby=\"caption-attachment-43496\" class=\"size-full wp-image-43496\" src=\"https:\/\/www.fotocasa.es\/fotocasa-life\/wp-content\/uploads\/2019\/12\/5.-Peque\u00f1os.jpg\" alt=\"Pisos peque\u00f1os y equipados\" width=\"980\" height=\"550\" title=\"-\" srcset=\"https:\/\/www.fotocasa.es\/fotocasa-life\/wp-content\/uploads\/2019\/12\/5.-Peque\u00f1os.jpg 980w, https:\/\/www.fotocasa.es\/fotocasa-life\/wp-content\/uploads\/2019\/12\/5.-Peque\u00f1os-300x168.jpg 300w, https:\/\/www.fotocasa.es\/fotocasa-life\/wp-content\/uploads\/2019\/12\/5.-Peque\u00f1os-150x84.jpg 150w, https:\/\/www.fotocasa.es\/fotocasa-life\/wp-content\/uploads\/2019\/12\/5.-Peque\u00f1os-768x431.jpg 768w\" sizes=\"auto, (max-width: 980px) 100vw, 980px\" \/><p id=\"caption-attachment-43496\" class=\"wp-caption-text\">Fotocasa<\/p><\/div>\n<h2>En una ciudad hist\u00f3rica<\/h2>\n<p>Si te gustan los cascos hist\u00f3ricos de las ciudades sin importar el tama\u00f1o de la vivienda, <a href=\"https:\/\/www.fotocasa.es\/es\/comprar\/vivienda\/vigo\/calefaccion-terraza-ascensor-amueblado\/150041467\/d?RowGrid=6&amp;tti=1&amp;opi=300\" target=\"_blank\" rel=\"noopener noreferrer\">este piso es perfecto para ti<\/a>. Se encuentra en la parte m\u00e1s antigua de la ciudad de Vigo y sus 40 metros cuadrados dan para un sal\u00f3n comedor con cocina, dormitorio, cuarto de ba\u00f1o e incluso balc\u00f3n.<\/p>\n<p><\/p>\n<div id=\"attachment_43497\" style=\"width: 990px\" class=\"wp-caption alignnone\"><img loading=\"lazy\" decoding=\"async\" aria-describedby=\"caption-attachment-43497\" class=\"size-full wp-image-43497\" src=\"https:\/\/www.fotocasa.es\/fotocasa-life\/wp-content\/uploads\/2019\/12\/6.-Peque\u00f1os.jpg\" alt=\"Pisos peque\u00f1os y equipados\" width=\"980\" height=\"550\" title=\"-\" srcset=\"https:\/\/www.fotocasa.es\/fotocasa-life\/wp-content\/uploads\/2019\/12\/6.-Peque\u00f1os.jpg 980w, https:\/\/www.fotocasa.es\/fotocasa-life\/wp-content\/uploads\/2019\/12\/6.-Peque\u00f1os-300x168.jpg 300w, https:\/\/www.fotocasa.es\/fotocasa-life\/wp-content\/uploads\/2019\/12\/6.-Peque\u00f1os-150x84.jpg 150w, https:\/\/www.fotocasa.es\/fotocasa-life\/wp-content\/uploads\/2019\/12\/6.-Peque\u00f1os-768x431.jpg 768w\" sizes=\"auto, (max-width: 980px) 100vw, 980px\" \/><p id=\"caption-attachment-43497\" class=\"wp-caption-text\">Fotocasa<\/p><\/div>\n<p><\/p>\n","protected":false},"excerpt":{"rendered":"<p>\u00a1Cu\u00e1nta raz\u00f3n tiene el famoso dicho de \u00abmenos es m\u00e1s\u00bb! Y es que muchas veces tener pocos metros cuadrados es sin\u00f3nimo de \u00e9xito. Por ejemplo, menos casa que limpiar. Si eres de los que se conforma con poco, siempre y cuando ese poco tenga todo lo imprescindible, sigue leyendo porque estos seis peque\u00f1os pisos que&#8230;<\/p>\n","protected":false},"author":3,"featured_media":43494,"comment_status":"open","ping_status":"closed","sticky":false,"template":"","format":"standard","meta":{"_lmt_disableupdate":"yes","_lmt_disable":"","footnotes":""},"categories":[2697],"tags":[3229,2557,2833,2779,3356],"class_list":["post-43486","post","type-post","status-publish","format-standard","has-post-thumbnail","hentry","category-inspiracion","tag-pisos-amueblados","tag-pisos-baratos","tag-pisos-bonitos","tag-pisos-pequenos","tag-pisos-pequenos-y-equipados"],"modified_by":null,"_links":{"self":[{"href":"https:\/\/www.fotocasa.es\/fotocasa-life\/wp-json\/wp\/v2\/posts\/43486","targetHints":{"allow":["GET"]}}],"collection":[{"href":"https:\/\/www.fotocasa.es\/fotocasa-life\/wp-json\/wp\/v2\/posts"}],"about":[{"href":"https:\/\/www.fotocasa.es\/fotocasa-life\/wp-json\/wp\/v2\/types\/post"}],"author":[{"embeddable":true,"href":"https:\/\/www.fotocasa.es\/fotocasa-life\/wp-json\/wp\/v2\/users\/3"}],"replies":[{"embeddable":true,"href":"https:\/\/www.fotocasa.es\/fotocasa-life\/wp-json\/wp\/v2\/comments?post=43486"}],"version-history":[{"count":0,"href":"https:\/\/www.fotocasa.es\/fotocasa-life\/wp-json\/wp\/v2\/posts\/43486\/revisions"}],"wp:featuredmedia":[{"embeddable":true,"href":"https:\/\/www.fotocasa.es\/fotocasa-life\/wp-json\/wp\/v2\/media\/43494"}],"wp:attachment":[{"href":"https:\/\/www.fotocasa.es\/fotocasa-life\/wp-json\/wp\/v2\/media?parent=43486"}],"wp:term":[{"taxonomy":"category","embeddable":true,"href":"https:\/\/www.fotocasa.es\/fotocasa-life\/wp-json\/wp\/v2\/categories?post=43486"},{"taxonomy":"post_tag","embeddable":true,"href":"https:\/\/www.fotocasa.es\/fotocasa-life\/wp-json\/wp\/v2\/tags?post=43486"}],"curies":[{"name":"wp","href":"https:\/\/api.w.org\/{rel}","templated":true}]}}