{"id":42661,"date":"2023-09-22T08:00:36","date_gmt":"2023-09-22T06:00:36","guid":{"rendered":"https:\/\/www.fotocasa.es\/fotocasa-life\/?p=42661"},"modified":"2025-09-22T07:10:00","modified_gmt":"2025-09-22T05:10:00","slug":"las-decoraciones-mas-trendy-de-este-otono","status":"publish","type":"post","link":"https:\/\/www.fotocasa.es\/fotocasa-life\/inspiracion\/las-decoraciones-mas-trendy-de-este-otono\/","title":{"rendered":"Tendencias oto\u00f1o para casa: ideas para un hogar acogedor"},"content":{"rendered":"<p><span style=\"font-weight: 400\">El oto\u00f1o llega con una luz distinta, d\u00edas m\u00e1s cortos y temperaturas que invitan a pasar m\u00e1s tiempo en casa. Y con ese cambio, tambi\u00e9n apetece darle un aire renovado a nuestro hogar. La <\/span><a href=\"https:\/\/www.fotocasa.es\/fotocasa-life\/hogar\/decoracion\/30-adornos-y-decoraciones-de-otono-para-un-hogar-acogedor\/\" target=\"_blank\" rel=\"noopener\"><span style=\"font-weight: 400\">decoraci\u00f3n de oto\u00f1o para casa<\/span><\/a><span style=\"font-weight: 400\"> es <\/span><b>una oportunidad para<\/b> <b>crear espacios que transmitan calma, calidez y estilo.<\/b><\/p>\n<p><span style=\"font-weight: 400\">Desde Fotocasa <\/span><b>repasamos las principales<\/b> <b>tendencias<\/b> <b>de decoraci\u00f3n oto\u00f1al<\/b><span style=\"font-weight: 400\">, con ejemplos pr\u00e1cticos y consejos sencillos que podemos aplicar sin necesidad de grandes reformas para lograr el bienestar.<\/span><\/p>\n","protected":false},"excerpt":{"rendered":"<p>Transforma el hogar en un refugio acogedor con colores c\u00e1lidos, texturas suaves y detalles naturales<\/p>\n","protected":false},"author":3,"featured_media":85052,"comment_status":"open","ping_status":"closed","sticky":false,"template":"","format":"standard","meta":{"_lmt_disableupdate":"yes","_lmt_disable":"","footnotes":""},"categories":[2697],"tags":[7532,881,3048,3245,3183,8166,9368,9366,3244,9367,7141,109,142],"class_list":["post-42661","post","type-post","status-publish","format-standard","has-post-thumbnail","hentry","category-inspiracion","tag-como-decorar-casa","tag-decoracion-de-otono","tag-decoracion-minimalista","tag-decoracion-moderna","tag-decoracion-otonal","tag-decoracion-otono","tag-decoracion-otono-infantil","tag-decoraciones-mas-trendy-de-otono","tag-decoraciones-trendy","tag-decorar-casa","tag-decorar-vivienda","tag-diseno-interiores","tag-fotocasa"],"modified_by":null,"_links":{"self":[{"href":"https:\/\/www.fotocasa.es\/fotocasa-life\/wp-json\/wp\/v2\/posts\/42661","targetHints":{"allow":["GET"]}}],"collection":[{"href":"https:\/\/www.fotocasa.es\/fotocasa-life\/wp-json\/wp\/v2\/posts"}],"about":[{"href":"https:\/\/www.fotocasa.es\/fotocasa-life\/wp-json\/wp\/v2\/types\/post"}],"author":[{"embeddable":true,"href":"https:\/\/www.fotocasa.es\/fotocasa-life\/wp-json\/wp\/v2\/users\/3"}],"replies":[{"embeddable":true,"href":"https:\/\/www.fotocasa.es\/fotocasa-life\/wp-json\/wp\/v2\/comments?post=42661"}],"version-history":[{"count":0,"href":"https:\/\/www.fotocasa.es\/fotocasa-life\/wp-json\/wp\/v2\/posts\/42661\/revisions"}],"wp:featuredmedia":[{"embeddable":true,"href":"https:\/\/www.fotocasa.es\/fotocasa-life\/wp-json\/wp\/v2\/media\/85052"}],"wp:attachment":[{"href":"https:\/\/www.fotocasa.es\/fotocasa-life\/wp-json\/wp\/v2\/media?parent=42661"}],"wp:term":[{"taxonomy":"category","embeddable":true,"href":"https:\/\/www.fotocasa.es\/fotocasa-life\/wp-json\/wp\/v2\/categories?post=42661"},{"taxonomy":"post_tag","embeddable":true,"href":"https:\/\/www.fotocasa.es\/fotocasa-life\/wp-json\/wp\/v2\/tags?post=42661"}],"curies":[{"name":"wp","href":"https:\/\/api.w.org\/{rel}","templated":true}]}}