{"id":4240,"date":"2014-11-26T12:43:28","date_gmt":"2014-11-26T10:43:28","guid":{"rendered":"https:\/\/www.fotocasa.es\/fotocasa-life\/?p=4240"},"modified":"2020-11-27T11:32:39","modified_gmt":"2020-11-27T10:32:39","slug":"funcas-preve-que-el-pib-se-modere-al-04-en-el-cuarto-trimestre","status":"publish","type":"post","link":"https:\/\/www.fotocasa.es\/fotocasa-life\/hipotecas-finanzas\/funcas-preve-que-el-pib-se-modere-al-04-en-el-cuarto-trimestre\/","title":{"rendered":"Funcas prev\u00e9 que el PIB se modere al 0,4% en el cuarto trimestre"},"content":{"rendered":"<p>La <a title=\"Funcas\" href=\"https:\/\/www.funcas.es\/\" target=\"_blank\" rel=\"noopener noreferrer\"><strong>Fundaci\u00f3n de las Cajas de Ahorros<\/strong><\/a> (Funcas) estima que el PIB moderar\u00e1 su crecimiento en el cuarto trimestre del a\u00f1o, cuando crecer\u00e1 un 0,4% en tasa intertrimestral frente al 0,5% del trimestre anterior, pero asegura que ser\u00e1 un \u00abbache temporal\u00bb, ya que la actividad recuperar\u00e1 vigor en 2015.<\/p>\n<p>Seg\u00fan Funcas, el efecto de la rebaja fiscal, la mejora de las condiciones financieras y la ganancia de renta real por el abaratamiento del petr\u00f3leo contribuir\u00e1n a ese rebote que estar\u00e1 condicionado, no obstante, por la salud de la <a title=\"Deutsche Bank mejora las previsiones y considera a Espa\u00f1a el \u201cni\u00f1o modelo\u201d de la eurozona\" href=\"https:\/\/www.fotocasa.es\/fotocasa-life\/hipotecas-finanzas\/deutsche-bank-mejora-las-previsiones-y-considera-espana-el-nino-modelo-de-la-eurozona\/\" target=\"_blank\" rel=\"noopener noreferrer\"><strong>econom\u00eda de la eurozona<\/strong><\/a>.<\/p>\n<p>Los profesores \u00c1ngel Laborda y Mar\u00eda Jes\u00fas Fern\u00e1ndez advierten en su art\u00edculo en &#8216;<a title=\"Cuadernos de informaci\u00f3n econ\u00f3mica\" href=\"https:\/\/www.funcas.es\/publicaciones\/Sumario.aspx?IdRef=3-06243\" target=\"_blank\" rel=\"noopener noreferrer\"><strong>Cuadernos de Informaci\u00f3n Econ\u00f3mica<\/strong><\/a>&#8216; de que la consolidaci\u00f3n de la recuperaci\u00f3n y la transici\u00f3n hacia un modelo de crecimiento a largo plazo equilibrado y sostenible requiere un proceso intenso de inversi\u00f3n, que permita aumentar la competitividad y el tama\u00f1o del sector industrial para elevar la capacidad exportadora y reducir la elevada propensi\u00f3n a importar de la econom\u00eda.<\/p>\n<p>Por su parte, Gonzalo Garc\u00eda Andr\u00e9s analiza la fortaleza de las exportaciones espa\u00f1olas y pone en cuesti\u00f3n la tesis de la p\u00e9rdida de competitividad de la econom\u00eda espa\u00f1ola en la fase de crecimiento previa a la crisis. As\u00ed, la reducci\u00f3n de cuota de mercado de las exportaciones espa\u00f1olas entre 1999 y 2013 fue del 7%, muy inferior a la registrada en pa\u00edses como Francia, Reino Unido, Italia e incluso Alemania.<\/p>\n<p>&nbsp;<\/p>\n<p><strong>Una previsi\u00f3n de ingresos para 2015 optimista<\/strong><\/p>\n<p>Los Presupuestos Generales del Estado para 2015 son examinados en dos art\u00edculos de Jos\u00e9 F\u00e9lix Sanz y Desiderio Romero, que consideran que la <a title=\"El Gobierno eleva la previsi\u00f3n de crecimiento de la econom\u00eda espa\u00f1ola\" href=\"https:\/\/www.fotocasa.es\/fotocasa-life\/hipotecas-finanzas\/el-gobierno-eleva-la-prevision-de-crecimiento-de-la-economia-espanola\/\" target=\"_blank\" rel=\"noopener noreferrer\"><strong>previsi\u00f3n del crecimiento<\/strong><\/a> de los ingresos impositivos en un 5,4% es optimista, ya que duplica las previsiones de crecimiento del PIB o la demanda agregada.<\/p>\n<p>Por su parte, Santiago Carb\u00f3 y Francisco Rodr\u00edguez repasan la situaci\u00f3n de los bancos espa\u00f1oles despu\u00e9s de la \u00faltima evaluaci\u00f3n del Banco Central Europeo y destacan que el programa de asistencia financiera de la UE ha tenido un impacto positivo sobre la <a title=\"La banca espa\u00f1ola supera los tests de estr\u00e9s\" href=\"https:\/\/www.fotocasa.es\/fotocasa-life\/hipotecas-finanzas\/la-banca-espanola-supera-los-tests-de-estres\/\"><strong>solvencia de los bancos espa\u00f1oles<\/strong><\/a>, si bien indican que las mejoras en la estabilidad bancaria no son s\u00f3lo fruto de estas ayudas, sino tambi\u00e9n de las provisiones realizadas por las propias entidades por valor de 278.000 millones de euros entre 2008 y 2014.<\/p>\n<p>Por \u00faltimo, Mar\u00eda Romero destaca en otro art\u00edculo que la compra de segundas residencias est\u00e1 cobrando protagonismo en la <a title=\"El futuro del sector inmobiliario: \u00bfrecuperaci\u00f3n o espejismo?\" href=\"https:\/\/www.fotocasa.es\/fotocasa-life\/compraventa\/el-futuro-del-sector-inmobiliario-recuperacion-o-espejismo\/\"><strong>recuperaci\u00f3n del mercado inmobiliario<\/strong><\/a> y en el primer semestre de 2014 representaron algo m\u00e1s del 17% del total de transacciones realizadas.<\/p>\n<p>De esta forma, indica que la limitaci\u00f3n de los coeficientes de abatimiento a partir de 2015 est\u00e1 impulsando la compraventa de viviendas, as\u00ed como el hecho de obtener un visado de residencia mediante la compra de una vivienda de m\u00e1s de<\/p>\n<p>medio mill\u00f3n de euros. Tambi\u00e9n la mejora de la situaci\u00f3n econ\u00f3mica y los bajos precios de las casas en las zonas costeras es otro de los factores que explican el auge de la compraventa de segundas residencias.<\/p>\n","protected":false},"excerpt":{"rendered":"<p>La Fundaci\u00f3n de las Cajas de Ahorros (Funcas) estima que el PIB moderar\u00e1 su crecimiento en el cuarto trimestre del a\u00f1o, cuando crecer\u00e1 un 0,4% en tasa intertrimestral frente al 0,5% del trimestre anterior, pero asegura que ser\u00e1 un \u00abbache temporal\u00bb, ya que la actividad recuperar\u00e1 vigor en 2015. Seg\u00fan Funcas, el efecto de la&#8230;<\/p>\n","protected":false},"author":3,"featured_media":3720,"comment_status":"open","ping_status":"open","sticky":false,"template":"","format":"standard","meta":{"_lmt_disableupdate":"yes","_lmt_disable":"","footnotes":""},"categories":[6],"tags":[31,118,318,1109,195,1100,245],"class_list":["post-4240","post","type-post","status-publish","format-standard","has-post-thumbnail","hentry","category-hipotecas-finanzas","tag-bancos","tag-economia","tag-eurozona","tag-funcas","tag-pib","tag-sector-financiero","tag-sector-inmobiliario"],"modified_by":"Albert PC","_links":{"self":[{"href":"https:\/\/www.fotocasa.es\/fotocasa-life\/wp-json\/wp\/v2\/posts\/4240","targetHints":{"allow":["GET"]}}],"collection":[{"href":"https:\/\/www.fotocasa.es\/fotocasa-life\/wp-json\/wp\/v2\/posts"}],"about":[{"href":"https:\/\/www.fotocasa.es\/fotocasa-life\/wp-json\/wp\/v2\/types\/post"}],"author":[{"embeddable":true,"href":"https:\/\/www.fotocasa.es\/fotocasa-life\/wp-json\/wp\/v2\/users\/3"}],"replies":[{"embeddable":true,"href":"https:\/\/www.fotocasa.es\/fotocasa-life\/wp-json\/wp\/v2\/comments?post=4240"}],"version-history":[{"count":0,"href":"https:\/\/www.fotocasa.es\/fotocasa-life\/wp-json\/wp\/v2\/posts\/4240\/revisions"}],"wp:featuredmedia":[{"embeddable":true,"href":"https:\/\/www.fotocasa.es\/fotocasa-life\/wp-json\/wp\/v2\/media\/3720"}],"wp:attachment":[{"href":"https:\/\/www.fotocasa.es\/fotocasa-life\/wp-json\/wp\/v2\/media?parent=4240"}],"wp:term":[{"taxonomy":"category","embeddable":true,"href":"https:\/\/www.fotocasa.es\/fotocasa-life\/wp-json\/wp\/v2\/categories?post=4240"},{"taxonomy":"post_tag","embeddable":true,"href":"https:\/\/www.fotocasa.es\/fotocasa-life\/wp-json\/wp\/v2\/tags?post=4240"}],"curies":[{"name":"wp","href":"https:\/\/api.w.org\/{rel}","templated":true}]}}