{"id":4235,"date":"2014-11-26T15:05:48","date_gmt":"2014-11-26T13:05:48","guid":{"rendered":"https:\/\/www.fotocasa.es\/fotocasa-life\/?p=4235"},"modified":"2020-11-27T11:32:38","modified_gmt":"2020-11-27T10:32:38","slug":"guindos-dice-que-la-moratoria-los-desahucios-se-prorrogara-en-mayo","status":"publish","type":"post","link":"https:\/\/www.fotocasa.es\/fotocasa-life\/hipotecas-finanzas\/guindos-dice-que-la-moratoria-los-desahucios-se-prorrogara-en-mayo\/","title":{"rendered":"Guindos dice que la moratoria a los desahucios se prorrogar\u00e1 en mayo"},"content":{"rendered":"<p>El ministro de Econom\u00eda, Luis de Guindos, ha afirmado este mi\u00e9rcoles que el Gobierno prorrogar\u00e1 la moratoria de dos a\u00f1os de los lanzamientos hipotecarios el pr\u00f3ximo mes de mayo, cuando venza el plazo actualmente en vigor, aunque ha insistido en que la soluci\u00f3n al <a title=\"Cerca de 50.000 familias perdieron su casa en 2013\" href=\"https:\/\/www.fotocasa.es\/fotocasa-life\/hipotecas-finanzas\/cerca-de-50000-familias-perdieron-su-casa-en-2013\/\"><strong>problema de los desahucios<\/strong><\/a> s\u00f3lo llegar\u00e1 con la recuperaci\u00f3n econ\u00f3mica y del empleo.<\/p>\n<p>Durante la sesi\u00f3n de control al Gobierno en el Pleno del Congreso, el portavoz adjunto de la Izquierda Plural (IU-ICV-CHA), Joan Coscubiela, ha planteado una interpelaci\u00f3n a De Guindos sobre las medidas que a\u00fan es necesario adoptar para resolver el drama de los desahucios.<\/p>\n<p>As\u00ed, aunque durante su primera intervenci\u00f3n el ministro ha insistido en que cuando se acerque el mes de mayo y el fin de la actual moratoria el Gobierno \u00abconsiderar\u00e1 extender\u00bb la medida, en el turno de r\u00e9plica ha ido m\u00e1s lejos al afirmar que \u00aben mayo de 2015, cuando se llegue al l\u00edmite temporal de la moratoria, tambi\u00e9n se va a aprobar\u00bb una pr\u00f3rroga.<\/p>\n<p>En el mismo sentido, ha confirmado que se extender\u00e1 tambi\u00e9n una pr\u00f3rroga del <a title=\"Fondo Social de Vivienda\" href=\"https:\/\/www.imserso.es\/imserso_01\/fsva\/index.htm\" target=\"_blank\" rel=\"noopener noreferrer\"><strong>Fondo Social de Vivienda<\/strong><\/a> (FSV) durante un a\u00f1o adicional a partir del pr\u00f3ximo 1 de enero, y que se est\u00e1 estudiando la \u00abextensi\u00f3n\u00bb de su \u00e1mbito de aplicaci\u00f3n para cubrir situaciones excepcionales.<\/p>\n<p>&nbsp;<\/p>\n<p><strong>Volver al crecimiento<\/strong><\/p>\n<p>En cualquier caso, el ministro est\u00e1 convencido de que el problema de los desahucios s\u00f3lo se solventar\u00e1 \u00abde verdad\u00bb cuando la econom\u00eda vuelva a crecer y se genere empleo, algo que ya se ve m\u00e1s cerca, como a su juicio demuestran los cinco trimestres consecutivos de aumento del PIB, la creaci\u00f3n de casi 550.000 puestos de trabajo en seis meses, la bajada \u00ableve pero consecutiva\u00bb durante seis trimestres del paro y las subidas interanuales durante nueve meses de las afiliaciones a la Seguridad Social.<\/p>\n<p>\u00abY espero, y esto convencido de que los datos del cuarto trimestre de la Encuesta de Poblaci\u00f3n Activa (EPA) tambi\u00e9n refrender\u00e1n esta tendencia\u00bb, ha a\u00f1adido De Guindos, para quien \u00ablo importante por tanto es <a title=\"El Gobierno eleva la previsi\u00f3n de crecimiento de la econom\u00eda espa\u00f1ola\" href=\"https:\/\/www.fotocasa.es\/fotocasa-life\/hipotecas-finanzas\/el-gobierno-eleva-la-prevision-de-crecimiento-de-la-economia-espanola\/\"><strong>la vuelta al crecimiento<\/strong><\/a> y a la generaci\u00f3n de empleo\u00bb.<\/p>\n<p>No obstante, tambi\u00e9n ha se\u00f1alado que \u00abnadie podr\u00e1 decir que el Gobierno se ha olvidado de las personas durante este tiempo en el que se ha dado la vuelta a la situaci\u00f3n econ\u00f3mica\u00bb ya que en estos tres a\u00f1os de legislatura se han tomado muchas medidas en una \u00abtriple direcci\u00f3n\u00bb: dar respuesta a las familias m\u00e1s vulnerables, modificar la legislaci\u00f3n para que esta situaci\u00f3n no se repita en el futuro y trabajar por la recuperaci\u00f3n econ\u00f3mica.<\/p>\n<p>\u00abPero no es f\u00e1cil cuando la econom\u00eda est\u00e1 en plano inclinado, con una desaceleraci\u00f3n de m\u00e1s del 2% y con una destrucci\u00f3n de empleo de la intensidad que ten\u00edamos. El problema inicial era de tal magnitud que, efectivamente, hubo que tomar medidas, y este Gobierno lo hizo\u00bb, ha reiterado De Guindos, recordando que el 65% de los desahucios se derivan de contratos firmados entre 2005 y 2008, cuando gobernaba el PSOE y las burbujas de cr\u00e9dito e inmobiliaria se sumaron a otros desequilibrios de la econom\u00eda que desembocaron en la crisis de empleo y una imposibilidad para las familias de hacer frente a su endeudamiento.<\/p>\n<p>&nbsp;<\/p>\n<p><strong>Resultados<\/strong><\/p>\n<p>A rengl\u00f3n seguido, ha expuesto los resultados de estas decisiones: 26.000 familias beneficiadas, que \u00abson insuficientes pero no son pocas\u00bb, de las que 10.000 han conseguido una reestructuraci\u00f3n de su deuda y otras 3.000 una <a title=\"Daci\u00f3n en pago: \u00bfqu\u00e9 es y c\u00f3mo conseguirla?\" href=\"https:\/\/www.fotocasa.es\/fotocasa-life\/hipotecas-finanzas\/dacion-en-pago-que-es-y-como-conseguirla\/\"><strong>daci\u00f3n en pago<\/strong><\/a>. Adem\u00e1s, 1.400 familias han firmado un alquiler social mediante el Fondo Social de Viviendas, cuyos requisitos de acceso tambi\u00e9n se han flexibilizado y que ser\u00e1 prorrogado un a\u00f1o m\u00e1s.<\/p>\n<p>En este punto, el ministro ha resaltado que estas soluciones se ofrecieron a pesar de que el Gobierno se enfrentaba a la \u00abpeor crisis de la Historia moderna\u00bb y que lo hizo afrontando tanto las vertientes financieras y econ\u00f3micas como la atenci\u00f3n social a las familias afectadas por la comercializaci\u00f3n de <a title=\"Bruselas expedientar\u00e1 a Espa\u00f1a si su ley sobre desahucios no se ajusta a las normas\" href=\"https:\/\/www.fotocasa.es\/fotocasa-life\/hipotecas-finanzas\/bruselas-expedientara-espana-si-su-ley-sobre-desahucios-se-ajusta-las-normas\/\"><strong>productos \u00abinadecuados\u00bb<\/strong><\/a> como ciertas hipotecas o las preferentes.<\/p>\n<p>Y el fruto de dos a\u00f1os y medio de trabajo, ha concluido, ha sido que el sistema bancario actualmente est\u00e1 \u00aben condiciones de volver a prestar\u00bb con m\u00e1s transparencia. Finalmente, De Guindos ha defendido la actual configuraci\u00f3n del mercado hipotecario, que ha permitido que el 80% de las viviendas en Espa\u00f1a est\u00e9n en propiedad y que la morosidad s\u00f3lo sea del 6% -superior a la de hace unos a\u00f1os pero que se va \u00abestabilizando e incluso reduciendo\u00bb-.<\/p>\n<p>&nbsp;<\/p>\n<p><strong>ICV acusa al Gobierno de \u201cprioridades obscenas\u201d<\/strong><\/p>\n<p>Sin embargo, para Coscubiela todos estos argumentos demuestran que las prioridades del Gobierno son \u00abobscenas\u00bb, ya que se pone el inter\u00e9s de los mercados financieros por delante de las necesidades de las familias, y se act\u00faa \u00fanicamente \u00aba remolque de la lucha social\u00bb y planteando \u00abfalsas soluciones\u00bb que no son m\u00e1s que \u00abcampa\u00f1as de marketing pol\u00edtico\u00bb.<\/p>\n<p>\u00abLos activistas, con su acci\u00f3n cotidiana y su lucha, han hecho bastante m\u00e1s por las familias que este Gobierno, y \u00e9sa es su principal verg\u00fcenza\u00bb, ha a\u00f1adido el diputado catal\u00e1n, contrastando los 1.135 desahucios paralizados y las 1.138 familias realojadas que ha conseguido la <a title=\"PAH\" href=\"https:\/\/afectadosporlahipoteca.com\/\" target=\"_blank\" rel=\"noopener noreferrer\"><strong>Plataforma de Afectados por las Hipotecas<\/strong><\/a> (PAH) con los datos de Econom\u00eda.<\/p>\n<p>En este sentido, ha reprochado al ministro que s\u00f3lo mire al pasado, \u00abechando la pelota\u00bb al Gobierno anterior por mucho que tenga su cuota de responsabilidad, y al futuro, fiando la resoluci\u00f3n de este problema a una recuperaci\u00f3n econ\u00f3mica que a\u00fan tardar\u00e1 en llegar.<\/p>\n<p>El diputado de ICV ha asegurado que \u00abhay alternativas viables y equilibradas\u00bb que pasan por presentar una ley de Segunda Oportunidad para que las familias puedan \u00abrecuperar su vida\u201d, que se prorrogue de forma indefinida la moratoria y se ampl\u00eden las condiciones de acceso; tambi\u00e9n que se acepte la conversi\u00f3n de la hipoteca en un alquiler social, que se permita un acceso m\u00e1s amplio al Fondo Social de Vivienda, se reforme el C\u00f3digo de Buenas Pr\u00e1cticas para que <strong><a title=\"Los deudores hipotecarios podr\u00e1n recurrir la desestimaci\u00f3n de su oposici\u00f3n al desahucio\" href=\"https:\/\/www.fotocasa.es\/fotocasa-life\/hipotecas-finanzas\/los-deudores-hipotecarios-podran-recurrir-la-desestimacion-de-su-oposicion-al-desahucio\/\">los deudores elijan su soluci\u00f3n<\/a><\/strong> y permitir el arbitraje y la mediaci\u00f3n, y que se reforme la legislaci\u00f3n hipotecaria y civil para evitar las pr\u00e1cticas abusivas.<\/p>\n<p>\u00ab\u00c9stas son las preguntas que muchas familias quieren que usted responda. Todo lo que no sea decir qu\u00e9 van a hacer es no asumir su responsabilidad.\u00bb, ha zanjado Coscubiela.<\/p>\n<p>&nbsp;<\/p>\n","protected":false},"excerpt":{"rendered":"<p>El ministro de Econom\u00eda, Luis de Guindos, ha afirmado este mi\u00e9rcoles que el Gobierno prorrogar\u00e1 la moratoria de dos a\u00f1os de los lanzamientos hipotecarios el pr\u00f3ximo mes de mayo, cuando venza el plazo actualmente en vigor, aunque ha insistido en que la soluci\u00f3n al problema de los desahucios s\u00f3lo llegar\u00e1 con la recuperaci\u00f3n econ\u00f3mica y&#8230;<\/p>\n","protected":false},"author":3,"featured_media":4237,"comment_status":"open","ping_status":"open","sticky":false,"template":"","format":"standard","meta":{"_lmt_disableupdate":"yes","_lmt_disable":"","footnotes":""},"categories":[6],"tags":[358,118,359,1104,713,712,379,1102,715],"class_list":["post-4235","post","type-post","status-publish","format-standard","has-post-thumbnail","hentry","category-hipotecas-finanzas","tag-desahucios","tag-economia","tag-ejecucion-hipotecaria","tag-lanzamientos-hipotecarios","tag-luis-de-guindos","tag-ministerio-de-economia","tag-mora-hipotecaria","tag-moratoria-hipotecaria","tag-recurrir-desahucio"],"modified_by":"Albert PC","_links":{"self":[{"href":"https:\/\/www.fotocasa.es\/fotocasa-life\/wp-json\/wp\/v2\/posts\/4235","targetHints":{"allow":["GET"]}}],"collection":[{"href":"https:\/\/www.fotocasa.es\/fotocasa-life\/wp-json\/wp\/v2\/posts"}],"about":[{"href":"https:\/\/www.fotocasa.es\/fotocasa-life\/wp-json\/wp\/v2\/types\/post"}],"author":[{"embeddable":true,"href":"https:\/\/www.fotocasa.es\/fotocasa-life\/wp-json\/wp\/v2\/users\/3"}],"replies":[{"embeddable":true,"href":"https:\/\/www.fotocasa.es\/fotocasa-life\/wp-json\/wp\/v2\/comments?post=4235"}],"version-history":[{"count":0,"href":"https:\/\/www.fotocasa.es\/fotocasa-life\/wp-json\/wp\/v2\/posts\/4235\/revisions"}],"wp:featuredmedia":[{"embeddable":true,"href":"https:\/\/www.fotocasa.es\/fotocasa-life\/wp-json\/wp\/v2\/media\/4237"}],"wp:attachment":[{"href":"https:\/\/www.fotocasa.es\/fotocasa-life\/wp-json\/wp\/v2\/media?parent=4235"}],"wp:term":[{"taxonomy":"category","embeddable":true,"href":"https:\/\/www.fotocasa.es\/fotocasa-life\/wp-json\/wp\/v2\/categories?post=4235"},{"taxonomy":"post_tag","embeddable":true,"href":"https:\/\/www.fotocasa.es\/fotocasa-life\/wp-json\/wp\/v2\/tags?post=4235"}],"curies":[{"name":"wp","href":"https:\/\/api.w.org\/{rel}","templated":true}]}}