{"id":42210,"date":"2019-10-24T08:00:46","date_gmt":"2019-10-24T06:00:46","guid":{"rendered":"https:\/\/www.fotocasa.es\/fotocasa-life\/?p=42210"},"modified":"2020-11-27T13:15:16","modified_gmt":"2020-11-27T12:15:16","slug":"estilo-nordico-para-tu-nuevo-hogar","status":"publish","type":"post","link":"https:\/\/www.fotocasa.es\/fotocasa-life\/inspiracion\/estilo-nordico-para-tu-nuevo-hogar\/","title":{"rendered":"Estilo n\u00f3rdico para tu nuevo hogar"},"content":{"rendered":"<p>Ya llega el fr\u00edo y con \u00e9l las decoraciones t\u00edpicas de esta \u00e9poca. \u00bfAlguna vez has pensado en elegir el estilo n\u00f3rdico para tu nuevo hogar? No lo pienses m\u00e1s y descubre estas viviendas que tenemos preparadas para ti. \u00a1Te encantar\u00e1n!<\/p>\n<h2>Un piso muy juvenil<\/h2>\n<p><a href=\"https:\/\/www.fotocasa.es\/es\/comprar\/vivienda\/madrid-capital\/aire-acondicionado-calefaccion-amueblado-no-amueblado\/153185876\/d?RowGrid=2&amp;tti=1&amp;opi=300\" target=\"_blank\" rel=\"noopener noreferrer\">Bonito y elegante piso<\/a> situado en el barrio de Salamanca en Madrid. Cuenta con mucha luminosidad que, unida a su estilo alegre y juvenil, te aportar\u00e1 la frescura que necesitas para tu d\u00eda a d\u00eda.<\/p>\n<p><\/p>\n<div id=\"attachment_42219\" style=\"width: 990px\" class=\"wp-caption alignnone\"><img loading=\"lazy\" decoding=\"async\" aria-describedby=\"caption-attachment-42219\" class=\"size-full wp-image-42219\" src=\"https:\/\/www.fotocasa.es\/fotocasa-life\/wp-content\/uploads\/2019\/10\/nordico-1.jpg\" alt=\"Estilo n\u00f3rdico para tu nuevo hogar\" width=\"980\" height=\"550\" title=\"-\" srcset=\"https:\/\/www.fotocasa.es\/fotocasa-life\/wp-content\/uploads\/2019\/10\/nordico-1.jpg 980w, https:\/\/www.fotocasa.es\/fotocasa-life\/wp-content\/uploads\/2019\/10\/nordico-1-300x168.jpg 300w, https:\/\/www.fotocasa.es\/fotocasa-life\/wp-content\/uploads\/2019\/10\/nordico-1-150x84.jpg 150w, https:\/\/www.fotocasa.es\/fotocasa-life\/wp-content\/uploads\/2019\/10\/nordico-1-768x431.jpg 768w\" sizes=\"auto, (max-width: 980px) 100vw, 980px\" \/><p id=\"caption-attachment-42219\" class=\"wp-caption-text\">Foto: Fotocasa<\/p><\/div>\n<h2>Decoraci\u00f3n en blanco<\/h2>\n<p>\u00bfQu\u00e9 hay m\u00e1s n\u00f3rdico que la nieve? <a href=\"https:\/\/www.fotocasa.es\/es\/comprar\/vivienda\/elche-elx\/aire-acondicionado-calefaccion-terraza-zona-comunitaria-amueblado-television-piscina\/152996785\/d?RowGrid=3&amp;tti=1&amp;opi=300\" target=\"_blank\" rel=\"noopener noreferrer\">En este precioso piso de Elche<\/a> encontrar\u00e1s una decoraci\u00f3n basada en tonos blancos que te cautivar\u00e1.<\/p>\n<p><\/p>\n<div id=\"attachment_42218\" style=\"width: 990px\" class=\"wp-caption alignnone\"><img loading=\"lazy\" decoding=\"async\" aria-describedby=\"caption-attachment-42218\" class=\"size-full wp-image-42218\" src=\"https:\/\/www.fotocasa.es\/fotocasa-life\/wp-content\/uploads\/2019\/10\/nordico-2.jpg\" alt=\"Estilo n\u00f3rdico para tu nuevo hogar\" width=\"980\" height=\"550\" title=\"-\" srcset=\"https:\/\/www.fotocasa.es\/fotocasa-life\/wp-content\/uploads\/2019\/10\/nordico-2.jpg 980w, https:\/\/www.fotocasa.es\/fotocasa-life\/wp-content\/uploads\/2019\/10\/nordico-2-300x168.jpg 300w, https:\/\/www.fotocasa.es\/fotocasa-life\/wp-content\/uploads\/2019\/10\/nordico-2-150x84.jpg 150w, https:\/\/www.fotocasa.es\/fotocasa-life\/wp-content\/uploads\/2019\/10\/nordico-2-768x431.jpg 768w\" sizes=\"auto, (max-width: 980px) 100vw, 980px\" \/><p id=\"caption-attachment-42218\" class=\"wp-caption-text\">Foto: Fotocasa<\/p><\/div>\n<h2>Simplicidad<\/h2>\n<p><a href=\"https:\/\/www.fotocasa.es\/es\/comprar\/vivienda\/madrid-capital\/aire-acondicionado-calefaccion-terraza-ascensor-amueblado-internet\/152972407\/d?RowGrid=4&amp;tti=1&amp;opi=300\" target=\"_blank\" rel=\"noopener noreferrer\">B\u00e1sico y sencillo<\/a>, s\u00ed se muestra este hermoso piso ubicado en Madrid listo para entrar a vivir. Sobran las palabras.<\/p>\n<p><\/p>\n<div id=\"attachment_42217\" style=\"width: 990px\" class=\"wp-caption alignnone\"><img loading=\"lazy\" decoding=\"async\" aria-describedby=\"caption-attachment-42217\" class=\"size-full wp-image-42217\" src=\"https:\/\/www.fotocasa.es\/fotocasa-life\/wp-content\/uploads\/2019\/10\/nordico-3.jpg\" alt=\"Estilo n\u00f3rdico para tu nuevo hogar\" width=\"980\" height=\"550\" title=\"-\" srcset=\"https:\/\/www.fotocasa.es\/fotocasa-life\/wp-content\/uploads\/2019\/10\/nordico-3.jpg 980w, https:\/\/www.fotocasa.es\/fotocasa-life\/wp-content\/uploads\/2019\/10\/nordico-3-300x168.jpg 300w, https:\/\/www.fotocasa.es\/fotocasa-life\/wp-content\/uploads\/2019\/10\/nordico-3-150x84.jpg 150w, https:\/\/www.fotocasa.es\/fotocasa-life\/wp-content\/uploads\/2019\/10\/nordico-3-768x431.jpg 768w\" sizes=\"auto, (max-width: 980px) 100vw, 980px\" \/><p id=\"caption-attachment-42217\" class=\"wp-caption-text\">Foto: Fotocasa<\/p><\/div>\n<h2>Una vivienda para disfrutar<\/h2>\n<p><a href=\"https:\/\/www.fotocasa.es\/es\/comprar\/vivienda\/madrid-capital\/calefaccion-trastero-ascensor-amueblado\/152839786\/d?RowGrid=2&amp;tti=1&amp;opi=300\" target=\"_blank\" rel=\"noopener noreferrer\">Piso exterior totalmente reformado<\/a> que se encuentra perfectamente distribuido al ser pr\u00e1cticamente cuadrado.<\/p>\n<p><\/p>\n<div id=\"attachment_42216\" style=\"width: 990px\" class=\"wp-caption alignnone\"><img loading=\"lazy\" decoding=\"async\" aria-describedby=\"caption-attachment-42216\" class=\"size-full wp-image-42216\" src=\"https:\/\/www.fotocasa.es\/fotocasa-life\/wp-content\/uploads\/2019\/10\/nordico-4.jpg\" alt=\"Estilo n\u00f3rdico para tu nuevo hogar\" width=\"980\" height=\"550\" title=\"-\" srcset=\"https:\/\/www.fotocasa.es\/fotocasa-life\/wp-content\/uploads\/2019\/10\/nordico-4.jpg 980w, https:\/\/www.fotocasa.es\/fotocasa-life\/wp-content\/uploads\/2019\/10\/nordico-4-300x168.jpg 300w, https:\/\/www.fotocasa.es\/fotocasa-life\/wp-content\/uploads\/2019\/10\/nordico-4-150x84.jpg 150w, https:\/\/www.fotocasa.es\/fotocasa-life\/wp-content\/uploads\/2019\/10\/nordico-4-768x431.jpg 768w\" sizes=\"auto, (max-width: 980px) 100vw, 980px\" \/><p id=\"caption-attachment-42216\" class=\"wp-caption-text\">Foto: Fotocasa<\/p><\/div>\n<h2>Que viva el color<\/h2>\n<p><a href=\"https:\/\/www.fotocasa.es\/es\/comprar\/vivienda\/san-cristobal-de-la-laguna\/aire-acondicionado-calefaccion-parking-jardin-terraza-trastero-patio-amueblado-television-internet\/153048850\/d?RowGrid=15&amp;tti=1&amp;opi=300\" target=\"_blank\" rel=\"noopener noreferrer\">Precioso chalet ubicado en una zona ajardinada<\/a> que te dar\u00e1 momentos incre\u00edbles. \u00bfHas visto ya su precioso exterior con piscina y barbacoa?<\/p>\n<p><\/p>\n<div id=\"attachment_42214\" style=\"width: 990px\" class=\"wp-caption alignnone\"><img loading=\"lazy\" decoding=\"async\" aria-describedby=\"caption-attachment-42214\" class=\"size-full wp-image-42214\" src=\"https:\/\/www.fotocasa.es\/fotocasa-life\/wp-content\/uploads\/2019\/10\/nordico-5.jpg\" alt=\"Estilo n\u00f3rdico para tu nuevo hogar\" width=\"980\" height=\"550\" title=\"-\" srcset=\"https:\/\/www.fotocasa.es\/fotocasa-life\/wp-content\/uploads\/2019\/10\/nordico-5.jpg 980w, https:\/\/www.fotocasa.es\/fotocasa-life\/wp-content\/uploads\/2019\/10\/nordico-5-300x168.jpg 300w, https:\/\/www.fotocasa.es\/fotocasa-life\/wp-content\/uploads\/2019\/10\/nordico-5-150x84.jpg 150w, https:\/\/www.fotocasa.es\/fotocasa-life\/wp-content\/uploads\/2019\/10\/nordico-5-768x431.jpg 768w\" sizes=\"auto, (max-width: 980px) 100vw, 980px\" \/><p id=\"caption-attachment-42214\" class=\"wp-caption-text\">Foto: Fotocasa<\/p><\/div>\n<h2>Calidez n\u00f3rdica<\/h2>\n<p><a href=\"https:\/\/www.fotocasa.es\/es\/comprar\/vivienda\/santander\/calefaccion-amueblado\/153122040\/d?RowGrid=19&amp;tti=1&amp;opi=300\" target=\"_blank\" rel=\"noopener noreferrer\">Precioso y confortable piso totalmente reformado<\/a> ubicado en una de las zonas m\u00e1s bellas de Santander. Su interior te enamorar\u00e1 por su gran calidez.<\/p>\n<p><\/p>\n<div id=\"attachment_42215\" style=\"width: 990px\" class=\"wp-caption alignnone\"><img loading=\"lazy\" decoding=\"async\" aria-describedby=\"caption-attachment-42215\" class=\"size-full wp-image-42215\" src=\"https:\/\/www.fotocasa.es\/fotocasa-life\/wp-content\/uploads\/2019\/10\/nordico-6.jpg\" alt=\"Estilo n\u00f3rdico para tu nuevo hogar\" width=\"980\" height=\"550\" title=\"-\" srcset=\"https:\/\/www.fotocasa.es\/fotocasa-life\/wp-content\/uploads\/2019\/10\/nordico-6.jpg 980w, https:\/\/www.fotocasa.es\/fotocasa-life\/wp-content\/uploads\/2019\/10\/nordico-6-300x168.jpg 300w, https:\/\/www.fotocasa.es\/fotocasa-life\/wp-content\/uploads\/2019\/10\/nordico-6-150x84.jpg 150w, https:\/\/www.fotocasa.es\/fotocasa-life\/wp-content\/uploads\/2019\/10\/nordico-6-768x431.jpg 768w\" sizes=\"auto, (max-width: 980px) 100vw, 980px\" \/><p id=\"caption-attachment-42215\" class=\"wp-caption-text\">Foto: Fotocasa<\/p><\/div>\n<p><\/p>\n","protected":false},"excerpt":{"rendered":"<p>Ya llega el fr\u00edo y con \u00e9l las decoraciones t\u00edpicas de esta \u00e9poca. \u00bfAlguna vez has pensado en elegir el estilo n\u00f3rdico para tu nuevo hogar? No lo pienses m\u00e1s y descubre estas viviendas que tenemos preparadas para ti. \u00a1Te encantar\u00e1n! Un piso muy juvenil Bonito y elegante piso situado en el barrio de Salamanca&#8230;<\/p>\n","protected":false},"author":3,"featured_media":42214,"comment_status":"open","ping_status":"closed","sticky":false,"template":"","format":"standard","meta":{"_lmt_disableupdate":"yes","_lmt_disable":"","footnotes":""},"categories":[2697],"tags":[2311,131,142,3185],"class_list":["post-42210","post","type-post","status-publish","format-standard","has-post-thumbnail","hentry","category-inspiracion","tag-decoracion","tag-estilo-nordico","tag-fotocasa","tag-pisos-nuevos"],"modified_by":null,"_links":{"self":[{"href":"https:\/\/www.fotocasa.es\/fotocasa-life\/wp-json\/wp\/v2\/posts\/42210","targetHints":{"allow":["GET"]}}],"collection":[{"href":"https:\/\/www.fotocasa.es\/fotocasa-life\/wp-json\/wp\/v2\/posts"}],"about":[{"href":"https:\/\/www.fotocasa.es\/fotocasa-life\/wp-json\/wp\/v2\/types\/post"}],"author":[{"embeddable":true,"href":"https:\/\/www.fotocasa.es\/fotocasa-life\/wp-json\/wp\/v2\/users\/3"}],"replies":[{"embeddable":true,"href":"https:\/\/www.fotocasa.es\/fotocasa-life\/wp-json\/wp\/v2\/comments?post=42210"}],"version-history":[{"count":0,"href":"https:\/\/www.fotocasa.es\/fotocasa-life\/wp-json\/wp\/v2\/posts\/42210\/revisions"}],"wp:featuredmedia":[{"embeddable":true,"href":"https:\/\/www.fotocasa.es\/fotocasa-life\/wp-json\/wp\/v2\/media\/42214"}],"wp:attachment":[{"href":"https:\/\/www.fotocasa.es\/fotocasa-life\/wp-json\/wp\/v2\/media?parent=42210"}],"wp:term":[{"taxonomy":"category","embeddable":true,"href":"https:\/\/www.fotocasa.es\/fotocasa-life\/wp-json\/wp\/v2\/categories?post=42210"},{"taxonomy":"post_tag","embeddable":true,"href":"https:\/\/www.fotocasa.es\/fotocasa-life\/wp-json\/wp\/v2\/tags?post=42210"}],"curies":[{"name":"wp","href":"https:\/\/api.w.org\/{rel}","templated":true}]}}