{"id":42131,"date":"2019-10-22T08:00:15","date_gmt":"2019-10-22T06:00:15","guid":{"rendered":"https:\/\/www.fotocasa.es\/fotocasa-life\/?p=42131"},"modified":"2020-11-27T13:15:19","modified_gmt":"2020-11-27T12:15:19","slug":"casas-vanguardistas-que-impresionan","status":"publish","type":"post","link":"https:\/\/www.fotocasa.es\/fotocasa-life\/inspiracion\/casas-vanguardistas-que-impresionan\/","title":{"rendered":"Casas vanguardistas que impresionan"},"content":{"rendered":"<p>Destacan no solo por su incre\u00edble dise\u00f1o, sino tambi\u00e9n por seguir los \u00faltimos patrones de decoraci\u00f3n y construcci\u00f3n. No te pierdas esta incre\u00edble selecci\u00f3n de casas vanguardistas que impresionan.<\/p>\n<h2>L\u00edneas horizontales para dar amplitud<\/h2>\n<p><a href=\"https:\/\/www.fotocasa.es\/es\/comprar\/vivienda\/arroyomolinos-madrid\/aire-acondicionado-calefaccion-parking-jardin-terraza-trastero-zona-comunitaria-ascensor-piscina\/152741770\/d?RowGrid=5&amp;tti=1&amp;opi=300\" target=\"_blank\" rel=\"noopener noreferrer\">Descubre este espectacular chalet independiente<\/a> situado en Arroyomolinos (Madrid) listo para entrar a vivir desde el primer momento. \u00a1Estamos seguros de que te encantar\u00e1!<\/p>\n<p><\/p>\n<div id=\"attachment_42138\" style=\"width: 990px\" class=\"wp-caption alignnone\"><img loading=\"lazy\" decoding=\"async\" aria-describedby=\"caption-attachment-42138\" class=\"size-full wp-image-42138\" src=\"https:\/\/www.fotocasa.es\/fotocasa-life\/wp-content\/uploads\/2019\/10\/vanguardistas-1.jpg\" alt=\"Casas vanguardistas que impresionan\" width=\"980\" height=\"550\" title=\"-\" srcset=\"https:\/\/www.fotocasa.es\/fotocasa-life\/wp-content\/uploads\/2019\/10\/vanguardistas-1.jpg 980w, https:\/\/www.fotocasa.es\/fotocasa-life\/wp-content\/uploads\/2019\/10\/vanguardistas-1-300x168.jpg 300w, https:\/\/www.fotocasa.es\/fotocasa-life\/wp-content\/uploads\/2019\/10\/vanguardistas-1-150x84.jpg 150w, https:\/\/www.fotocasa.es\/fotocasa-life\/wp-content\/uploads\/2019\/10\/vanguardistas-1-768x431.jpg 768w\" sizes=\"auto, (max-width: 980px) 100vw, 980px\" \/><p id=\"caption-attachment-42138\" class=\"wp-caption-text\">Foto: Fotocasa<\/p><\/div>\n<h2>Una vivienda muy familiar<\/h2>\n<p><a href=\"https:\/\/www.fotocasa.es\/es\/comprar\/vivienda\/pinto\/aire-acondicionado-parking-jardin-terraza-trastero-piscina-no-amueblado\/153129788\/d?RowGrid=7&amp;tti=1&amp;opi=300\" target=\"_blank\" rel=\"noopener noreferrer\">Esta preciosa casa es el lugar ideal<\/a> para que t\u00fa y tu familia pas\u00e9is los mejores a\u00f1os de vuestra vida, disfrut\u00e1ndolos al m\u00e1ximo en cada uno de sus espectaculares rincones.<\/p>\n<p><\/p>\n<div id=\"attachment_42137\" style=\"width: 990px\" class=\"wp-caption alignnone\"><img loading=\"lazy\" decoding=\"async\" aria-describedby=\"caption-attachment-42137\" class=\"size-full wp-image-42137\" src=\"https:\/\/www.fotocasa.es\/fotocasa-life\/wp-content\/uploads\/2019\/10\/vanguardistas-2.jpg\" alt=\"Casas vanguardistas que impresionan\" width=\"980\" height=\"550\" title=\"-\" srcset=\"https:\/\/www.fotocasa.es\/fotocasa-life\/wp-content\/uploads\/2019\/10\/vanguardistas-2.jpg 980w, https:\/\/www.fotocasa.es\/fotocasa-life\/wp-content\/uploads\/2019\/10\/vanguardistas-2-300x168.jpg 300w, https:\/\/www.fotocasa.es\/fotocasa-life\/wp-content\/uploads\/2019\/10\/vanguardistas-2-150x84.jpg 150w, https:\/\/www.fotocasa.es\/fotocasa-life\/wp-content\/uploads\/2019\/10\/vanguardistas-2-768x431.jpg 768w\" sizes=\"auto, (max-width: 980px) 100vw, 980px\" \/><p id=\"caption-attachment-42137\" class=\"wp-caption-text\">Foto: Fotocasa<\/p><\/div>\n<h2>Minimalismo y confort<\/h2>\n<p><a href=\"https:\/\/www.fotocasa.es\/es\/comprar\/vivienda\/cubas-de-la-sagra\/aire-acondicionado-calefaccion-parking-jardin-terraza-trastero-ascensor-piscina\/147352469\/d?RowGrid=18&amp;tti=1&amp;opi=300\" target=\"_blank\" rel=\"noopener noreferrer\">Espectacular chalet independiente de dise\u00f1o<\/a> de 600 metros cuadrados distribuidos en dos plantas m\u00e1s s\u00f3tano. \u00bfHas visto ya su incre\u00edble dise\u00f1o interior? \u00a1Pues el exterior no te dejar\u00e1 indiferente!<\/p>\n<p><\/p>\n<div id=\"attachment_42136\" style=\"width: 990px\" class=\"wp-caption alignnone\"><img loading=\"lazy\" decoding=\"async\" aria-describedby=\"caption-attachment-42136\" class=\"size-full wp-image-42136\" src=\"https:\/\/www.fotocasa.es\/fotocasa-life\/wp-content\/uploads\/2019\/10\/vanguardistas-3.jpg\" alt=\"Casas vanguardistas que impresionan\" width=\"980\" height=\"550\" title=\"-\" srcset=\"https:\/\/www.fotocasa.es\/fotocasa-life\/wp-content\/uploads\/2019\/10\/vanguardistas-3.jpg 980w, https:\/\/www.fotocasa.es\/fotocasa-life\/wp-content\/uploads\/2019\/10\/vanguardistas-3-300x168.jpg 300w, https:\/\/www.fotocasa.es\/fotocasa-life\/wp-content\/uploads\/2019\/10\/vanguardistas-3-150x84.jpg 150w, https:\/\/www.fotocasa.es\/fotocasa-life\/wp-content\/uploads\/2019\/10\/vanguardistas-3-768x431.jpg 768w\" sizes=\"auto, (max-width: 980px) 100vw, 980px\" \/><p id=\"caption-attachment-42136\" class=\"wp-caption-text\">Foto: Fotocasa<\/p><\/div>\n<h2>Una terraza incre\u00edble<\/h2>\n<p><a href=\"https:\/\/www.fotocasa.es\/es\/comprar\/vivienda\/valdemoro\/aire-acondicionado-calefaccion-parking-jardin-terraza-trastero-patio-piscina-se-aceptan-mascotas-no-amueblado\/149919968\/d?RowGrid=30&amp;tti=1&amp;opi=300\" target=\"_blank\" rel=\"noopener noreferrer\">Magn\u00edfico chalet de dise\u00f1o independiente<\/a> situado en Valdemoro. Seguro que no querr\u00e1s dejar pasar la oportunidad de ver los secretos que esconden sus incre\u00edbles fotos.<\/p>\n<p><\/p>\n<div id=\"attachment_42135\" style=\"width: 990px\" class=\"wp-caption alignnone\"><img loading=\"lazy\" decoding=\"async\" aria-describedby=\"caption-attachment-42135\" class=\"size-full wp-image-42135\" src=\"https:\/\/www.fotocasa.es\/fotocasa-life\/wp-content\/uploads\/2019\/10\/vanguardistas-4.jpg\" alt=\"Casas vanguardistas que impresionan\" width=\"980\" height=\"550\" title=\"-\" srcset=\"https:\/\/www.fotocasa.es\/fotocasa-life\/wp-content\/uploads\/2019\/10\/vanguardistas-4.jpg 980w, https:\/\/www.fotocasa.es\/fotocasa-life\/wp-content\/uploads\/2019\/10\/vanguardistas-4-300x168.jpg 300w, https:\/\/www.fotocasa.es\/fotocasa-life\/wp-content\/uploads\/2019\/10\/vanguardistas-4-150x84.jpg 150w, https:\/\/www.fotocasa.es\/fotocasa-life\/wp-content\/uploads\/2019\/10\/vanguardistas-4-768x431.jpg 768w\" sizes=\"auto, (max-width: 980px) 100vw, 980px\" \/><p id=\"caption-attachment-42135\" class=\"wp-caption-text\">Foto: Fotocasa<\/p><\/div>\n<h2>Dise\u00f1o en su m\u00e1ximo exponente<\/h2>\n<p>A la vanguardia del dise\u00f1o, <a href=\"https:\/\/www.fotocasa.es\/es\/comprar\/vivienda\/obra-nueva\/getafe\/19288801\/150058829?ai=150058829&amp;RowGrid=5&amp;tti=1&amp;opi=300\" target=\"_blank\" rel=\"noopener noreferrer\">esta espectacular vivienda<\/a> perteneciente a un nuevo complejo residencial situado en Getafe es el amor a primera vista que estabas buscando.<\/p>\n<p><\/p>\n<div id=\"attachment_42133\" style=\"width: 990px\" class=\"wp-caption alignnone\"><img loading=\"lazy\" decoding=\"async\" aria-describedby=\"caption-attachment-42133\" class=\"size-full wp-image-42133\" src=\"https:\/\/www.fotocasa.es\/fotocasa-life\/wp-content\/uploads\/2019\/10\/vanguardistas-5.jpg\" alt=\"Casas vanguardistas que impresionan\" width=\"980\" height=\"550\" title=\"-\" srcset=\"https:\/\/www.fotocasa.es\/fotocasa-life\/wp-content\/uploads\/2019\/10\/vanguardistas-5.jpg 980w, https:\/\/www.fotocasa.es\/fotocasa-life\/wp-content\/uploads\/2019\/10\/vanguardistas-5-300x168.jpg 300w, https:\/\/www.fotocasa.es\/fotocasa-life\/wp-content\/uploads\/2019\/10\/vanguardistas-5-150x84.jpg 150w, https:\/\/www.fotocasa.es\/fotocasa-life\/wp-content\/uploads\/2019\/10\/vanguardistas-5-768x431.jpg 768w\" sizes=\"auto, (max-width: 980px) 100vw, 980px\" \/><p id=\"caption-attachment-42133\" class=\"wp-caption-text\">Foto: Fotocasa<\/p><\/div>\n<h2>La elegancia hecha vivienda<\/h2>\n<p>Seguimos en Getafe para presentarte este otro tipo de vivienda que sigue la l\u00ednea vanguardista del anterior. \u00bfSab\u00edas que <a href=\"https:\/\/www.fotocasa.es\/es\/comprar\/vivienda\/obra-nueva\/getafe\/19288801\/150058744?ai=150058744&amp;RowGrid=13&amp;tti=1&amp;opi=300\" target=\"_blank\" rel=\"noopener noreferrer\">nada m\u00e1s que veas su elegante y bella terraza<\/a> te enamorar\u00e1s de ella?<\/p>\n<p><\/p>\n<div id=\"attachment_42134\" style=\"width: 990px\" class=\"wp-caption alignnone\"><img loading=\"lazy\" decoding=\"async\" aria-describedby=\"caption-attachment-42134\" class=\"size-full wp-image-42134\" src=\"https:\/\/www.fotocasa.es\/fotocasa-life\/wp-content\/uploads\/2019\/10\/vanguardistas-6.jpg\" alt=\"Casas vanguardistas que impresionan\" width=\"980\" height=\"550\" title=\"-\" srcset=\"https:\/\/www.fotocasa.es\/fotocasa-life\/wp-content\/uploads\/2019\/10\/vanguardistas-6.jpg 980w, https:\/\/www.fotocasa.es\/fotocasa-life\/wp-content\/uploads\/2019\/10\/vanguardistas-6-300x168.jpg 300w, https:\/\/www.fotocasa.es\/fotocasa-life\/wp-content\/uploads\/2019\/10\/vanguardistas-6-150x84.jpg 150w, https:\/\/www.fotocasa.es\/fotocasa-life\/wp-content\/uploads\/2019\/10\/vanguardistas-6-768x431.jpg 768w\" sizes=\"auto, (max-width: 980px) 100vw, 980px\" \/><p id=\"caption-attachment-42134\" class=\"wp-caption-text\">Foto: Fotocasa<\/p><\/div>\n<p><\/p>\n","protected":false},"excerpt":{"rendered":"<p>Destacan no solo por su incre\u00edble dise\u00f1o, sino tambi\u00e9n por seguir los \u00faltimos patrones de decoraci\u00f3n y construcci\u00f3n. No te pierdas esta incre\u00edble selecci\u00f3n de casas vanguardistas que impresionan. L\u00edneas horizontales para dar amplitud Descubre este espectacular chalet independiente situado en Arroyomolinos (Madrid) listo para entrar a vivir desde el primer momento. \u00a1Estamos seguros de&#8230;<\/p>\n","protected":false},"author":3,"featured_media":42133,"comment_status":"open","ping_status":"closed","sticky":false,"template":"","format":"standard","meta":{"_lmt_disableupdate":"yes","_lmt_disable":"","footnotes":""},"categories":[2697],"tags":[3207,3122,142,2832],"class_list":["post-42131","post","type-post","status-publish","format-standard","has-post-thumbnail","hentry","category-inspiracion","tag-casas-impresionantes","tag-casas-vanguardistas","tag-fotocasa","tag-viviendas-de-diseno"],"modified_by":null,"_links":{"self":[{"href":"https:\/\/www.fotocasa.es\/fotocasa-life\/wp-json\/wp\/v2\/posts\/42131","targetHints":{"allow":["GET"]}}],"collection":[{"href":"https:\/\/www.fotocasa.es\/fotocasa-life\/wp-json\/wp\/v2\/posts"}],"about":[{"href":"https:\/\/www.fotocasa.es\/fotocasa-life\/wp-json\/wp\/v2\/types\/post"}],"author":[{"embeddable":true,"href":"https:\/\/www.fotocasa.es\/fotocasa-life\/wp-json\/wp\/v2\/users\/3"}],"replies":[{"embeddable":true,"href":"https:\/\/www.fotocasa.es\/fotocasa-life\/wp-json\/wp\/v2\/comments?post=42131"}],"version-history":[{"count":0,"href":"https:\/\/www.fotocasa.es\/fotocasa-life\/wp-json\/wp\/v2\/posts\/42131\/revisions"}],"wp:featuredmedia":[{"embeddable":true,"href":"https:\/\/www.fotocasa.es\/fotocasa-life\/wp-json\/wp\/v2\/media\/42133"}],"wp:attachment":[{"href":"https:\/\/www.fotocasa.es\/fotocasa-life\/wp-json\/wp\/v2\/media?parent=42131"}],"wp:term":[{"taxonomy":"category","embeddable":true,"href":"https:\/\/www.fotocasa.es\/fotocasa-life\/wp-json\/wp\/v2\/categories?post=42131"},{"taxonomy":"post_tag","embeddable":true,"href":"https:\/\/www.fotocasa.es\/fotocasa-life\/wp-json\/wp\/v2\/tags?post=42131"}],"curies":[{"name":"wp","href":"https:\/\/api.w.org\/{rel}","templated":true}]}}