{"id":41550,"date":"2019-10-02T14:58:36","date_gmt":"2019-10-02T12:58:36","guid":{"rendered":"https:\/\/blog-fotocasa-admin.wpsites-scmspain.com\/blog\/?p=41550"},"modified":"2020-11-27T13:15:43","modified_gmt":"2020-11-27T12:15:43","slug":"como-de-inteligentes-se-han-vuelto-nuestros-banos","status":"publish","type":"post","link":"https:\/\/www.fotocasa.es\/fotocasa-life\/hogar\/como-de-inteligentes-se-han-vuelto-nuestros-banos\/","title":{"rendered":"\u00bfC\u00f3mo de inteligentes se han vuelto nuestros ba\u00f1os?"},"content":{"rendered":"<p><span style=\"font-weight: 400;\">Inodoros que se elevan del suelo, cisternas empotradas en la pared, bid\u00e9s que se integran en el inodoro, duchas \u201cinvisibles\u201d o muebles inalterables al paso del tiempo\u2026 \u00bfTe has parado a pensar que el <strong>cuarto de ba\u00f1o se ha convertido en mucho m\u00e1s que ese sitio de paso<\/strong> en el que darte una ducha r\u00e1pida por la ma\u00f1ana? <\/span><span style=\"font-weight: 400;\">Es una estancia cada vez m\u00e1s importante dentro de nuestros hogares, ha evolucionado con nuestro estilo de vida y cada vez le exigimos m\u00e1s. Pero no siempre ha sido as\u00ed.<\/span><\/p>\n<p><img loading=\"lazy\" decoding=\"async\" class=\"alignnone wp-image-41569 size-full\" src=\"https:\/\/blog-fotocasa-admin.wpsites-scmspain.com\/blog\/wp-content\/uploads\/2019\/10\/ba\u00f1os-inteligentes-01.jpg\" alt=\"ba\u00f1os inteligentes\" width=\"980\" height=\"550\" title=\"-\" srcset=\"https:\/\/www.fotocasa.es\/fotocasa-life\/wp-content\/uploads\/2019\/10\/ba\u00f1os-inteligentes-01.jpg 980w, https:\/\/www.fotocasa.es\/fotocasa-life\/wp-content\/uploads\/2019\/10\/ba\u00f1os-inteligentes-01-300x168.jpg 300w, https:\/\/www.fotocasa.es\/fotocasa-life\/wp-content\/uploads\/2019\/10\/ba\u00f1os-inteligentes-01-150x84.jpg 150w, https:\/\/www.fotocasa.es\/fotocasa-life\/wp-content\/uploads\/2019\/10\/ba\u00f1os-inteligentes-01-768x431.jpg 768w\" sizes=\"auto, (max-width: 980px) 100vw, 980px\" \/><\/p>\n<h2>Ahora los ba\u00f1os se han convertido en protagonistas<\/h2>\n<p><span style=\"font-weight: 400;\"><strong>El ba\u00f1o se ha ido valorando con el paso de los a\u00f1os.<\/strong> Siglos atr\u00e1s, cuando la sociedad no se preocupaba tanto por la higiene y el cuidado personal, estaba relegado a un segundo plano e incluso se situaba fuera del hogar -en la mayor\u00eda de ocasiones en los patios- como un espacio vergonzante, muchas veces de uso compartido, y destinado casi a permanecer escondido.<\/span><\/p>\n<p><span style=\"font-weight: 400;\">Sin embargo, a medida que la higiene comenz\u00f3 a ser considerada como un <strong>aspecto b\u00e1sico y primordial y se incorpor\u00f3 a los h\u00e1bitos de la sociedad<\/strong>, el ba\u00f1o se traslad\u00f3 al interior de las viviendas. Comenz\u00f3 entonces a convertirse en una estancia \u00edntima y significativa, aunque no todav\u00eda al nivel de otras como la cocina o las zonas de descanso.<\/span><\/p>\n<p><span style=\"font-weight: 400;\">Y esta evoluci\u00f3n, marcada por los cambios sociales experimentados a lo largo de la historia, es la que ha llevado en las \u00faltimas d\u00e9cadas a <strong>incorporar varios ba\u00f1os en nuestras viviendas<\/strong>, cada uno con distintos usos, e incluso a unir el dormitorio con el ba\u00f1o, en la m\u00e1xima expresi\u00f3n de integraci\u00f3n y relevancia de esta parte de la casa.<\/span><\/p>\n<p><img loading=\"lazy\" decoding=\"async\" class=\"alignnone size-full wp-image-41570\" src=\"https:\/\/blog-fotocasa-admin.wpsites-scmspain.com\/blog\/wp-content\/uploads\/2019\/10\/ba\u00f1os-inteligentes-03.jpg\" alt=\"- - - -\" width=\"980\" height=\"550\" title=\"-\" srcset=\"https:\/\/www.fotocasa.es\/fotocasa-life\/wp-content\/uploads\/2019\/10\/ba\u00f1os-inteligentes-03.jpg 980w, https:\/\/www.fotocasa.es\/fotocasa-life\/wp-content\/uploads\/2019\/10\/ba\u00f1os-inteligentes-03-300x168.jpg 300w, https:\/\/www.fotocasa.es\/fotocasa-life\/wp-content\/uploads\/2019\/10\/ba\u00f1os-inteligentes-03-150x84.jpg 150w, https:\/\/www.fotocasa.es\/fotocasa-life\/wp-content\/uploads\/2019\/10\/ba\u00f1os-inteligentes-03-768x431.jpg 768w\" sizes=\"auto, (max-width: 980px) 100vw, 980px\" \/><\/p>\n<h2>Ba\u00f1os atractivos, bien iluminados y con dise\u00f1os adaptados<\/h2>\n<p><span style=\"font-weight: 400;\">Si hasta ahora el ba\u00f1o hab\u00eda representado un rol funcional, dise\u00f1ado exclusivamente para usos b\u00e1sicos como son nuestras necesidades e higiene \u00edntimas,\u00a0 <a href=\"https:\/\/www.fotocasa.es\/fotocasa-life\/hogar\/reformas\/claves-reforma-bano-exito\/\">los ba\u00f1os de hoy en d\u00eda<\/a> son ya mucho m\u00e1s que eso. Buscan <strong>ser atractivos, con un dise\u00f1o e iluminaci\u00f3n adaptados<\/strong> a nuestros gustos m\u00e1s particulares. Se erigen como estancias pr\u00e1cticas, f\u00e1ciles de limpiar y con espacio para poder movernos c\u00f3modamente.\u00a0<\/span><\/p>\n<p><span style=\"font-weight: 400;\">El ba\u00f1o se vive cada vez m\u00e1s como una experiencia para los sentidos, <strong>dejando atr\u00e1s su finalidad m\u00e1s funcional<\/strong>. Y, adem\u00e1s, se le exige que sea duradero e incorpore conceptos sostenibles que, adem\u00e1s de contribuir al cuidado del medio ambiente, suponga un ahorro en nuestras facturas.<\/span><\/p>\n<p><span style=\"font-weight: 400;\">Por eso, teniendo en cuenta que, m\u00e1s que una tendencia, estas nuevas necesidades son toda\u00a0 una realidad, algunas marcas ya han lanzado propuestas sofisticadas e innovadoras hacia un ba\u00f1o <strong>mejor en dise\u00f1o, mejor en confort y tambi\u00e9n mejor en consumo<\/strong>. E incluso se han atrevido con el concepto de \u2018ba\u00f1o inteligente\u2019 donde, efectivamente, elementos como los inodoros bid\u00e9, las <a href=\"https:\/\/www.fotocasa.es\/fotocasa-life\/hogar\/adios-malos-olores-bano\/\">cisternas empotradas que absorben los malos olores<\/a> o las <a href=\"https:\/\/www.fotocasa.es\/fotocasa-life\/hogar\/reformas\/consejos-para-cambiar-tu-antigua-banera-por-una-ducha\/\">duchas invisibles<\/a> han cobrado vida con la tecnolog\u00eda como gran aliada.<\/span><\/p>\n<p><em><b>Jorge Tornero. Director T\u00e9cnico de Geberit.<\/b><\/em><\/p>\n","protected":false},"excerpt":{"rendered":"<p>\u00bfTe has parado a pensar que el cuarto de ba\u00f1o se ha convertido en mucho m\u00e1s que ese sitio de paso en el que darte una ducha r\u00e1pida por la ma\u00f1ana?<\/p>\n","protected":false},"author":81,"featured_media":41567,"comment_status":"open","ping_status":"closed","sticky":false,"template":"","format":"standard","meta":{"_lmt_disableupdate":"yes","_lmt_disable":"","footnotes":""},"categories":[2285],"tags":[1237,32,422,1236,871],"class_list":["post-41550","post","type-post","status-publish","format-standard","has-post-thumbnail","hentry","category-hogar","tag-bano","tag-banos","tag-complementos-bano","tag-cuarto-de-bano","tag-reformas-banos"],"modified_by":"fotocasa","_links":{"self":[{"href":"https:\/\/www.fotocasa.es\/fotocasa-life\/wp-json\/wp\/v2\/posts\/41550","targetHints":{"allow":["GET"]}}],"collection":[{"href":"https:\/\/www.fotocasa.es\/fotocasa-life\/wp-json\/wp\/v2\/posts"}],"about":[{"href":"https:\/\/www.fotocasa.es\/fotocasa-life\/wp-json\/wp\/v2\/types\/post"}],"author":[{"embeddable":true,"href":"https:\/\/www.fotocasa.es\/fotocasa-life\/wp-json\/wp\/v2\/users\/81"}],"replies":[{"embeddable":true,"href":"https:\/\/www.fotocasa.es\/fotocasa-life\/wp-json\/wp\/v2\/comments?post=41550"}],"version-history":[{"count":0,"href":"https:\/\/www.fotocasa.es\/fotocasa-life\/wp-json\/wp\/v2\/posts\/41550\/revisions"}],"wp:featuredmedia":[{"embeddable":true,"href":"https:\/\/www.fotocasa.es\/fotocasa-life\/wp-json\/wp\/v2\/media\/41567"}],"wp:attachment":[{"href":"https:\/\/www.fotocasa.es\/fotocasa-life\/wp-json\/wp\/v2\/media?parent=41550"}],"wp:term":[{"taxonomy":"category","embeddable":true,"href":"https:\/\/www.fotocasa.es\/fotocasa-life\/wp-json\/wp\/v2\/categories?post=41550"},{"taxonomy":"post_tag","embeddable":true,"href":"https:\/\/www.fotocasa.es\/fotocasa-life\/wp-json\/wp\/v2\/tags?post=41550"}],"curies":[{"name":"wp","href":"https:\/\/api.w.org\/{rel}","templated":true}]}}