{"id":41267,"date":"2019-10-25T08:00:29","date_gmt":"2019-10-25T06:00:29","guid":{"rendered":"https:\/\/blog-fotocasa-admin.wpsites-scmspain.com\/blog\/?p=41267"},"modified":"2020-11-27T13:15:15","modified_gmt":"2020-11-27T12:15:15","slug":"ideas-perfectas-amueblar-bano","status":"publish","type":"post","link":"https:\/\/www.fotocasa.es\/fotocasa-life\/hogar\/ideas-perfectas-amueblar-bano\/","title":{"rendered":"Ideas perfectas para amueblar tu ba\u00f1o"},"content":{"rendered":"<p><span style=\"font-weight: 400;\">\u00bfC\u00f3mo es tu ba\u00f1o? \u00bfGrande, peque\u00f1o, con techo abuhardillado, con luz natural&#8230;? <\/span><b>Cualquier ba\u00f1o puede mejorar <\/b><span style=\"font-weight: 400;\">si le incorporamos buenas ideas. A veces, nos cuesta decidirnos por unos materiales u otros. Incluso hay ocasiones en las que no se nos ha ocurrido que podemos hacer una <\/span><b>peque\u00f1a repisa en la ventana <\/b><span style=\"font-weight: 400;\">o en un rinc\u00f3n del ba\u00f1o para aprovechar ese espacio y poder almacenar los productos de higiene y belleza. <\/span><\/p>\n<p><span style=\"font-weight: 400;\">Por eso, hoy te traemos <\/span><b>algunas ideas interesantes para amueblar el ba\u00f1o:<\/b><span style=\"font-weight: 400;\"> materiales como la <\/span><b>madera, el cemento pulido, la piedra <\/b><span style=\"font-weight: 400;\">o usar una escalera como mueble principal, son algunas de las ideas que compartimos contigo. Si quieres descubrirlas todas, aqu\u00ed te las mostramos.\u00a0<\/span><\/p>\n<h2>La belleza del cemento pulido<\/h2>\n<p><span style=\"font-weight: 400;\">El <\/span><b>cemento pulido<\/b><span style=\"font-weight: 400;\"> es un material realmente bonito y bastante resistente. Es r\u00e1pido de colocar y nos permite \u00abmoldearlo\u00bb como queramos. Por eso es tan buena opci\u00f3n para un ba\u00f1o, ya que podemos <\/span><b>hacer repisas o \u00abestanter\u00edas\u00bb <\/b><span style=\"font-weight: 400;\">donde queramos. Si est\u00e1s pensando en reformar tu ba\u00f1o, piensa en este material porque el efecto de acabado es muy bello. Podr\u00edas plantearte hacer la <\/span><b>ba\u00f1era y parte del mobiliario<\/b><span style=\"font-weight: 400;\"> de cemento pulido, aprovechando las<\/span><b> l\u00edneas rectas <\/b><span style=\"font-weight: 400;\">que suele haber en un cuarto de ba\u00f1o. Para complementarlo, pocos elementos, ya que este material de por s\u00ed tiene mucha personalidad.<\/span><\/p>\n<p><img loading=\"lazy\" decoding=\"async\" class=\"size-full wp-image-41643\" src=\"https:\/\/blog-fotocasa-admin.wpsites-scmspain.com\/blog\/wp-content\/uploads\/2019\/10\/ba\u00f1os-01.jpg\" alt=\"- - - -\" width=\"980\" height=\"550\" title=\"-\" srcset=\"https:\/\/www.fotocasa.es\/fotocasa-life\/wp-content\/uploads\/2019\/10\/ba\u00f1os-01.jpg 980w, https:\/\/www.fotocasa.es\/fotocasa-life\/wp-content\/uploads\/2019\/10\/ba\u00f1os-01-300x168.jpg 300w, https:\/\/www.fotocasa.es\/fotocasa-life\/wp-content\/uploads\/2019\/10\/ba\u00f1os-01-150x84.jpg 150w, https:\/\/www.fotocasa.es\/fotocasa-life\/wp-content\/uploads\/2019\/10\/ba\u00f1os-01-768x431.jpg 768w\" sizes=\"auto, (max-width: 980px) 100vw, 980px\" \/><\/p>\n<h2>La madera nunca falla<\/h2>\n<p><span style=\"font-weight: 400;\">Quiz\u00e1 est\u00e1 opci\u00f3n es algo m\u00e1s \u00abtradicional\u00bb que la primera, pero la realidad es que <\/span><b>apostar por la madera es apostar por lo seguro.<\/b><span style=\"font-weight: 400;\"> La madera en los hogares -y tambi\u00e9n en los ba\u00f1os- <\/span><b>aporta calidez<\/b><span style=\"font-weight: 400;\">. Podemos combinar la madera con otros muchos materiales, como los cer\u00e1micos, las pinturas, el papel pintado o el m\u00e1rmol. En cualquier caso, siempre es un material muy agradecido. En esta ocasi\u00f3n, se puede apostar por baldas de madera a medida justo debajo del lavabo, cuya encimera tambi\u00e9n es de madera. As\u00ed tendremos una <\/span><b>peque\u00f1a zona de almacenaje perfectamente integrada en el ba\u00f1o.\u00a0<\/b><\/p>\n<h2>La elegancia de la piedra en el ba\u00f1o<\/h2>\n<p><span style=\"font-weight: 400;\">Uno de los materiales <\/span><b>m\u00e1s elegantes <\/b><span style=\"font-weight: 400;\">que podemos encontrar en un ba\u00f1o es la piedra. Revestir las paredes con aplacados de piedra es una buena alternativa y si su <\/span><b>acabado es pulido,<\/b><span style=\"font-weight: 400;\"> mucho mejor, ya que dificulta la acumulaci\u00f3n de suciedad. La piedra es muy duradera, los ara\u00f1azos apenas se notan y tambi\u00e9n permite que podamos hacer <\/span><b>\u00abmuebles a medida\u00bb,<\/b><span style=\"font-weight: 400;\"> como puede ser una repisa a la altura del lavabo, para poder colocar productos de higiene, unas flores o unas velas, por ejemplo. Si nuestro ba\u00f1o es luminoso, la piedra potenciar\u00e1 esa <\/span><b>luz natural<\/b><span style=\"font-weight: 400;\"> y el efecto del ba\u00f1o ser\u00e1 muy agradable.\u00a0<\/span><\/p>\n<h2>Escaleras con m\u00e1s de un uso<\/h2>\n<p><b>Usar los muebles de una manera diferente <\/b><span style=\"font-weight: 400;\">siempre es se\u00f1al de personas creativas y detallistas. Por ejemplo, usar una <\/span><b>escalera como mueble del ba\u00f1o <\/b><span style=\"font-weight: 400;\">es una manera muy original de almacenar las toallas, productos de higiene, maquillaje&#8230; Lo \u00fanico que tendr\u00e1s que tener en cuenta es que la escalera est\u00e9 bien anclada o apoyada en la pared para que no se caiga y tendr\u00e1s que tenerlo todo bien ordenado y las toallas perfectamente dobladas, pues evidentemente estar\u00e1n a la vista de todos.<\/span><\/p>\n<p><img loading=\"lazy\" decoding=\"async\" class=\"alignnone size-full wp-image-37766\" src=\"https:\/\/blog-fotocasa-admin.wpsites-scmspain.com\/blog\/wp-content\/uploads\/2019\/06\/malos-olores-01.jpg\" alt=\"- - - -\" width=\"980\" height=\"550\" title=\"-\" srcset=\"https:\/\/www.fotocasa.es\/fotocasa-life\/wp-content\/uploads\/2019\/06\/malos-olores-01.jpg 980w, https:\/\/www.fotocasa.es\/fotocasa-life\/wp-content\/uploads\/2019\/06\/malos-olores-01-300x168.jpg 300w, https:\/\/www.fotocasa.es\/fotocasa-life\/wp-content\/uploads\/2019\/06\/malos-olores-01-150x84.jpg 150w, https:\/\/www.fotocasa.es\/fotocasa-life\/wp-content\/uploads\/2019\/06\/malos-olores-01-768x431.jpg 768w\" sizes=\"auto, (max-width: 980px) 100vw, 980px\" \/><\/p>\n<h2>Muebles volados o suspendidos<\/h2>\n<p><span style=\"font-weight: 400;\">La gran ventaja de los <\/span><b>muebles volados o suspendidos <\/b><span style=\"font-weight: 400;\">es que permiten <\/span><b>almacenar lo mismo que aquellos que se apoyan en el suelo <\/b><span style=\"font-weight: 400;\">y, sin embargo, parecen visualmente<\/span><b> \u00abm\u00e1s peque\u00f1os y menos pesados\u00bb<\/b><span style=\"font-weight: 400;\">.<\/span> <span style=\"font-weight: 400;\">El hecho de que est\u00e9n suspendidos hace que la sensaci\u00f3n de ligereza aumente y que el ba\u00f1o -si en nuestro caso es peque\u00f1o- gane alg\u00fan metro cuadrado aunque solo sea de cara a nuestro ojo. Merece la pena porque adem\u00e1s a la hora de limpiar el ba\u00f1o son mucho m\u00e1s c\u00f3modos, pues no han recovecos donde se acumule el polvo o las pelusas.<\/span><\/p>\n<h2>Ba\u00f1o, armario y vestidor en uno<\/h2>\n<p><span style=\"font-weight: 400;\">\u00a1Qu\u00e9 idea m\u00e1s genial hemos encontrado! Un ba\u00f1o que alberga tambi\u00e9n un armario para todos los <\/span><b>productos de higiene y limpieza y, a continuaci\u00f3n, un vestidor. <\/b><span style=\"font-weight: 400;\">Es de las ideas m\u00e1s geniales y c\u00f3modas que hemos visto, de modo que si las dimensiones de tu ba\u00f1o lo permiten, ver\u00e1s que es una gozada. Y si tienes ni\u00f1os, mucho m\u00e1s. \u00bfImaginas <\/span><b>tenerlo todo a mano:<\/b><span style=\"font-weight: 400;\"> ba\u00f1era, productos de higiene y su ropa? As\u00ed se acabar\u00edan las carreras que a veces nos tenemos que dar del ba\u00f1o al dormitorio y del dormitorio al ba\u00f1o, porque cada cosa est\u00e1 en un sitio diferente.\u00a0<\/span><\/p>\n<p><img loading=\"lazy\" decoding=\"async\" class=\"alignnone size-full wp-image-41644\" src=\"https:\/\/blog-fotocasa-admin.wpsites-scmspain.com\/blog\/wp-content\/uploads\/2019\/10\/ba\u00f1os-02.jpg\" alt=\"- - - -\" width=\"980\" height=\"550\" title=\"-\" srcset=\"https:\/\/www.fotocasa.es\/fotocasa-life\/wp-content\/uploads\/2019\/10\/ba\u00f1os-02.jpg 980w, https:\/\/www.fotocasa.es\/fotocasa-life\/wp-content\/uploads\/2019\/10\/ba\u00f1os-02-300x168.jpg 300w, https:\/\/www.fotocasa.es\/fotocasa-life\/wp-content\/uploads\/2019\/10\/ba\u00f1os-02-150x84.jpg 150w, https:\/\/www.fotocasa.es\/fotocasa-life\/wp-content\/uploads\/2019\/10\/ba\u00f1os-02-768x431.jpg 768w\" sizes=\"auto, (max-width: 980px) 100vw, 980px\" \/><\/p>\n<h2>El hueco de la ventana es genial<\/h2>\n<p><span style=\"font-weight: 400;\">Aprovecha el hueco de la ventana para poder <\/span><b>\u00abponer tu mueble\u00bb del ba\u00f1o.<\/b><span style=\"font-weight: 400;\"> En realidad no es un mueble como tal pero s\u00ed una peque\u00f1a repisa que puede desahogar. Adem\u00e1s, est\u00e9ticamente puede aportar mucho, porque se pueden colocar en ella unas flores, una planta o unas fotos. En este ba\u00f1o donde predominan las <\/span><b>l\u00edneas rectas,<\/b><span style=\"font-weight: 400;\"> la repisa de la ventana es un acierto, as\u00ed que plant\u00e9atelo si tienes que reformar el ba\u00f1o o cambiar las ventanas.<\/span><\/p>\n<h2>Estanter\u00eda a medida de pladur<\/h2>\n<p><span style=\"font-weight: 400;\">No nos cansaremos de elogiar el <\/span><b>pladur: <\/b><span style=\"font-weight: 400;\">es un <\/span><b>material econ\u00f3mico, muy adaptable <\/b><span style=\"font-weight: 400;\">y flexible. Podemos hacer estanter\u00edas, muretes o muebles de pladur para cualquier lugar de la casa y siempre ser\u00e1n una buena opci\u00f3n. Porque se hacen a medida y por tanto, se aprovecha todo el hueco, su coste es bajo y, adem\u00e1s, duran mucho. En el ba\u00f1o son una excelente idea para <\/span><b>aprovechar huecos de medidas extra\u00f1as<\/b><span style=\"font-weight: 400;\"> donde un mueble no tendr\u00eda cabida por la profundidad o la forma del espacio. Aqu\u00ed es donde el <\/span><b>pladur hace maravillas<\/b><span style=\"font-weight: 400;\"> porque un profesional nos puede a\u00f1adir unas baldas de este material y el espacio se aprovechar\u00e1 mejor.<\/span><\/p>\n","protected":false},"excerpt":{"rendered":"<p>\u00bfC\u00f3mo es tu ba\u00f1o? \u00bfGrande, peque\u00f1o, con techo abuhardillado, con luz natural&#8230;? Cualquier ba\u00f1o puede mejorar si le incorporamos buenas ideas.<\/p>\n","protected":false},"author":24,"featured_media":34615,"comment_status":"open","ping_status":"closed","sticky":false,"template":"","format":"standard","meta":{"_lmt_disableupdate":"yes","_lmt_disable":"","footnotes":""},"categories":[2285],"tags":[1237,32,3062,421,422,1236,420,1235],"class_list":["post-41267","post","type-post","status-publish","format-standard","has-post-thumbnail","hentry","category-hogar","tag-bano","tag-banos","tag-banos-decorados","tag-banos-practicos","tag-complementos-bano","tag-cuarto-de-bano","tag-decoracion-de-banos","tag-renovar-bano"],"modified_by":"fotocasa","_links":{"self":[{"href":"https:\/\/www.fotocasa.es\/fotocasa-life\/wp-json\/wp\/v2\/posts\/41267","targetHints":{"allow":["GET"]}}],"collection":[{"href":"https:\/\/www.fotocasa.es\/fotocasa-life\/wp-json\/wp\/v2\/posts"}],"about":[{"href":"https:\/\/www.fotocasa.es\/fotocasa-life\/wp-json\/wp\/v2\/types\/post"}],"author":[{"embeddable":true,"href":"https:\/\/www.fotocasa.es\/fotocasa-life\/wp-json\/wp\/v2\/users\/24"}],"replies":[{"embeddable":true,"href":"https:\/\/www.fotocasa.es\/fotocasa-life\/wp-json\/wp\/v2\/comments?post=41267"}],"version-history":[{"count":0,"href":"https:\/\/www.fotocasa.es\/fotocasa-life\/wp-json\/wp\/v2\/posts\/41267\/revisions"}],"wp:featuredmedia":[{"embeddable":true,"href":"https:\/\/www.fotocasa.es\/fotocasa-life\/wp-json\/wp\/v2\/media\/34615"}],"wp:attachment":[{"href":"https:\/\/www.fotocasa.es\/fotocasa-life\/wp-json\/wp\/v2\/media?parent=41267"}],"wp:term":[{"taxonomy":"category","embeddable":true,"href":"https:\/\/www.fotocasa.es\/fotocasa-life\/wp-json\/wp\/v2\/categories?post=41267"},{"taxonomy":"post_tag","embeddable":true,"href":"https:\/\/www.fotocasa.es\/fotocasa-life\/wp-json\/wp\/v2\/tags?post=41267"}],"curies":[{"name":"wp","href":"https:\/\/api.w.org\/{rel}","templated":true}]}}