{"id":4102,"date":"2014-11-13T21:05:05","date_gmt":"2014-11-13T19:05:05","guid":{"rendered":"https:\/\/www.fotocasa.es\/fotocasa-life\/?p=4102"},"modified":"2020-11-27T11:32:49","modified_gmt":"2020-11-27T10:32:49","slug":"madrid-rebaja-en-17-puntos-el-irpf-de-las-rentas-inferiores-12-500-euros","status":"publish","type":"post","link":"https:\/\/www.fotocasa.es\/fotocasa-life\/hipotecas-finanzas\/madrid-rebaja-en-17-puntos-el-irpf-de-las-rentas-inferiores-12-500-euros\/","title":{"rendered":"Madrid rebaja en 1,7 puntos el IRPF de las rentas inferiores a 12.500 euros"},"content":{"rendered":"<p>La Comunidad de Madrid crear\u00e1 un nuevo tramo en el Impuesto Sobre la Renta de las Personas F\u00edsicas (IRPF) para las personas con rentas inferiores a los 12.450 euros, a las que se rebajar\u00e1 la tarifa 1,7 puntos con respecto a la actual tarifa auton\u00f3mica.<\/p>\n<p>As\u00ed lo ha expuesto el presidente de la Comunidad de Madrid, Ignacio Gonz\u00e1lez, en rueda de prensa posterior al Consejo de Gobierno, en la que se ha presentado el Anteproyecto de Ley de Medidas Fiscales y Administrativas para 2015.<\/p>\n<p>Esta bajada es la segunda que realiza el Ejecutivo de Ignacio Gonz\u00e1lez en dos a\u00f1os y la tercera del Gobierno popular de la Comunidad de Madrid, ha se\u00f1alado el presidente, quien ha explicado que a estas personas se les aplicar\u00e1 en 2015 el tipo m\u00ednimo establecido por el Estado para 2016, con lo que un a\u00f1o antes de su aplicaci\u00f3n a nivel estatal el tipo para este grupo de personas se situar\u00e1 en el 9,5% en la regi\u00f3n.<\/p>\n<p>El presidente ha se\u00f1alado que con esta <a title=\"Bruselas pide al Gobierno de Rajoy que aumente la carga fiscal a la vivienda\" href=\"https:\/\/www.fotocasa.es\/fotocasa-life\/hipotecas-finanzas\/bruselas-pide-al-gobierno-de-rajoy-que-aumente-la-carga-fiscal-la-vivienda\/\"><strong>rebaja fiscal<\/strong><\/a> se pretende \u00abbeneficiar a todos los madrile\u00f1os, muy especialmente a las rentas m\u00e1s bajas y a las familias\u00bb, adem\u00e1s de a los \u00abmileuristas\u00bb.<\/p>\n<p>De esta manera, si se tiene en cuenta la rebaja fiscal de 1,6 puntos en el IRPF llevada a cabo el pasado a\u00f1o y ya vigente en 2014, el Gobierno auton\u00f3mico ha reducido en estos dos \u00faltimos a\u00f1os 3,3 puntos el IRPF, una rebaja fiscal que ha beneficiado m\u00e1s a las rentas m\u00e1s bajas, que han visto minorado su tramo en 2,1 puntos.<\/p>\n<p>As\u00ed, un madrile\u00f1o con una renta anual inferior a 12.450 euros ha pasado a tributar en la cuota auton\u00f3mica del IRPF un 11,6% en 2013 a tributar un 9,5% en 2015. Todo ello se suma a la rebaja en un punto que hizo Esperanza Aguirre en 2007, por lo que en total, la Comunidad ha rebajado en la \u00faltima d\u00e9cada 4,3 puntos el IRPF.<\/p>\n<p>Gonz\u00e1lez ha afirmado que la madrile\u00f1a es \u00abla tarifa m\u00e1s baja de todas las comunidades aut\u00f3nomas\u00bb. As\u00ed, respecto a Andaluc\u00eda o Catalu\u00f1a, los madrile\u00f1os se ahorran m\u00e1s de 650 millones de euros, unos 220 euros de media, y respecto a la tarifa estatal aprobada por <a title=\"\u00bfC\u00f3mo afecta la nueva reforma fiscal a la vivienda?\" href=\"https:\/\/www.fotocasa.es\/fotocasa-life\/alquiler\/como-afecta-la-nueva-reforma-fiscal-la-vivienda\/\"><strong>el Gobierno<\/strong><\/a> para 2016 los madrile\u00f1os se ahorran 335 millones de euros, es decir, 112 euros de media por madrile\u00f1o.<\/p>\n<p>Las familias de clase media (entre 25.000 y 40.000 euros) con dos hijos pagar\u00edan un 4,5% m\u00e1s con la tarifa del Ministerio de Hacienda y un &#8216;mileurista&#8217; madrile\u00f1o pagar\u00e1 en 2015 la mitad que en 2014 (49% menos), unos 341 euros de ahorro.<\/p>\n<p>En su intervenci\u00f3n, el presidente tambi\u00e9n ha relatado que, seg\u00fan sus estimaciones, la nueva rebaja fiscal tendr\u00e1 un impacto positivo en el PIB regional de tres d\u00e9cimas y supondr\u00e1 la creaci\u00f3n de 13.000 nuevos empleos. Adem\u00e1s, gracias a las rebajas fiscales aprobadas desde el a\u00f1o 2003, los madrile\u00f1os pasar\u00e1n a ahorrarse 1.150 euros al a\u00f1o en el IRPF en 2015.<\/p>\n<p>&nbsp;<\/p>\n<p><strong>Elevaci\u00f3n de m\u00ednimos exentos para familias<\/strong><\/p>\n<p>Por otra parte, se van a elevar los m\u00ednimos exentos de tributaci\u00f3n para las familias. En concreto, se aumenta la reducci\u00f3n del m\u00ednimo por descendientes por encima de la modificaci\u00f3n llevada a cabo por el Gobierno de la Naci\u00f3n.<\/p>\n<p>En el caso de familias numerosas, se aumenta el m\u00ednimo por descendientes en un 10%, alcanzando el m\u00e1ximo permitido por Ley.<\/p>\n<p>Adem\u00e1s, aumenta de 1.836 a 2.400 euros anuales el m\u00ednimo por el primer descendiente; de 2.040 a 2.700 euros anuales por el segundo; de 4.039 a 4.400 euros anuales por el tercero y de 4.600 a 4.950 anuales por el cuarto y siguientes.<\/p>\n<p>Tambi\u00e9n, cuando el descendiente sea menor de tres a\u00f1os, la cuant\u00eda que corresponda al m\u00ednimo por descendientes pasar\u00e1 de 2.244 a 2.800 euros. El incremento de estos m\u00ednimos supone un ahorro de 36,7 millones para las familias.<\/p>\n<p>Con estas dos medidas que afectan al IRPF los madrile\u00f1os obtendr\u00e1n un ahorro de 240 millones de euros.<\/p>\n<p>&nbsp;<\/p>\n<p><strong>Se mantienen las deducciones auton\u00f3micas existentes<\/strong><\/p>\n<p>En el caso de las deducciones fiscales ya vigentes, en 2015 se mantienen las deducciones auton\u00f3micas existentes en el IRPF, si bien en el caso de algunas se han modificado o ampliado.<\/p>\n<p>En primer lugar, se mantiene la deducci\u00f3n que permite desgravarse por compra de uniformes, as\u00ed como la relativa al aprendizaje de idiomas extranjeros, tanto si \u00e9stos se imparten como actividad extraescolar como si tienen car\u00e1cter de educaci\u00f3n de r\u00e9gimen especial. Adem\u00e1s, se ampl\u00eda esta deducci\u00f3n a la Formaci\u00f3n Profesional B\u00e1sica, al entenderse que son alumnos en edad de escolarizaci\u00f3n obligatoria y gratuita.<\/p>\n<p>Tambi\u00e9n se mantiene la deducci\u00f3n en el IRPF por arrendamiento a j\u00f3venes menores de 35 a\u00f1os, que permite deducir el 20% de las cantidades destinadas por los j\u00f3venes al alquiler de su vivienda hasta un m\u00e1ximo de 840 euros, lo que equivaldr\u00eda a dos mensualidades de alquiler medio.<\/p>\n<p>Hasta ahora para poder acceder a la deducci\u00f3n hab\u00eda que justificar el arrendamiento presentando una copia del resguardo del dep\u00f3sito de la fianza del alquiler en el IVIMA por parte del propietario, algo que supon\u00eda un problema para muchos contribuyentes ya que en ocasiones el propietario se negaba a facilitar dicha copia. A partir del pr\u00f3ximo a\u00f1o tambi\u00e9n se aceptar\u00e1 una copia de la denuncia ante el IVIMA por no haberle entregado dicho justificante el arrendador.<\/p>\n<p>Otra de las novedades de la Ley de Medidas Fiscales consiste en establecer un nuevo r\u00e9gimen de autoliquidaci\u00f3n mensual en las declaraciones de operaciones de compraventa de oro, con el objetivo de conseguir un mayor control en el \u00e1mbito fiscal de este mercado, como se est\u00e1 haciendo ya en materia de metrolog\u00eda y consumo.<\/p>\n<p>&nbsp;<\/p>\n","protected":false},"excerpt":{"rendered":"<p>La Comunidad de Madrid crear\u00e1 un nuevo tramo en el Impuesto Sobre la Renta de las Personas F\u00edsicas (IRPF) para las personas con rentas inferiores a los 12.450 euros, a las que se rebajar\u00e1 la tarifa 1,7 puntos con respecto a la actual tarifa auton\u00f3mica. As\u00ed lo ha expuesto el presidente de la Comunidad de&#8230;<\/p>\n","protected":false},"author":3,"featured_media":4103,"comment_status":"open","ping_status":"open","sticky":false,"template":"","format":"standard","meta":{"_lmt_disableupdate":"yes","_lmt_disable":"","footnotes":""},"categories":[6],"tags":[507,350,118,722,988,1054,447],"class_list":["post-4102","post","type-post","status-publish","format-standard","has-post-thumbnail","hentry","category-hipotecas-finanzas","tag-comunidad-de-madrid","tag-declaracion-de-la-renta","tag-economia","tag-irpf","tag-ministerio-de-hacienda","tag-rebaja-fiscal","tag-reforma-fiscal"],"modified_by":"Albert PC","_links":{"self":[{"href":"https:\/\/www.fotocasa.es\/fotocasa-life\/wp-json\/wp\/v2\/posts\/4102","targetHints":{"allow":["GET"]}}],"collection":[{"href":"https:\/\/www.fotocasa.es\/fotocasa-life\/wp-json\/wp\/v2\/posts"}],"about":[{"href":"https:\/\/www.fotocasa.es\/fotocasa-life\/wp-json\/wp\/v2\/types\/post"}],"author":[{"embeddable":true,"href":"https:\/\/www.fotocasa.es\/fotocasa-life\/wp-json\/wp\/v2\/users\/3"}],"replies":[{"embeddable":true,"href":"https:\/\/www.fotocasa.es\/fotocasa-life\/wp-json\/wp\/v2\/comments?post=4102"}],"version-history":[{"count":0,"href":"https:\/\/www.fotocasa.es\/fotocasa-life\/wp-json\/wp\/v2\/posts\/4102\/revisions"}],"wp:featuredmedia":[{"embeddable":true,"href":"https:\/\/www.fotocasa.es\/fotocasa-life\/wp-json\/wp\/v2\/media\/4103"}],"wp:attachment":[{"href":"https:\/\/www.fotocasa.es\/fotocasa-life\/wp-json\/wp\/v2\/media?parent=4102"}],"wp:term":[{"taxonomy":"category","embeddable":true,"href":"https:\/\/www.fotocasa.es\/fotocasa-life\/wp-json\/wp\/v2\/categories?post=4102"},{"taxonomy":"post_tag","embeddable":true,"href":"https:\/\/www.fotocasa.es\/fotocasa-life\/wp-json\/wp\/v2\/tags?post=4102"}],"curies":[{"name":"wp","href":"https:\/\/api.w.org\/{rel}","templated":true}]}}