{"id":4059,"date":"2014-11-12T17:54:44","date_gmt":"2014-11-12T15:54:44","guid":{"rendered":"https:\/\/www.fotocasa.es\/fotocasa-life\/?p=4059"},"modified":"2014-11-21T19:31:57","modified_gmt":"2014-11-21T18:31:57","slug":"el-estado-ingresa-280-millones-con-el-patrimonio-inmobiliario-publico-vendido","status":"publish","type":"post","link":"https:\/\/www.fotocasa.es\/fotocasa-life\/compraventa\/el-estado-ingresa-280-millones-con-el-patrimonio-inmobiliario-publico-vendido\/","title":{"rendered":"El Estado ingresa 280 millones con el patrimonio inmobiliario p\u00fablico vendido"},"content":{"rendered":"<p>El Estado ha ingresado 280 millones de euros con la venta de los <strong><a title=\"El Estado realizar\u00e1 una subasta p\u00fablica de inmuebles por valor de 20 millones de euros\" href=\"https:\/\/www.fotocasa.es\/fotocasa-life\/compraventa\/el-estado-realizara-una-subasta-publica-de-inmuebles\/\">edificios p\u00fablicos<\/a><\/strong> que ha realizado hasta ahora, que suponen un 10% de los alrededor de 15.000 activos que prev\u00e9 enajenar en el marco del plan de racionalizaci\u00f3n de la Administraci\u00f3n P\u00fablica.<\/p>\n<p>En virtud de este programa, el Estado acumula adem\u00e1s un ahorro de unos 50 millones de euros en gasto de alquileres de inmuebles, seg\u00fan inform\u00f3 el subsecretario del Ministerio de Econom\u00eda, Miguel Temboury.<\/p>\n<p>El alto cargo del Departamento reconoci\u00f3 que el Gobierno \u00abno descarta en el medio o largo plazo\u00bb plantear la constituci\u00f3n de una gran socimi con patrimonio p\u00fablico, si bien asegur\u00f3 que se trata de un proyecto que \u00abahora mismo no est\u00e1 sobre la mesa\u00bb.<\/p>\n<p>\u00abTodo se estudia y se tienen en mente todas las posibilidades, pero ahora mismo no se contempla\u00bb, indic\u00f3 Temboury. \u00abEl dise\u00f1o de una gran socimi con activos de patrimonio p\u00fablico no se descarta a medio o largo plazo pero ahora mismo no est\u00e1 sobre la mesa\u00bb, detall\u00f3 durante su intervenci\u00f3n en una jornada inmobiliaria organizada por la <a title=\"Asociaci\u00f3n Espa\u00f1ola de Empresas de Consultor\u00eda Inmobiliaria\" href=\"http:\/\/www.consultorasinmobiliarias.es\/\" target=\"_blank\" rel=\"noopener noreferrer\"><strong>Asociaci\u00f3n de Consultoras Inmobiliarias<\/strong><\/a> (ACI).<\/p>\n<p>En su intervenci\u00f3n, el alto cargo del Departamento que dirige Luis de Guindos abog\u00f3 por dar una vuelta de tuerca si es necesario a la flexibilizaci\u00f3n del mercado de alquiler de viviendas que ya se inici\u00f3 con la Ley de Flexibilizaci\u00f3n y Fomento del Alquiler aprobada el pasado a\u00f1o, en caso de que esta nueva norma no acabe de impulsar este mercado.<\/p>\n<p>&nbsp;<\/p>\n<p><strong>Flexibilizar m\u00e1s el alquiler<\/strong><\/p>\n<p>\u00abEstamos actualmente en fase de an\u00e1lisis y evaluaci\u00f3n de (este texto) para determinar si es preciso flexibilizar a\u00fan m\u00e1s la legislaci\u00f3n\u00bb, revel\u00f3 Temboury, quien concret\u00f3 que dicha flexibilidad vendr\u00eda por el lado de dar mayor seguridad a los propietarios de los pisos <a title=\"Soluciones para afrontar el impago del alquiler\" href=\"https:\/\/www.fotocasa.es\/fotocasa-life\/alquiler\/soluciones-para-afrontar-el-impago-del-alquiler\/\"><strong>en caso de impagos<\/strong><\/a>.<\/p>\n<p>El subsecretario de Econom\u00eda considera que Espa\u00f1a \u00abtiene que seguir profundizando en flexibilizar el alquiler\u00bb con el fin de fomentar el aumento de la demograf\u00eda, y por ende la sostenibilidad del sistema, y promover la <a title=\"La raz\u00f3n principal por la que los espa\u00f1oles cambian de vivienda de alquiler es el trabajo\" href=\"https:\/\/www.fotocasa.es\/fotocasa-life\/alquiler\/la-razon-principal-por-la-que-los-espanoles-cambian-de-vivienda-de-alquiler-es-el-trabajo\/\"><strong>movilidad de los ciudadanos<\/strong><\/a>.<\/p>\n<p>En su opini\u00f3n, la legislaci\u00f3n tradicionalmente \u00abcondenaba\u00bb a los ciudadanos a \u00abvivir donde ten\u00edan la hipoteca\u00bb y, por ello, \u00abhay que seguir avanzado en flexibilizar el alquiler\u00bb. \u00abPara que los j\u00f3venes se independicen y aumente la demograf\u00eda es preciso un paquete de viviendas peque\u00f1as y baratas\u00bb, subray\u00f3.<\/p>\n<p>&nbsp;<\/p>\n","protected":false},"excerpt":{"rendered":"<p>El Estado ha ingresado 280 millones de euros con la venta de los edificios p\u00fablicos que ha realizado hasta ahora, que suponen un 10% de los alrededor de 15.000 activos que prev\u00e9 enajenar en el marco del plan de racionalizaci\u00f3n de la Administraci\u00f3n P\u00fablica. En virtud de este programa, el Estado acumula adem\u00e1s un ahorro&#8230;<\/p>\n","protected":false},"author":3,"featured_media":2448,"comment_status":"open","ping_status":"open","sticky":false,"template":"","format":"standard","meta":{"_lmt_disableupdate":"no","_lmt_disable":"","footnotes":""},"categories":[3],"tags":[376,911,1036,712],"class_list":["post-4059","post","type-post","status-publish","format-standard","has-post-thumbnail","hentry","category-compraventa","tag-administraciones-publicas","tag-agentes-inmobiliarios","tag-asociacion-consultoras-inmobiliarias","tag-ministerio-de-economia"],"modified_by":"Agustina Battioli","_links":{"self":[{"href":"https:\/\/www.fotocasa.es\/fotocasa-life\/wp-json\/wp\/v2\/posts\/4059","targetHints":{"allow":["GET"]}}],"collection":[{"href":"https:\/\/www.fotocasa.es\/fotocasa-life\/wp-json\/wp\/v2\/posts"}],"about":[{"href":"https:\/\/www.fotocasa.es\/fotocasa-life\/wp-json\/wp\/v2\/types\/post"}],"author":[{"embeddable":true,"href":"https:\/\/www.fotocasa.es\/fotocasa-life\/wp-json\/wp\/v2\/users\/3"}],"replies":[{"embeddable":true,"href":"https:\/\/www.fotocasa.es\/fotocasa-life\/wp-json\/wp\/v2\/comments?post=4059"}],"version-history":[{"count":0,"href":"https:\/\/www.fotocasa.es\/fotocasa-life\/wp-json\/wp\/v2\/posts\/4059\/revisions"}],"wp:featuredmedia":[{"embeddable":true,"href":"https:\/\/www.fotocasa.es\/fotocasa-life\/wp-json\/wp\/v2\/media\/2448"}],"wp:attachment":[{"href":"https:\/\/www.fotocasa.es\/fotocasa-life\/wp-json\/wp\/v2\/media?parent=4059"}],"wp:term":[{"taxonomy":"category","embeddable":true,"href":"https:\/\/www.fotocasa.es\/fotocasa-life\/wp-json\/wp\/v2\/categories?post=4059"},{"taxonomy":"post_tag","embeddable":true,"href":"https:\/\/www.fotocasa.es\/fotocasa-life\/wp-json\/wp\/v2\/tags?post=4059"}],"curies":[{"name":"wp","href":"https:\/\/api.w.org\/{rel}","templated":true}]}}